{"id":76929,"date":"2026-05-01T04:51:10","date_gmt":"2026-05-01T04:51:10","guid":{"rendered":"https:\/\/bihavadis.com\/?p=76929"},"modified":"2026-05-01T04:51:10","modified_gmt":"2026-05-01T04:51:10","slug":"baskan-tugay-cocuklara-verdigi-sozu-tuttu-fidanlar-toprakla-bulustu","status":"publish","type":"post","link":"https:\/\/bihavadis.com\/index.php\/2026\/05\/01\/baskan-tugay-cocuklara-verdigi-sozu-tuttu-fidanlar-toprakla-bulustu\/","title":{"rendered":"Ba\u015fkan Tugay \u00e7ocuklara verdi\u011fi s\u00f6z\u00fc tuttu, fidanlar toprakla bulu\u015ftu"},"content":{"rendered":"<p>\u0130zmir B\u00fcy\u00fck\u015fehir Belediyesi \u00c7ocuk Meclisi taraf\u0131ndan al\u0131nan karar do\u011frultusunda Evka-3 \u015eeytan Deresi a\u011fa\u00e7land\u0131r\u0131ld\u0131.\u00a0 400 fidan\u0131n toprakla bulu\u015ftu\u011fu a\u011fa\u00e7land\u0131rma etkinli\u011fine kat\u0131lan \u0130zmir B\u00fcy\u00fck\u015fehir Belediye Ba\u015fkan\u0131 Dr. Cemil Tugay, \u00e7ocuklarla birlikte fidan dikerek \u015fehrin ye\u015fil gelece\u011fine dikkat \u00e7ekti ve do\u011fa sevgisi a\u015f\u0131lad\u0131.<\/p>\n<p>\u0130zmir B\u00fcy\u00fck\u015fehir Belediyesi \u00c7ocuk Meclisi a\u00e7\u0131l\u0131\u015f toplant\u0131s\u0131nda \u0130zmir B\u00fcy\u00fck\u015fehir Belediye Ba\u015fkan\u0131 Dr. Cemil Tugay\u2019dan a\u011fa\u00e7land\u0131rma talebinde bulundu. Meclisin Do\u011fa ve Ekoloji Komisyonu \u00fcyeleri, EVKA-3 \u015eeytan Deresi mevkiinde fidan dikme karar\u0131 ald\u0131. Ba\u015fkan Tugay, etkinli\u011fe kat\u0131larak \u00e7ocuklara verdi\u011fi s\u00f6z\u00fc yerine getirdi ve onlarla birlikte 400 fidan\u0131 toprakla bulu\u015fturdu. Programa, \u00c7ocuk Meclisi \u00fcyeleri, \u00c7ocuk Merkezlerinden hizmet alan \u00e7ocuklar ve aileleri kat\u0131ld\u0131. 4 ya\u015f\u0131ndaki Sena Ercan\u2019la birlikte fidan dikip sulayan Ba\u015fkan Tugay, \u00e7ocuklarla hat\u0131ra foto\u011fraf\u0131 da \u00e7ektirdi.<\/p>\n<p><strong>\u201c\u015eehrimiz ne kadar ye\u015fil olursa o kadar g\u00fczel olur\u201d<\/strong><\/p>\n<p>Fidan dikim etkinli\u011finde \u00e7ocuklara hitap eden Ba\u015fkan Tugay, \u201c\u00c7ok g\u00fczel ve mutlu g\u00f6r\u00fcn\u00fcyorsunuz. \u00c7ocuk Meclisi olarak a\u011fa\u00e7 dikme karar\u0131 alm\u0131\u015fs\u0131n\u0131z ve bu alanda sizlerin kat\u0131l\u0131m\u0131yla fidanlar\u0131 dikece\u011fiz. \u015eehrimizde ne kadar \u00e7ok a\u011fa\u00e7 olursa, o kadar ye\u015fil ve sa\u011fl\u0131kl\u0131 bir kent olur. A\u011fa\u00e7lar oksijen \u00fcretir, do\u011fal ya\u015fam\u0131n devam\u0131na katk\u0131 sa\u011flar. Bir \u015fehirde ne kadar \u00e7ok a\u011fa\u00e7 varsa havas\u0131 da o kadar temiz olur. Biz insanlar do\u011fan\u0131n bir par\u00e7as\u0131y\u0131z ve do\u011fayla birlikte oldu\u011fumuzda her \u015fey tamamlan\u0131r. A\u011fa\u00e7lar\u0131 ve hayvanlar\u0131 yok etmeden, onlar\u0131 koruyarak do\u011fal ya\u015fam i\u00e7inde geli\u015fmelerini sa\u011flamal\u0131y\u0131z. Do\u011fay\u0131 yok ederek iyi bir noktaya ula\u015famay\u0131z. Her canl\u0131 \u00e7ok de\u011ferlidir\u201d dedi.<\/p>\n<p><strong>\u201cSizinle birlikte b\u00fcy\u00fcyecekler\u201d<\/strong><\/p>\n<p>Fidanlar\u0131 \u00e7ocuklara benzeten Ba\u015fkan Tugay, \u201cFidanlar, a\u011fa\u00e7lar\u0131n \u00e7ocuklar\u0131d\u0131r. Bu nedenle en g\u00fczel birliktelik, siz \u00e7ocuklarla fidanlar\u0131n bir araya gelmesidir. Siz b\u00fcy\u00fcrken, bu fidanlar da sizinle birlikte b\u00fcy\u00fcyecek; hayat\u0131n\u0131z boyunca onlarla dost olacaks\u0131n\u0131z. Sizin gibi ak\u0131ll\u0131 ve de\u011ferli \u00e7ocuklar\u0131m\u0131zla gurur duyuyoruz ve inan\u0131yoruz ki sizler b\u00fcy\u00fcd\u00fc\u011f\u00fcn\u00fczde bug\u00fcnk\u00fcnden \u00e7ok daha g\u00fczel bir d\u00fcnya kuracaks\u0131n\u0131z. D\u00fcnyay\u0131 koruyaca\u011f\u0131n\u0131za ve daha da geli\u015ftirece\u011finize hi\u00e7 \u015f\u00fcphem yok. Bu karar\u0131 alan t\u00fcm \u00c7ocuk Meclisi \u00fcyelerine ve etkinli\u011fe kat\u0131lan \u00e7ocuklara te\u015fekk\u00fcr ediyor, hepinizi alk\u0131\u015fl\u0131yorum\u201d dedi.<\/p>\n<p>\u00a0<\/p>\n<p>\u00a0<\/p>\n<p>Kaynak: (BYZHA) Beyaz Haber Ajans\u0131<\/p>\n","protected":false},"excerpt":{"rendered":"<p>\u0130zmir B\u00fcy\u00fck\u015fehir Belediyesi \u00c7ocuk Meclisi taraf\u0131ndan al\u0131nan karar do\u011frultusunda Evka-3 \u015eeytan Deresi a\u011fa\u00e7land\u0131r\u0131ld\u0131.<\/p>\n","protected":false},"author":1,"featured_media":76930,"comment_status":"open","ping_status":"open","sticky":false,"template":"","format":"standard","meta":{"footnotes":""},"categories":[4],"tags":[1309,1140,242,1438,1390],"class_list":["post-76929","post","type-post","status-publish","format-standard","has-post-thumbnail","hentry","category-gundem","tag-agac","tag-birlikte","tag-cocuk","tag-doga","tag-fidan"],"_links":{"self":[{"href":"https:\/\/bihavadis.com\/index.php\/wp-json\/wp\/v2\/posts\/76929","targetHints":{"allow":["GET"]}}],"collection":[{"href":"https:\/\/bihavadis.com\/index.php\/wp-json\/wp\/v2\/posts"}],"about":[{"href":"https:\/\/bihavadis.com\/index.php\/wp-json\/wp\/v2\/types\/post"}],"author":[{"embeddable":true,"href":"https:\/\/bihavadis.com\/index.php\/wp-json\/wp\/v2\/users\/1"}],"replies":[{"embeddable":true,"href":"https:\/\/bihavadis.com\/index.php\/wp-json\/wp\/v2\/comments?post=76929"}],"version-history":[{"count":1,"href":"https:\/\/bihavadis.com\/index.php\/wp-json\/wp\/v2\/posts\/76929\/revisions"}],"predecessor-version":[{"id":76931,"href":"https:\/\/bihavadis.com\/index.php\/wp-json\/wp\/v2\/posts\/76929\/revisions\/76931"}],"wp:featuredmedia":[{"embeddable":true,"href":"https:\/\/bihavadis.com\/index.php\/wp-json\/wp\/v2\/media\/76930"}],"wp:attachment":[{"href":"https:\/\/bihavadis.com\/index.php\/wp-json\/wp\/v2\/media?parent=76929"}],"wp:term":[{"taxonomy":"category","embeddable":true,"href":"https:\/\/bihavadis.com\/index.php\/wp-json\/wp\/v2\/categories?post=76929"},{"taxonomy":"post_tag","embeddable":true,"href":"https:\/\/bihavadis.com\/index.php\/wp-json\/wp\/v2\/tags?post=76929"}],"curies":[{"name":"wp","href":"https:\/\/api.w.org\/{rel}","templated":true}]}}