{"id":76945,"date":"2026-05-01T05:06:12","date_gmt":"2026-05-01T05:06:12","guid":{"rendered":"https:\/\/bihavadis.com\/?p=76945"},"modified":"2026-05-01T05:06:12","modified_gmt":"2026-05-01T05:06:12","slug":"izmirde-romanlar-icin-ortak-akil-bulusmasi","status":"publish","type":"post","link":"https:\/\/bihavadis.com\/index.php\/2026\/05\/01\/izmirde-romanlar-icin-ortak-akil-bulusmasi\/","title":{"rendered":"\u0130zmir&#8217;de Romanlar i\u00e7in ortak ak\u0131l bulu\u015fmas\u0131"},"content":{"rendered":"<p>\u0130zmir B\u00fcy\u00fck\u015fehir Belediye Ba\u015fkan\u0131 Dr. Cemil Tugay, Roman Yurtta\u015f Meclisi\u2019nin ikinci toplant\u0131s\u0131nda konu\u015ftu. Yeni kurulan meclisin \u00f6nemine de\u011finen Ba\u015fkan Tugay, \u201cHerkesin sesini duyal\u0131m istiyorum. Bu \u015fekilde \u00e7al\u0131\u015f\u0131rsak 10 y\u0131l i\u00e7inde \u0130zmir\u2019de Roman toplumunun ya\u015fad\u0131\u011f\u0131 hi\u00e7bir sorun kalmaz\u201d diye konu\u015ftu.<\/p>\n<p>\u0130zmir B\u00fcy\u00fck\u015fehir Belediyesi\u2019nin kurdu\u011fu Roman Yurtta\u015f Meclisi\u2019nin ikinci toplant\u0131s\u0131 yap\u0131ld\u0131. Roman yurtta\u015flar\u0131n yerel y\u00f6netim s\u00fcre\u00e7lerine kat\u0131l\u0131m\u0131n\u0131 g\u00fc\u00e7lendirmek amac\u0131yla d\u00fczenlenen meclis oturumu Dr. Cemil Tugay\u2019\u0131n ev sahipli\u011finde ger\u00e7ekle\u015ftirildi. Sosyal Hizmetler Dairesi Ba\u015fkanl\u0131\u011f\u0131\u2019na ba\u011fl\u0131 Kentsel Adalet ve E\u015fitlik \u015eube M\u00fcd\u00fcrl\u00fc\u011f\u00fc taraf\u0131ndan y\u00fcr\u00fct\u00fclen Roman \u00e7al\u0131\u015fmalar\u0131 kapsam\u0131nda yap\u0131lan ve K\u00fclt\u00fcrpark\u2019ta \u00c7etin Eme\u00e7 Toplant\u0131 Salonu\u2019ndaki bulu\u015fmaya, \u0130zmir B\u00fcy\u00fck\u015fehir Belediyesi Genel Sekreter Yard\u0131mc\u0131s\u0131 Prof. Dr. P\u0131nar Okyay, Sosyal Hizmetler Dairesi Ba\u015fkan\u0131 Ela H\u0131zl\u0131 ve K\u00fclt\u00fcr, Sanat ve Sosyal \u0130\u015fler Dairesi Ba\u015fkan\u0131 Yener Ceylan da kat\u0131ld\u0131. Roman yurtta\u015flar\u0131 temsil eden dernek ve sivil toplum kurulu\u015flar\u0131n\u0131n temsilcileri ile mahalle muhtarlar\u0131n\u0131n yer ald\u0131\u011f\u0131 bulu\u015fmada, Roman yurtta\u015flar\u0131n kent ya\u015fam\u0131na daha etkin kat\u0131l\u0131m\u0131, ya\u015fad\u0131klar\u0131 sorunlar ve \u00e7\u00f6z\u00fcm \u00f6nerileri \u00fczerine g\u00f6r\u00fc\u015f al\u0131\u015fveri\u015finde bulunuldu.<\/p>\n<p><strong>\u201cBir ki\u015fi bile kalsa Romanlar\u0131n maruz kald\u0131\u011f\u0131 s\u0131k\u0131nt\u0131yla m\u00fccadele edece\u011fim\u201d<\/strong><\/p>\n<p>\u0130zmir B\u00fcy\u00fck\u015fehir Belediye Ba\u015fkan\u0131 Dr. Cemil Tugay, \u201cBiz Roman toplumuna \u00f6zg\u00fc sorunlar\u0131 \u00e7\u00f6zelim diye bir araday\u0131z. Bu, g\u00f6n\u00fcll\u00fc bir \u00e7al\u0131\u015fmad\u0131r. Burada bir tane insan bile kalsa o benim i\u00e7in \u00f6nemlidir. Ben o ki\u015fiyle Romanlar\u0131n b\u00fct\u00fcn\u00fcn\u00fcn maruz kald\u0131\u011f\u0131 her t\u00fcrl\u00fc s\u0131k\u0131nt\u0131yla ilgili m\u00fccadele ederim. Ben herkesi dinlemek, herkesin sesini duymak istiyorum. Benim amac\u0131m, herkes herkesi duysun. \u00c7i\u00e7ek\u00e7inin, m\u00fczisyenin sorununu da duyacaks\u0131n\u0131z, kentsel d\u00f6n\u00fc\u015f\u00fcm ihtiyac\u0131 olan\u0131n da\u2026 Roman Yurtta\u015f Meclisi, Romanlar\u0131n her anlamda temsilcilerinin bir arada oldu\u011fu ve sorunlar\u0131n bir arada konu\u015fuldu\u011fu ortamd\u0131r\u201d dedi.<\/p>\n<p><strong>Kapsay\u0131c\u0131 \u00e7\u00f6z\u00fcmlere dikkat \u00e7ekti<\/strong><\/p>\n<p>Ba\u015fkan Dr. Cemil Tugay, Roman yurtta\u015flar\u0131n en \u00f6nemli sorunlar\u0131ndan birinin istihdam oldu\u011funu belirterek bar\u0131nma, sa\u011fl\u0131k, e\u011fitim, ya\u015fam alanlar\u0131n\u0131n iyile\u015ftirilmesi ve Roman k\u00fclt\u00fcr\u00fcn\u00fcn korunmas\u0131 i\u00e7in \u00e7al\u0131\u015fmalar yap\u0131laca\u011f\u0131n\u0131 s\u00f6yledi. Tugay, bu s\u00fcre\u00e7te kararlar\u0131n Roman toplumuyla birlikte al\u0131nmas\u0131n\u0131n \u00f6nemine dikkat \u00e7ekerek, Roman Yurtta\u015f Meclisi\u2019nin ortak kararlarla belediyeye yol g\u00f6stermesini ve herkes i\u00e7in kapsay\u0131c\u0131 \u00e7\u00f6z\u00fcmler \u00fcretilmesini hedeflediklerini ifade etti.<\/p>\n<p><strong>\u201cYerel kalk\u0131nma \u00e7al\u0131\u015fmas\u0131 yapal\u0131m\u201d<\/strong><\/p>\n<p>Her partiden ve siyasi ideolojiden vatanda\u015f\u0131n ayr\u0131ms\u0131z bir \u015fekilde mecliste yer almas\u0131na da de\u011finen Ba\u015fkan Tugay, \u201cKonu siyaset de\u011fil. \u0130zmir\u2019de do\u011fru d\u00fczg\u00fcn bir \u015fekilde yerel kalk\u0131nma \u00e7al\u0131\u015fmas\u0131 yapal\u0131m. \u00c7\u00f6z\u00fcm odakl\u0131 olsun. Ge\u00e7en toplant\u0131da okullardan s\u00f6z ettiniz, listeyi \u00e7\u0131kard\u0131k. \u00d6n\u00fcm\u00fczdeki haftadan itibaren yemek da\u011f\u0131t\u0131lacak, okullar\u0131n tamirat, tadilat\u0131yla ilgili \u00e7al\u0131\u015f\u0131lacak. \u0130stihdam konusunda kafa yoraca\u011f\u0131z. Hangi alanlarda ihtiyac\u0131m\u0131z varsa meslek e\u011fitimleri vererek arkada\u015flar\u0131m\u0131z\u0131 haz\u0131rlayaca\u011f\u0131z. Anne babas\u0131 cezaevinde olan \u00e7ocuklarla ilgili sosyal destek \u00e7al\u0131\u015fmas\u0131 yapmam\u0131z gerekiyor. Roman \u00e7ocuklar, gen\u00e7ler okumak, kendini geli\u015ftirmek, kariyer yapmak istedi\u011finde onlar\u0131n yan\u0131nda yer alacak m\u0131y\u0131z, almayacak m\u0131y\u0131z? Buna karar vermemiz laz\u0131m. Neticede \u00e7ocuklara \u00f6zel programlarla destek olmam\u0131z laz\u0131m\u201d ifadelerini kulland\u0131.<\/p>\n<p><strong>\u201cBu s\u00fcre\u00e7 birka\u00e7 y\u0131l de\u011fil, on y\u0131l s\u00fcrecek\u201d<\/strong><\/p>\n<p>Ba\u015fkan Tugay, Roman yurtta\u015flar\u0131n sa\u011fl\u0131k, bar\u0131nma ve ya\u015fam alanlar\u0131 konular\u0131nda sorunlar\u0131n\u0131n ortalamadan daha fazla oldu\u011funu belirtti. Kanser, kad\u0131n sa\u011fl\u0131\u011f\u0131 ve madde ba\u011f\u0131ml\u0131l\u0131\u011f\u0131 gibi konularda tarama ve destek programlar\u0131 yap\u0131labilece\u011fini, mahallelerde \u00f6zel merkezler kurulabilece\u011fini s\u00f6yledi. Tugay, mahallelerin iyile\u015ftirilmesi ve yeni ya\u015fam alanlar\u0131n\u0131n olu\u015fturulmas\u0131n\u0131n \u00f6nemine de\u011finerek, Romanlar\u0131n k\u00fclt\u00fcr\u00fcn\u00fc ya\u015fayabilece\u011fi sa\u011fl\u0131kl\u0131 alanlar olu\u015fturmay\u0131 hedeflediklerini ifade etti.<\/p>\n<p>Roman toplumunun zek\u00e2s\u0131, becerisi ve ne\u015fesiyle \u00e7ok \u00f6zel bir yap\u0131ya sahip oldu\u011funu vurgulayan Tugay, \u00f6ncelikli sorunlar\u0131n belirlenmesi, ortak karar al\u0131nmas\u0131 ve uzun vadeli \u00e7\u00f6z\u00fcmler \u00fcretilmesi gerekti\u011fini belirtti. Tugay, \u201cBu s\u00fcre\u00e7 birka\u00e7 y\u0131l de\u011fil, on y\u0131l s\u00fcrecek. \u00d6n\u00fcm\u00fczdeki sene mevcut durumdan daha iyiysek do\u011fru yolday\u0131z. Bu \u015fekilde \u00e7al\u0131\u015f\u0131rsak 10 y\u0131l i\u00e7inde \u0130zmir\u2019de Roman toplumunun ya\u015fad\u0131\u011f\u0131 hi\u00e7bir sorun kalmaz. Buna l\u00fctfen inan\u0131n. Sadece do\u011fru \u015feyler yapmam\u0131z laz\u0131m. En \u00f6nemlisi de kimseyi d\u0131\u015far\u0131da b\u0131rakmam\u0131z laz\u0131m\u201d ifadelerini kulland\u0131.<\/p>\n<p>\u00a0<\/p>\n<p>\u00a0<\/p>\n<p>Kaynak: (BYZHA) Beyaz Haber Ajans\u0131<\/p>\n","protected":false},"excerpt":{"rendered":"<p>\u0130zmir B\u00fcy\u00fck\u015fehir Belediye Ba\u015fkan\u0131 Dr. Cemil Tugay, Roman Yurtta\u015f Meclisi\u2019nin ikinci toplant\u0131s\u0131nda konu\u015ftu.<\/p>\n","protected":false},"author":1,"featured_media":76946,"comment_status":"open","ping_status":"open","sticky":false,"template":"","format":"standard","meta":{"footnotes":""},"categories":[4],"tags":[516,397,4010,1805,1782],"class_list":["post-76945","post","type-post","status-publish","format-standard","has-post-thumbnail","hentry","category-gundem","tag-baskan","tag-meclis","tag-roman","tag-sorun","tag-tugay"],"_links":{"self":[{"href":"https:\/\/bihavadis.com\/index.php\/wp-json\/wp\/v2\/posts\/76945","targetHints":{"allow":["GET"]}}],"collection":[{"href":"https:\/\/bihavadis.com\/index.php\/wp-json\/wp\/v2\/posts"}],"about":[{"href":"https:\/\/bihavadis.com\/index.php\/wp-json\/wp\/v2\/types\/post"}],"author":[{"embeddable":true,"href":"https:\/\/bihavadis.com\/index.php\/wp-json\/wp\/v2\/users\/1"}],"replies":[{"embeddable":true,"href":"https:\/\/bihavadis.com\/index.php\/wp-json\/wp\/v2\/comments?post=76945"}],"version-history":[{"count":1,"href":"https:\/\/bihavadis.com\/index.php\/wp-json\/wp\/v2\/posts\/76945\/revisions"}],"predecessor-version":[{"id":76947,"href":"https:\/\/bihavadis.com\/index.php\/wp-json\/wp\/v2\/posts\/76945\/revisions\/76947"}],"wp:featuredmedia":[{"embeddable":true,"href":"https:\/\/bihavadis.com\/index.php\/wp-json\/wp\/v2\/media\/76946"}],"wp:attachment":[{"href":"https:\/\/bihavadis.com\/index.php\/wp-json\/wp\/v2\/media?parent=76945"}],"wp:term":[{"taxonomy":"category","embeddable":true,"href":"https:\/\/bihavadis.com\/index.php\/wp-json\/wp\/v2\/categories?post=76945"},{"taxonomy":"post_tag","embeddable":true,"href":"https:\/\/bihavadis.com\/index.php\/wp-json\/wp\/v2\/tags?post=76945"}],"curies":[{"name":"wp","href":"https:\/\/api.w.org\/{rel}","templated":true}]}}