{"id":76948,"date":"2026-05-01T05:09:14","date_gmt":"2026-05-01T05:09:14","guid":{"rendered":"https:\/\/bihavadis.com\/?p=76948"},"modified":"2026-05-01T05:09:14","modified_gmt":"2026-05-01T05:09:14","slug":"ergin-ataman-tarik-biberovic-bir-turk-cocugu","status":"publish","type":"post","link":"https:\/\/bihavadis.com\/index.php\/2026\/05\/01\/ergin-ataman-tarik-biberovic-bir-turk-cocugu\/","title":{"rendered":"Ergin Ataman: Tar\u0131k Biberovic bir T\u00fcrk \u00e7ocu\u011fu"},"content":{"rendered":"<p>FIBA 2027 D\u00fcnya Kupas\u0131 Avrupa Elemeleri 1. Tur C Grubu 4. ma\u00e7\u0131nda A Milli Erkek Basketbol Tak\u0131m\u0131 yar\u0131n saat 21.00&#8217;de Basketbol Geli\u015fim Merkezi&#8217;nde S\u0131rbistan ile m\u00fccadele edecek.<\/p>\n<p>Haz\u0131rl\u0131klar\u0131n\u0131 s\u00fcrd\u00fcren millilerde Ba\u015fantren\u00f6r Ergin Ataman, bas\u0131n mensuplar\u0131na a\u00e7\u0131klamalarda bulundu.<\/p>\n<p><strong>&#8220;SIRB\u0130STAN MA\u00c7I \u00c7OK \u00d6NEML\u0130&#8221;<\/strong><\/p>\n<p>Saha avantaj\u0131n\u0131 kullanmak istediklerini belirten Ataman, <em><b>&#8220;Yar\u0131nki S\u0131rbistan ma\u00e7\u0131 \u00e7ok \u00f6nemli. Belgrad&#8217;daki ma\u00e7\u0131 kazand\u0131k. Kar\u015f\u0131la\u015fman\u0131n b\u00fcy\u00fck bir b\u00f6l\u00fcm\u00fcnde de \u00e7ok iyi oynad\u0131k. Son periyotta ise S\u0131rbistan, sonuna kadar direndi. Son 1 dakikada ma\u00e7\u0131 kazand\u0131k. Saha avantaj\u0131n\u0131 kullanmak istiyoruz. \u00d6nceki i\u00e7 saha ma\u00e7lar\u0131nda oldu\u011fu gibi co\u015fkulu ve agresif bir savunma ile taraftar deste\u011fi ile kar\u015f\u0131la\u015fmay\u0131 kazanmak istiyoruz. S\u0131rbistan i\u00e7in de \u00f6nemli bir ma\u00e7. \u00dcst \u00fcste 2 ma\u011flubiyet, onlar i\u00e7in durumu kritik hale getirir. Haz\u0131rl\u0131\u011f\u0131m\u0131z yapt\u0131k. \u00c7ok fazla teknik ve taktiksel \u00e7al\u0131\u015fma yapacak f\u0131rsat\u0131m\u0131z olmad\u0131. Elimizde kadroyu en iyi \u015fekilde kullanarak, nama\u011flup serimize devam etmek istiyoruz&#8221; <\/b><\/em>\u015feklinde konu\u015ftu.<\/p>\n<p><img decoding=\"async\" src=\"https:\/\/bihavadis.com\/wp-content\/uploads\/2026\/05\/ergin-ataman-tarik-biberovic-bir-turk-cocugu-0-Sljx6Xf7.jpg\"\/><\/p>\n<p><strong>&#8220;\u00dcST GRUBA \u00c7IKMAK \u00d6NEML\u0130&#8221;<\/strong><\/p>\n<p>Ergin Ataman, S\u0131rbistan kar\u015f\u0131la\u015fmas\u0131n\u0131n zor olaca\u011f\u0131na dikkat \u00e7ekerek \u015funlar\u0131 s\u00f6yledi:<\/p>\n<p>\u0130lk ma\u00e7\u0131 kazanmam\u0131z, bizi biraz rahatlatt\u0131. Bunun anlaml\u0131 hale gelmesi i\u00e7in yar\u0131n da kazanmam\u0131z laz\u0131m. Bu grubu lider bitirip bir \u00fcst gruba \u00e7\u0131kmak \u00f6nemli. Bu puanlar\u0131 ta\u015f\u0131yarak \u00fcst gruba \u00e7\u0131kmak istiyoruz. Zor bir ma\u00e7 bizi bekliyor. \u0130lk ma\u00e7ta oynamayan oyuncular vard\u0131. Onlar\u0131n oynamas\u0131n\u0131 bekliyoruz. \u00d6zellikle Aleksa Avramovic, S\u0131rbistan&#8217;\u0131n en iyi oyun kurucular\u0131ndan bir tanesi. \u00c7ok iyi konsantre olmam\u0131z laz\u0131m. Belgrad&#8217;daki ma\u00e7\u0131 unutup, yar\u0131na odaklanmam\u0131z laz\u0131m. S\u0131rbistan, olu\u015fturdu\u011fu atmosferle \u00e7ok net kazanaca\u011f\u0131m\u0131z ma\u00e7\u0131 elimizden al\u0131yordu. \u00dcst\u00fcnl\u00fc\u011f\u00fcm\u00fcz\u00fc sahaya yans\u0131tmal\u0131y\u0131z. Kar\u015f\u0131m\u0131zda iyi bir ko\u00e7 ve kaliteli oyuncular var. S\u0131rbistan&#8217;\u0131n en iyi kadrosuyla oynamayaca\u011f\u0131z. Bu, bizim de en iyi kadromuz de\u011fil. En iyi kadromuzda Avrupa \u015eampiyonas\u0131&#8217;nda onlar\u0131 yenmi\u015ftik. Kendimize g\u00fcveniyoruz. Sert bir ma\u00e7, bizi bekliyor.<\/p>\n<p><strong>&#8220;KEND\u0130S\u0130 B\u0130R T\u00dcRK \u00c7OCU\u011eU&#8221;<\/strong><\/p>\n<p>Tar\u0131k Biberovic&#8217;in tak\u0131ma iyi katk\u0131 verdi\u011fine de\u011finen Ergin Ataman, <em><b>&#8220;Tar\u0131k, Fenerbah\u00e7e&#8217;de g\u00f6sterdi\u011fi Avrupa Ligi performans\u0131yla en iyi oyunculardan biri oldu. Hafif bir sakatl\u0131\u011f\u0131 vard\u0131. Malachi Flynn&#8217;\u0131 da tak\u0131ma adapte etmek istiyoruz. Tar\u0131k&#8217;\u0131n bir s\u00fcre sonra T\u00fcrk olarak oynamas\u0131n\u0131 bekliyoruz. Federasyonun \u00e7abalar\u0131 var. Tar\u0131k&#8217;\u0131 T\u00fcrk yapabilirsek, Flynn&#8217;\u0131n dev\u015firme hakk\u0131n\u0131 kullanaca\u011f\u0131z. Bu y\u00fczden Flynn&#8217;i de kadroya davet ettik. Tar\u0131k, b\u00fcy\u00fck bir fedakarl\u0131kla Belgrad&#8217;da oynad\u0131. \u0130yi de oynad\u0131. Ma\u00e7tan sonra sakatl\u0131\u011f\u0131 vard\u0131. Ben kendisi ile konu\u015ftum. B\u00fcy\u00fck bir \u00f6zveri ile yar\u0131n oynayabilece\u011fini s\u00f6yledi. Kendisi uzun y\u0131llard\u0131r T\u00fcrkiye&#8217;de oynuyor. Ligde de T\u00fcrk stat\u00fcs\u00fcnde oynuyor. Hepimiz kadar kendisi bir T\u00fcrk \u00e7ocu\u011fu. Tak\u0131m\u0131 da yaln\u0131z b\u0131rakmad\u0131. Fenerbah\u00e7e de bu konuda iyi niyet g\u00f6sterdi. \u015eimdiki Fenerbah\u00e7e y\u00f6netimine te\u015fekk\u00fcr ediyorum. Milli tak\u0131m hepimizin. Bu tak\u0131m\u0131 D\u00fcnya Kupas\u0131&#8217;na ta\u015f\u0131mak, en b\u00fcy\u00fck hedefimiz&#8221;<\/b><\/em> diye konu\u015ftu.<\/p>\n<p><img decoding=\"async\" src=\"https:\/\/bihavadis.com\/wp-content\/uploads\/2026\/05\/ergin-ataman-tarik-biberovic-bir-turk-cocugu-1-w3J2gSkY.jpg\"\/> <\/p>\n<div> <span><strong>Kaynak:<\/strong> \u0130hlas Haber Ajans\u0131 (\u0130HA)<\/span> <\/div>\n","protected":false},"excerpt":{"rendered":"<p>FIBA 2027 D\u00fcnya Kupas\u0131 Avrupa Elemeleri 1. Tur C Grubu 4. ma\u00e7\u0131nda A Milli Erkek Basketbol Tak\u0131m\u0131 yar\u0131n saat 21.00&#8217;de Basketbol Geli\u015fim Merkezi&#8217;nde S\u0131rbistan ile m\u00fccadele edecek. Haz\u0131rl\u0131klar\u0131n\u0131 s\u00fcrd\u00fcren millilerde Ba\u015fantren\u00f6r Ergin Ataman, bas\u0131n &#8230;<\/p>\n","protected":false},"author":1,"featured_media":76949,"comment_status":"open","ping_status":"open","sticky":false,"template":"","format":"standard","meta":{"footnotes":""},"categories":[14],"tags":[3020,364,5562,366,517],"class_list":["post-76948","post","type-post","status-publish","format-standard","has-post-thumbnail","hentry","category-spor","tag-en-iyi","tag-mac","tag-sirbistan","tag-takim","tag-turk"],"_links":{"self":[{"href":"https:\/\/bihavadis.com\/index.php\/wp-json\/wp\/v2\/posts\/76948","targetHints":{"allow":["GET"]}}],"collection":[{"href":"https:\/\/bihavadis.com\/index.php\/wp-json\/wp\/v2\/posts"}],"about":[{"href":"https:\/\/bihavadis.com\/index.php\/wp-json\/wp\/v2\/types\/post"}],"author":[{"embeddable":true,"href":"https:\/\/bihavadis.com\/index.php\/wp-json\/wp\/v2\/users\/1"}],"replies":[{"embeddable":true,"href":"https:\/\/bihavadis.com\/index.php\/wp-json\/wp\/v2\/comments?post=76948"}],"version-history":[{"count":1,"href":"https:\/\/bihavadis.com\/index.php\/wp-json\/wp\/v2\/posts\/76948\/revisions"}],"predecessor-version":[{"id":76952,"href":"https:\/\/bihavadis.com\/index.php\/wp-json\/wp\/v2\/posts\/76948\/revisions\/76952"}],"wp:featuredmedia":[{"embeddable":true,"href":"https:\/\/bihavadis.com\/index.php\/wp-json\/wp\/v2\/media\/76949"}],"wp:attachment":[{"href":"https:\/\/bihavadis.com\/index.php\/wp-json\/wp\/v2\/media?parent=76948"}],"wp:term":[{"taxonomy":"category","embeddable":true,"href":"https:\/\/bihavadis.com\/index.php\/wp-json\/wp\/v2\/categories?post=76948"},{"taxonomy":"post_tag","embeddable":true,"href":"https:\/\/bihavadis.com\/index.php\/wp-json\/wp\/v2\/tags?post=76948"}],"curies":[{"name":"wp","href":"https:\/\/api.w.org\/{rel}","templated":true}]}}