{"id":76967,"date":"2026-05-01T05:24:09","date_gmt":"2026-05-01T05:24:09","guid":{"rendered":"https:\/\/bihavadis.com\/?p=76967"},"modified":"2026-05-01T05:24:09","modified_gmt":"2026-05-01T05:24:09","slug":"israilin-bati-seria-uygulamalari-kinandi","status":"publish","type":"post","link":"https:\/\/bihavadis.com\/index.php\/2026\/05\/01\/israilin-bati-seria-uygulamalari-kinandi\/","title":{"rendered":"\u0130srail&#8217;in Bat\u0131 \u015eeria Uygulamalar\u0131 K\u0131nand\u0131"},"content":{"rendered":"<p>\n<p>T\u00dcRK\u0130YE, M\u0131s\u0131r, Endonezya, \u00dcrd\u00fcn, Pakistan, Katar, Suudi Arabistan ve Birle\u015fik Arap Emirlikleri D\u0131\u015fi\u015fleri Bakanlar\u0131n\u0131n yapt\u0131\u011f\u0131 ortak a\u00e7\u0131klamada, \u0130srail&#8217;in i\u015fgal alt\u0131ndaki Bat\u0131 \u015eeria&#8217;daki uygulamalar\u0131 k\u0131nand\u0131.<\/p>\n<p> T\u00fcrkiye, M\u0131s\u0131r, Endonezya, \u00dcrd\u00fcn, Pakistan, Katar, Suudi Arabistan ve Birle\u015fik Arap Emirlikleri (BAE) D\u0131\u015fi\u015fleri Bakanlar\u0131 taraf\u0131ndan yap\u0131lan ortak a\u00e7\u0131klamada; \u0130srail&#8217;in b\u00f6lgedeki son ad\u0131mlar\u0131 &#8216;en g\u00fc\u00e7l\u00fc \u015fekilde&#8217; k\u0131nand\u0131. Bakanlar, \u0130srail&#8217;in i\u015fgal alt\u0131ndaki Bat\u0131 \u015eeria&#8217;da hukuka ayk\u0131r\u0131 \u0130srail egemenli\u011fi dayatmay\u0131, yerle\u015fim faaliyetlerini k\u00f6kle\u015ftirmeyi ve yeni bir hukuki ve idari ger\u00e7eklik olu\u015fturmay\u0131 ama\u00e7layan karar ve tedbirlerine tepki g\u00f6sterdi. Bu ad\u0131mlar\u0131n &#8216;Filistin halk\u0131n\u0131 tehcir etme ve yasa d\u0131\u015f\u0131 ilhak ad\u0131mlar\u0131n\u0131 h\u0131zland\u0131rmaya y\u00f6nelik&#8217; oldu\u011fu belirtilen a\u00e7\u0131klamada, bakanlar\u0131n \u0130srail&#8217;in i\u015fgal alt\u0131ndaki Filistin topraklar\u0131 \u00fczerinde hi\u00e7bir egemenli\u011finin bulunmad\u0131\u011f\u0131n\u0131 yeniden teyit ettikleri ifade edildi.<\/p>\n<p>A\u00e7\u0131klamada bakanlar, &#8220;\u0130srail h\u00fck\u00fcmeti taraf\u0131ndan i\u015fgal alt\u0131ndaki Bat\u0131 \u015eeria&#8217;da s\u00fcrd\u00fcr\u00fclen yay\u0131lmac\u0131 politikalar ve yasa d\u0131\u015f\u0131 tedbirlerin b\u00f6lgede \u015fiddeti ve \u00e7at\u0131\u015fmay\u0131 k\u00f6r\u00fckledi\u011fi&#8221; konusunda uyar\u0131da bulundu.<\/p>\n<p>&#8216;F\u0130L\u0130ST\u0130N HALKININ VAZGE\u00c7\u0130LMEZ HAKKINA SALDIRIDIR&#8217;<\/p>\n<p>\u0130srail&#8217;in eylemlerinin &#8216;uluslararas\u0131 hukukun aleni bir ihlalini te\u015fkil etti\u011fi&#8217; vurgulanan metinde, bu ad\u0131mlar\u0131n iki devletli \u00e7\u00f6z\u00fcm\u00fc baltalad\u0131\u011f\u0131 ve Filistin halk\u0131n\u0131n 4 Haziran 1967 s\u0131n\u0131rlar\u0131 temelinde ba\u015fkenti i\u015fgal alt\u0131ndaki Kud\u00fcs olan ba\u011f\u0131ms\u0131z ve egemen devlet kurma y\u00f6n\u00fcndeki vazge\u00e7ilmez hakk\u0131na y\u00f6nelik bir sald\u0131r\u0131 niteli\u011fi ta\u015f\u0131d\u0131\u011f\u0131 kaydedildi. Bakanlar, s\u00f6z konusu yasa d\u0131\u015f\u0131 eylemleri &#8216;kesin bir dille reddettiklerini&#8217; bildirdi.<\/p>\n<p>Bat\u0131 \u015eeria&#8217;daki bu yasa d\u0131\u015f\u0131 uygulamalar\u0131n &#8216;h\u00fck\u00fcms\u00fcz oldu\u011fu&#8217; vurgulanan a\u00e7\u0131klamada, bu uygulamalar\u0131n, \u00f6zellikle 1967&#8217;den bu yana Do\u011fu Kud\u00fcs dahil i\u015fgal edilen Filistin topraklar\u0131n\u0131n demografik yap\u0131s\u0131n\u0131, karakterini ve stat\u00fcs\u00fcn\u00fc de\u011fi\u015ftirmeyi ama\u00e7layan t\u00fcm \u0130srail uygulamalar\u0131n\u0131 k\u0131nayan 2334 say\u0131l\u0131 karar ba\u015fta olmak \u00fczere t\u00fcm BM G\u00fcvenlik Konseyi kararlar\u0131n\u0131n a\u00e7\u0131k bir ihlali oldu\u011fu belirtildi.<\/p>\n<p>Ayr\u0131ca bu durumun, \u0130srail&#8217;in i\u015fgal alt\u0131ndaki Filistin topraklar\u0131ndaki politikalar\u0131 ile uygulamalar\u0131n\u0131n ve devam eden mevcudiyetinin yasa d\u0131\u015f\u0131 oldu\u011funu tespit eden ve \u0130srail i\u015fgaline son verilmesinin gereklili\u011fini teyit eden Uluslararas\u0131 Adalet Divan\u0131&#8217;n\u0131n 2024 y\u0131l\u0131ndaki isti\u015fari g\u00f6r\u00fc\u015f\u00fcn\u00fcn de ihlali anlam\u0131na geldi\u011fi vurguland\u0131.<\/p>\n<p>ULUSLARARASI TOPLUMA \u0130SRA\u0130L&#8217;\u0130 ZORLAMA \u00c7A\u011eRISI<\/p>\n<p>D\u0131\u015fi\u015fleri bakanlar\u0131, uluslararas\u0131 topluma da \u00e7a\u011fr\u0131da bulundu. A\u00e7\u0131klamada, uluslararas\u0131 toplumun hukuki ve ahlaki sorumluluklar\u0131n\u0131 yerine getirmesi ve Bat\u0131 \u015eeria&#8217;daki tehlikeli t\u0131rmand\u0131rma ve yetkililerinin k\u0131\u015fk\u0131rt\u0131c\u0131 a\u00e7\u0131klamalar\u0131n\u0131 durdurmay\u0131 teminen \u0130srail&#8217;i zorlamas\u0131 talep edildi.<\/p>\n<p>A\u00e7\u0131klaman\u0131n sonunda \u015fu ifadelere yer verildi: <\/p>\n<p>&#8220;Uluslararas\u0131 me\u015fruiyet kararlar\u0131na dayanan ve Arap Bar\u0131\u015f Giri\u015fimi&#8217;ne uygun bir \u015fekilde iki devletli \u00e7\u00f6z\u00fcm temelinde Filistin halk\u0131n\u0131n kendi kaderini tayin ve devlet kurma y\u00f6n\u00fcndeki me\u015fru haklar\u0131n\u0131n, b\u00f6lgede g\u00fcvenlik ve istikrar\u0131 sa\u011flayacak adil ve kapsaml\u0131 bar\u0131\u015fa ula\u015fman\u0131n tek yolu olmaya devam etti\u011fi vurgulanm\u0131\u015ft\u0131r.&#8221;<\/p>\n","protected":false},"excerpt":{"rendered":"<p>T\u00fcrkiye ve di\u011fer \u00fclkelerin bakanlar\u0131, \u0130srail&#8217;in Bat\u0131 \u015eeria&#8217;daki eylemlerini k\u0131nad\u0131.<\/p>\n","protected":false},"author":1,"featured_media":76968,"comment_status":"open","ping_status":"open","sticky":false,"template":"","format":"standard","meta":{"footnotes":""},"categories":[6],"tags":[1318,414,792,839,975],"class_list":["post-76967","post","type-post","status-publish","format-standard","has-post-thumbnail","hentry","category-dunya","tag-aciklamada","tag-filistin","tag-israil","tag-israilin","tag-uluslararasi"],"_links":{"self":[{"href":"https:\/\/bihavadis.com\/index.php\/wp-json\/wp\/v2\/posts\/76967","targetHints":{"allow":["GET"]}}],"collection":[{"href":"https:\/\/bihavadis.com\/index.php\/wp-json\/wp\/v2\/posts"}],"about":[{"href":"https:\/\/bihavadis.com\/index.php\/wp-json\/wp\/v2\/types\/post"}],"author":[{"embeddable":true,"href":"https:\/\/bihavadis.com\/index.php\/wp-json\/wp\/v2\/users\/1"}],"replies":[{"embeddable":true,"href":"https:\/\/bihavadis.com\/index.php\/wp-json\/wp\/v2\/comments?post=76967"}],"version-history":[{"count":1,"href":"https:\/\/bihavadis.com\/index.php\/wp-json\/wp\/v2\/posts\/76967\/revisions"}],"predecessor-version":[{"id":76969,"href":"https:\/\/bihavadis.com\/index.php\/wp-json\/wp\/v2\/posts\/76967\/revisions\/76969"}],"wp:featuredmedia":[{"embeddable":true,"href":"https:\/\/bihavadis.com\/index.php\/wp-json\/wp\/v2\/media\/76968"}],"wp:attachment":[{"href":"https:\/\/bihavadis.com\/index.php\/wp-json\/wp\/v2\/media?parent=76967"}],"wp:term":[{"taxonomy":"category","embeddable":true,"href":"https:\/\/bihavadis.com\/index.php\/wp-json\/wp\/v2\/categories?post=76967"},{"taxonomy":"post_tag","embeddable":true,"href":"https:\/\/bihavadis.com\/index.php\/wp-json\/wp\/v2\/tags?post=76967"}],"curies":[{"name":"wp","href":"https:\/\/api.w.org\/{rel}","templated":true}]}}