{"id":77046,"date":"2026-05-01T06:45:14","date_gmt":"2026-05-01T06:45:14","guid":{"rendered":"https:\/\/bihavadis.com\/?p=77046"},"modified":"2026-05-01T06:45:14","modified_gmt":"2026-05-01T06:45:14","slug":"avrupanin-endiseyle-izliyoruz-mesajlari-sosyal-medyada-alay-konusu-oldu","status":"publish","type":"post","link":"https:\/\/bihavadis.com\/index.php\/2026\/05\/01\/avrupanin-endiseyle-izliyoruz-mesajlari-sosyal-medyada-alay-konusu-oldu\/","title":{"rendered":"Avrupa\u2019n\u0131n \u201cendi\u015feyle izliyoruz\u201d mesajlar\u0131 sosyal medyada alay konusu oldu"},"content":{"rendered":"<p>\u0130srail ve ABD, Tahran ile Washington aras\u0131nda m\u00fczakereler s\u00fcrerken 28 \u015eubat\u2019ta \u0130ran\u2019a askeri operasyon ba\u015flatt\u0131.<\/p>\n<p>\u0130ran da \u0130srail\u2019in yan\u0131 s\u0131ra ABD \u00fcslerinin bulundu\u011fu Katar, Birle\u015fik Arap Emirlikleri ve Bahreyn ba\u015fta olmak \u00fczere baz\u0131 b\u00f6lge \u00fclkelerindeki hedeflere sald\u0131r\u0131larla kar\u015f\u0131l\u0131k verdi.<\/p>\n<p>Sald\u0131r\u0131larda \u0130ran lideri Ali Hamaney\u2019in yan\u0131 s\u0131ra \u00e7ok say\u0131da \u00fcst d\u00fczey yetkilinin hayat\u0131n\u0131 kaybetti\u011fi bildirildi.<\/p>\n<p>\u0130ran K\u0131z\u0131lay\u0131, bombard\u0131manlarda 201 ki\u015finin ya\u015fam\u0131n\u0131 yitirdi\u011fini, 747 ki\u015finin de yaraland\u0131\u011f\u0131n\u0131 a\u00e7\u0131klad\u0131.<\/p>\n<p><strong>AVRUPA&#8217;NIN TUTUMU ALAY KONUSU<\/strong><\/p>\n<p>Sald\u0131r\u0131lar\u0131n hemen ard\u0131ndan Avrupa Birli\u011fi (AB) kanad\u0131ndan gelen nispeten ge\u00e7 ve <b><em>\u201cgeli\u015fmeleri endi\u015feyle izliyoruz\u201d<\/em><\/b> i\u00e7erikli mesajlar, \u00f6zellikle hafta sonuna denk gelmesi nedeniyle kullan\u0131c\u0131lar taraf\u0131ndan alayc\u0131 payla\u015f\u0131mlarla g\u00fcndeme ta\u015f\u0131nd\u0131.<\/p>\n<p><img decoding=\"async\" src=\"https:\/\/bihavadis.com\/wp-content\/uploads\/2026\/05\/avrupanin-endiseyle-izliyoruz-mesajlari-sosyal-medyada-alay-konusu-oldu-0-DXXmtT3b.jpg\"\/><\/p>\n<p><strong>BR\u00dcKSEL&#8217;E &#8220;HAFTA SONU&#8221; TEPK\u0130S\u0130<\/strong><\/p>\n<p>G\u00f6zlerin \u00e7evrildi\u011fi Br\u00fcksel\u2019de, AB Komisyonu Ba\u015fkan\u0131 Ursula von der Leyen\u2019in geli\u015fmeleri de\u011ferlendirmek \u00fczere 2 Mart\u2019\u0131 i\u015faret etmesi sosyal medya kullan\u0131c\u0131lar\u0131n\u0131n tepkisini \u00e7ekti.<\/p>\n<p>Bir kullan\u0131c\u0131, Fransa Cumhurba\u015fkan\u0131 Emmanuel Macron\u2019un g\u00fcne\u015f g\u00f6zl\u00fckl\u00fc foto\u011fraf\u0131n\u0131 payla\u015farak,<b><em> \u201cBir grup berbat \u00fclke birbirine ate\u015f a\u00e7\u0131yor diye hafta sonumuzu neden mahvedelim ki?\u201d <\/em><\/b>yorumunu yapt\u0131.<\/p>\n<p><img decoding=\"async\" src=\"https:\/\/bihavadis.com\/wp-content\/uploads\/2026\/05\/avrupanin-endiseyle-izliyoruz-mesajlari-sosyal-medyada-alay-konusu-oldu-1-wtR4IFFv.jpg\"\/><\/p>\n<p><strong>M\u0130ZAH\u0130 ELE\u015eT\u0130R\u0130LER Y\u00dcKSELD\u0130<\/strong><\/p>\n<p>Bir ba\u015fka payla\u015f\u0131mda ise Avrupa Parlamentosu Genel Kurul salonunun bo\u015f bir foto\u011fraf\u0131, <b><em>\u201cAvrupal\u0131 liderler \u0130ran\u2019daki durumu izliyor.\u201d <\/em><\/b>notuyla servis edildi. Baz\u0131 kullan\u0131c\u0131lar da dans eden ki\u015filerin g\u00f6r\u00fcnt\u00fcleri e\u015fli\u011finde<em><b> \u201ci\u015f-ya\u015fam dengesini koruyorlar\u201d<\/b><\/em> ifadelerini kulland\u0131.<\/p>\n<p>AB bayra\u011f\u0131ndaki 12 y\u0131ld\u0131z\u0131n ortas\u0131na <em><b>\u201cderin endi\u015feli\u201d<\/b><\/em> yaz\u0131lan g\u00f6rseller de k\u0131sa s\u00fcrede y\u00fcksek etkile\u015fim ald\u0131. Bir di\u011fer kullan\u0131c\u0131 ise,<b><em> \u201cE-postan\u0131z i\u00e7in te\u015fekk\u00fcrler. Y\u0131ll\u0131k kayak tatilim i\u00e7in 7 Nisan\u2019a kadar ofis d\u0131\u015f\u0131nday\u0131m.\u201d <\/em><\/b>mesaj\u0131yla Avrupa\u2019n\u0131n tutumunu tiye ald\u0131.<\/p>\n<p>G\u00fcne\u015fli havada d\u0131\u015far\u0131da kahve i\u00e7en bir ki\u015finin foto\u011fraf\u0131 alt\u0131na yap\u0131lan <b><em>\u201cAvrupal\u0131lar hafta sonunun tad\u0131n\u0131 \u00e7\u0131kar\u0131yor ve Amerikan-\u0130ran sava\u015f\u0131yla ilgili geli\u015fmeleri (2 Mart) pazartesiye erteliyor.\u201d <\/em><\/b>yorumu da dikkat \u00e7ekti.<\/p>\n<p><img decoding=\"async\" src=\"https:\/\/bihavadis.com\/wp-content\/uploads\/2026\/05\/avrupanin-endiseyle-izliyoruz-mesajlari-sosyal-medyada-alay-konusu-oldu-2-fMd2g7OD.jpg\"\/><\/p>\n<p><strong>OLA\u011eAN\u00dcST\u00dc TOPLANTI KARARI<\/strong><\/p>\n<p>AB Y\u00fcksek Temsilcisi Kaja Kallas\u2019\u0131n Br\u00fcksel saatiyle 17.00\u2019de AB \u00fclkelerinin d\u0131\u015fi\u015fleri bakanlar\u0131n\u0131 \u00e7evrim i\u00e7i ola\u011fan\u00fcst\u00fc toplant\u0131ya \u00e7a\u011f\u0131rmas\u0131, baz\u0131 yorumcular taraf\u0131ndan sosyal medyadaki tepkilerle ili\u015fkilendirildi.<\/p>\n<p>Kallas, ilk a\u00e7\u0131klamas\u0131nda<em><b> \u201cOrta Do\u011fu\u2019daki son geli\u015fmeler tehlikeli\u201d<\/b><\/em> ifadelerini kullanarak \u00f6nceliklerinin sivillerin korunmas\u0131, AB vatanda\u015flar\u0131 ve personelinin tahliyelerinin kolayla\u015ft\u0131r\u0131lmas\u0131 ve diplomatik \u00e7\u00f6z\u00fcmlerin s\u00fcrd\u00fcr\u00fclmesi oldu\u011funu belirtmi\u015fti.<\/p>\n<p>Kallas\u2019\u0131n ard\u0131ndan Ursula von der Leyen ve AB Konseyi Ba\u015fkan\u0131 Antonio Costa da itidal \u00e7a\u011fr\u0131s\u0131nda bulunan ortak mesaj yay\u0131mlad\u0131.<\/p>\n<p>\u0130svi\u00e7re, \u0130ngiltere, Almanya, Fransa, \u0130talya ve \u0130rlanda h\u00fck\u00fcmetlerinden de t\u0131rmanman\u0131n \u00f6nlenmesi \u00e7a\u011fr\u0131lar\u0131 geldi; a\u00e7\u0131klamalarda geli\u015fmelerin<em><b> \u201cderin endi\u015feyle\u201d<\/b><\/em> takip edildi\u011fi vurguland\u0131.<\/p>\n<p><img decoding=\"async\" src=\"https:\/\/bihavadis.com\/wp-content\/uploads\/2026\/05\/avrupanin-endiseyle-izliyoruz-mesajlari-sosyal-medyada-alay-konusu-oldu-3-u5PCJsNF.jpg\"\/><\/p>\n<p><img decoding=\"async\" src=\"https:\/\/bihavadis.com\/wp-content\/uploads\/2026\/05\/avrupanin-endiseyle-izliyoruz-mesajlari-sosyal-medyada-alay-konusu-oldu-4-pPC886TZ.jpg\"\/><\/p>\n<p><img decoding=\"async\" src=\"https:\/\/bihavadis.com\/wp-content\/uploads\/2026\/05\/avrupanin-endiseyle-izliyoruz-mesajlari-sosyal-medyada-alay-konusu-oldu-5-HymSZC8U.jpg\"\/><\/p>\n<p><img decoding=\"async\" src=\"https:\/\/bihavadis.com\/wp-content\/uploads\/2026\/05\/avrupanin-endiseyle-izliyoruz-mesajlari-sosyal-medyada-alay-konusu-oldu-6-8u4IHNF3.jpg\"\/> <\/p>\n<div> <span><strong>Kaynak:<\/strong> Ensonhaber Haber Merkezi<\/span> <\/div>\n","protected":false},"excerpt":{"rendered":"<p>\u0130srail ve ABD, Tahran ile Washington aras\u0131nda m\u00fczakereler s\u00fcrerken 28 \u015eubat\u2019ta \u0130ran\u2019a askeri operasyon ba\u015flatt\u0131. \u0130ran da \u0130srail\u2019in yan\u0131 s\u0131ra ABD \u00fcslerinin bulundu\u011fu Katar, Birle\u015fik Arap Emirlikleri ve Bahreyn ba\u015fta olmak \u00fczere baz\u0131 b\u00f6lge &#8230;<\/p>\n","protected":false},"author":1,"featured_media":77047,"comment_status":"open","ping_status":"open","sticky":false,"template":"","format":"standard","meta":{"footnotes":""},"categories":[6],"tags":[1090,2872,271,462],"class_list":["post-77046","post","type-post","status-publish","format-standard","has-post-thumbnail","hentry","category-dunya","tag-avrupa","tag-gelismeler","tag-iran","tag-kullanici"],"_links":{"self":[{"href":"https:\/\/bihavadis.com\/index.php\/wp-json\/wp\/v2\/posts\/77046","targetHints":{"allow":["GET"]}}],"collection":[{"href":"https:\/\/bihavadis.com\/index.php\/wp-json\/wp\/v2\/posts"}],"about":[{"href":"https:\/\/bihavadis.com\/index.php\/wp-json\/wp\/v2\/types\/post"}],"author":[{"embeddable":true,"href":"https:\/\/bihavadis.com\/index.php\/wp-json\/wp\/v2\/users\/1"}],"replies":[{"embeddable":true,"href":"https:\/\/bihavadis.com\/index.php\/wp-json\/wp\/v2\/comments?post=77046"}],"version-history":[{"count":1,"href":"https:\/\/bihavadis.com\/index.php\/wp-json\/wp\/v2\/posts\/77046\/revisions"}],"predecessor-version":[{"id":77055,"href":"https:\/\/bihavadis.com\/index.php\/wp-json\/wp\/v2\/posts\/77046\/revisions\/77055"}],"wp:featuredmedia":[{"embeddable":true,"href":"https:\/\/bihavadis.com\/index.php\/wp-json\/wp\/v2\/media\/77047"}],"wp:attachment":[{"href":"https:\/\/bihavadis.com\/index.php\/wp-json\/wp\/v2\/media?parent=77046"}],"wp:term":[{"taxonomy":"category","embeddable":true,"href":"https:\/\/bihavadis.com\/index.php\/wp-json\/wp\/v2\/categories?post=77046"},{"taxonomy":"post_tag","embeddable":true,"href":"https:\/\/bihavadis.com\/index.php\/wp-json\/wp\/v2\/tags?post=77046"}],"curies":[{"name":"wp","href":"https:\/\/api.w.org\/{rel}","templated":true}]}}