{"id":77059,"date":"2026-05-01T06:51:10","date_gmt":"2026-05-01T06:51:10","guid":{"rendered":"https:\/\/bihavadis.com\/?p=77059"},"modified":"2026-05-01T06:51:10","modified_gmt":"2026-05-01T06:51:10","slug":"kemerin-tanitiminda-yeni-donem","status":"publish","type":"post","link":"https:\/\/bihavadis.com\/index.php\/2026\/05\/01\/kemerin-tanitiminda-yeni-donem\/","title":{"rendered":"Kemer&#8217;in tan\u0131t\u0131m\u0131nda yeni d\u00f6nem"},"content":{"rendered":"<p>Kemer Belediyesi\u2019nin turizm tan\u0131t\u0131m \u00e7al\u0131\u015fmalar\u0131 kapsam\u0131nda hayata ge\u00e7irilen \u201cVisit Kemer\u201d projesi, yapay zek\u00e2 destekli video serisiyle dikkat \u00e7ekmeye ba\u015flad\u0131. Proje kapsam\u0131nda haz\u0131rlanan ve Phaselis Antik Kenti ile ba\u015flayan video serisi, yay\u0131nlan\u0131r yay\u0131nlanmaz sosyal medyada b\u00fcy\u00fck ilgi g\u00f6rd\u00fc.<\/p>\n<p>Kemer Belediye Ba\u015fkan\u0131 Necati Topalo\u011flu, il\u00e7enin tan\u0131t\u0131m\u0131nda art\u0131k klasik y\u00f6ntemlerin \u00f6tesine ge\u00e7tiklerini belirterek, Kemer\u2019i yaln\u0131zca do\u011fal g\u00fczellikleriyle de\u011fil, ayn\u0131 zamanda hik\u00e2yeleri, tarihi ve duygusuyla da anlatmay\u0131 hedeflediklerini s\u00f6yledi.<\/p>\n<p>Ba\u015fkan Topalo\u011flu, yapt\u0131\u011f\u0131 a\u00e7\u0131klamada, Visit Kemer projesi kapsam\u0131nda haz\u0131rlanan yapay zek\u00e2 destekli i\u00e7eriklerin, il\u00e7enin tan\u0131t\u0131m\u0131na yeni bir soluk getirdi\u011fini ifade ederek, \u201cKemer\u2019i sadece denizi, do\u011fas\u0131 ve tatil imkanlar\u0131yla de\u011fil; ge\u00e7mi\u015fi, k\u00fclt\u00fcr\u00fc ve g\u00fc\u00e7l\u00fc hik\u00e2yeleriyle de anlatmak istiyoruz. Bu anlay\u0131\u015fla yapay zek\u00e2 destekli video serimizi ba\u015flatt\u0131k. Amac\u0131m\u0131z, Kemer\u2019in sahip oldu\u011fu e\u015fsiz de\u011ferleri klasik tan\u0131t\u0131m dilinin \u00f6tesine ta\u015f\u0131yarak \u00f6zellikle dijital mecralarda daha dikkat \u00e7ekici, yenilik\u00e7i ve payla\u015f\u0131labilir bir i\u00e7erik yap\u0131s\u0131 olu\u015fturmakt\u0131r. Projenin olu\u015fturulmas\u0131nda eme\u011fi ge\u00e7en Belediye Meclis \u00fcyemiz ve KEM\u0130AD Ba\u015fkan yard\u0131mc\u0131s\u0131 Cans\u0131n Efir\u2019e te\u015fekk\u00fcr ederiz\u201d dedi.<\/p>\n<p>Serinin ilk b\u00f6l\u00fcm\u00fcn\u00fcn Phaselis ile ba\u015flad\u0131\u011f\u0131n\u0131 hat\u0131rlatan Belediye Meclis \u00fcyesi ve KEM\u0130AD Ba\u015fkan yard\u0131mc\u0131s\u0131 Cans\u0131n Efir, haz\u0131rlanan videolar\u0131n tarih, mitoloji ve destinasyon deneyimini bir araya getirdi\u011fini vurgulad\u0131. Efir, \u201cPhaselis ile ba\u015flayan bu seri; tarih, mitoloji ve kahramanl\u0131k anlat\u0131lar\u0131yla Kemer\u2019i yeni nesil bir ileti\u015fim diliyle tan\u0131tmay\u0131 hedefliyor. Yay\u0131nlanan ilk video k\u0131sa s\u00fcrede \u00e7ok say\u0131da ki\u015fiye ula\u015ft\u0131 ve sosyal medyada b\u00fcy\u00fck ilgi g\u00f6rd\u00fc. Bu da att\u0131\u011f\u0131m\u0131z ad\u0131m\u0131n ne kadar do\u011fru oldu\u011funu g\u00f6steriyor. \u00d6n\u00fcm\u00fczdeki s\u00fcre\u00e7te Kemer\u2019i hem T\u00fcrkiye\u2019de hem de uluslararas\u0131 alanda daha g\u00fc\u00e7l\u00fc, daha \u00e7a\u011fda\u015f ve daha etkili bir \u015fekilde tan\u0131tmaya devam edece\u011fiz. Visit Kemer projesi kapsam\u0131nda haz\u0131rlayaca\u011f\u0131m\u0131z yeni i\u00e7eriklerle il\u00e7emizin zenginliklerini d\u00fcnyaya anlatmay\u0131 s\u00fcrd\u00fcrece\u011fiz.\u201d dedi.<\/p>\n<p>\u00a0<\/p>\n<p>\u00a0<\/p>\n<p>Kaynak: (BYZHA) Beyaz Haber Ajans\u0131<\/p>\n","protected":false},"excerpt":{"rendered":"<p>Kemer Belediyesi\u2019nin turizm tan\u0131t\u0131m \u00e7al\u0131\u015fmalar\u0131 kapsam\u0131nda hayata ge\u00e7irilen \u201cVisit Kemer\u201d projesi, yapay zek\u00e2 destekli video serisiyle dikkat \u00e7ekmeye ba\u015flad\u0131.<\/p>\n","protected":false},"author":1,"featured_media":77060,"comment_status":"open","ping_status":"open","sticky":false,"template":"","format":"standard","meta":{"footnotes":""},"categories":[4],"tags":[1181,237,658],"class_list":["post-77059","post","type-post","status-publish","format-standard","has-post-thumbnail","hentry","category-gundem","tag-kemer","tag-proje","tag-video"],"_links":{"self":[{"href":"https:\/\/bihavadis.com\/index.php\/wp-json\/wp\/v2\/posts\/77059","targetHints":{"allow":["GET"]}}],"collection":[{"href":"https:\/\/bihavadis.com\/index.php\/wp-json\/wp\/v2\/posts"}],"about":[{"href":"https:\/\/bihavadis.com\/index.php\/wp-json\/wp\/v2\/types\/post"}],"author":[{"embeddable":true,"href":"https:\/\/bihavadis.com\/index.php\/wp-json\/wp\/v2\/users\/1"}],"replies":[{"embeddable":true,"href":"https:\/\/bihavadis.com\/index.php\/wp-json\/wp\/v2\/comments?post=77059"}],"version-history":[{"count":1,"href":"https:\/\/bihavadis.com\/index.php\/wp-json\/wp\/v2\/posts\/77059\/revisions"}],"predecessor-version":[{"id":77061,"href":"https:\/\/bihavadis.com\/index.php\/wp-json\/wp\/v2\/posts\/77059\/revisions\/77061"}],"wp:featuredmedia":[{"embeddable":true,"href":"https:\/\/bihavadis.com\/index.php\/wp-json\/wp\/v2\/media\/77060"}],"wp:attachment":[{"href":"https:\/\/bihavadis.com\/index.php\/wp-json\/wp\/v2\/media?parent=77059"}],"wp:term":[{"taxonomy":"category","embeddable":true,"href":"https:\/\/bihavadis.com\/index.php\/wp-json\/wp\/v2\/categories?post=77059"},{"taxonomy":"post_tag","embeddable":true,"href":"https:\/\/bihavadis.com\/index.php\/wp-json\/wp\/v2\/tags?post=77059"}],"curies":[{"name":"wp","href":"https:\/\/api.w.org\/{rel}","templated":true}]}}