{"id":77090,"date":"2026-05-01T07:18:10","date_gmt":"2026-05-01T07:18:10","guid":{"rendered":"https:\/\/bihavadis.com\/?p=77090"},"modified":"2026-05-01T07:18:10","modified_gmt":"2026-05-01T07:18:10","slug":"trabzonsporda-basaksehir-maci-hazirliklari-surdu","status":"publish","type":"post","link":"https:\/\/bihavadis.com\/index.php\/2026\/05\/01\/trabzonsporda-basaksehir-maci-hazirliklari-surdu\/","title":{"rendered":"Trabzonspor&#8217;da Ba\u015fak\u015fehir ma\u00e7\u0131 haz\u0131rl\u0131klar\u0131 s\u00fcrd\u00fc"},"content":{"rendered":"<p>Trabzonspor, T\u00fcrkiye Kupas\u0131 4\u2019\u00fcnc\u00fc hafta ma\u00e7\u0131nda deplasmanda oynayaca\u011f\u0131 Ba\u015fak\u015fehir ma\u00e7\u0131 haz\u0131rl\u0131klar\u0131n\u0131 bug\u00fcn saat 15.00\u2019te yapt\u0131\u011f\u0131 antrenmanla s\u00fcrd\u00fcrd\u00fc.<\/p>\n<p>Teknik direkt\u00f6r Fatih Tekke y\u00f6netiminde, Mehmet Ali Y\u0131lmaz Tesisleri\u2019nde yap\u0131lan antrenman\u0131n ilk b\u00f6l\u00fcm\u00fcnde dinamik \u0131s\u0131nma \u00e7al\u0131\u015fmas\u0131 yap\u0131ld\u0131.<\/p>\n<p>Pas \u00e7al\u0131\u015fmas\u0131 ile devam eden antrenman taktiksel \u00e7al\u0131\u015fma ile sona erdi.<\/p>\n<p><strong>HAZIRLIKLAR SONA ERECEK<\/strong><\/p>\n<p>Bordo-mavililer haz\u0131rl\u0131klar\u0131n\u0131 yar\u0131n saat 12.30\u2019da yapaca\u011f\u0131 antrenmanla tamamlayacak.<\/p>\n<p><img decoding=\"async\" src=\"https:\/\/bihavadis.com\/wp-content\/uploads\/2026\/05\/trabzonsporda-basaksehir-maci-hazirliklari-surdu-0-cngJqFJU.jpg\"\/><\/p>\n<p><img decoding=\"async\" src=\"https:\/\/bihavadis.com\/wp-content\/uploads\/2026\/05\/trabzonsporda-basaksehir-maci-hazirliklari-surdu-1-VGz4nTCb.jpg\"\/><\/p>\n<p><img decoding=\"async\" src=\"https:\/\/bihavadis.com\/wp-content\/uploads\/2026\/05\/trabzonsporda-basaksehir-maci-hazirliklari-surdu-2-U3EgNUnc.jpg\"\/> <\/p>\n<div> <span><strong>Kaynak:<\/strong> Demir\u00f6ren Haber Ajans\u0131 (DHA)<\/span> <\/div>\n","protected":false},"excerpt":{"rendered":"<p>Trabzonspor, T\u00fcrkiye Kupas\u0131 4\u2019\u00fcnc\u00fc hafta ma\u00e7\u0131nda deplasmanda oynayaca\u011f\u0131 Ba\u015fak\u015fehir ma\u00e7\u0131 haz\u0131rl\u0131klar\u0131n\u0131 bug\u00fcn saat 15.00\u2019te yapt\u0131\u011f\u0131 antrenmanla s\u00fcrd\u00fcrd\u00fc. Teknik direkt\u00f6r Fatih Tekke y\u00f6netiminde, Mehmet Ali Y\u0131lmaz Tesisleri\u2019nde yap\u0131lan antrenman\u0131n ilk &#8230;<\/p>\n","protected":false},"author":1,"featured_media":77091,"comment_status":"open","ping_status":"open","sticky":false,"template":"","format":"standard","meta":{"footnotes":""},"categories":[14],"tags":[],"class_list":["post-77090","post","type-post","status-publish","format-standard","has-post-thumbnail","hentry","category-spor"],"_links":{"self":[{"href":"https:\/\/bihavadis.com\/index.php\/wp-json\/wp\/v2\/posts\/77090","targetHints":{"allow":["GET"]}}],"collection":[{"href":"https:\/\/bihavadis.com\/index.php\/wp-json\/wp\/v2\/posts"}],"about":[{"href":"https:\/\/bihavadis.com\/index.php\/wp-json\/wp\/v2\/types\/post"}],"author":[{"embeddable":true,"href":"https:\/\/bihavadis.com\/index.php\/wp-json\/wp\/v2\/users\/1"}],"replies":[{"embeddable":true,"href":"https:\/\/bihavadis.com\/index.php\/wp-json\/wp\/v2\/comments?post=77090"}],"version-history":[{"count":1,"href":"https:\/\/bihavadis.com\/index.php\/wp-json\/wp\/v2\/posts\/77090\/revisions"}],"predecessor-version":[{"id":77095,"href":"https:\/\/bihavadis.com\/index.php\/wp-json\/wp\/v2\/posts\/77090\/revisions\/77095"}],"wp:featuredmedia":[{"embeddable":true,"href":"https:\/\/bihavadis.com\/index.php\/wp-json\/wp\/v2\/media\/77091"}],"wp:attachment":[{"href":"https:\/\/bihavadis.com\/index.php\/wp-json\/wp\/v2\/media?parent=77090"}],"wp:term":[{"taxonomy":"category","embeddable":true,"href":"https:\/\/bihavadis.com\/index.php\/wp-json\/wp\/v2\/categories?post=77090"},{"taxonomy":"post_tag","embeddable":true,"href":"https:\/\/bihavadis.com\/index.php\/wp-json\/wp\/v2\/tags?post=77090"}],"curies":[{"name":"wp","href":"https:\/\/api.w.org\/{rel}","templated":true}]}}