{"id":77165,"date":"2026-05-01T08:24:08","date_gmt":"2026-05-01T08:24:08","guid":{"rendered":"https:\/\/bihavadis.com\/?p=77165"},"modified":"2026-05-01T08:24:08","modified_gmt":"2026-05-01T08:24:08","slug":"turkiye-brezilya-iliskileri-gucleniyor","status":"publish","type":"post","link":"https:\/\/bihavadis.com\/index.php\/2026\/05\/01\/turkiye-brezilya-iliskileri-gucleniyor\/","title":{"rendered":"T\u00fcrkiye-Brezilya \u0130li\u015fkileri G\u00fc\u00e7leniyor"},"content":{"rendered":"<p>Cumhurba\u015fkan\u0131 Yard\u0131mc\u0131s\u0131 Cevdet Y\u0131lmaz, &#8220;Stratejik orta\u011f\u0131m\u0131z Brezilya ile ili\u015fkilerimizi daha \u00fcst bir kurumsal \u00e7er\u00e7eveye ta\u015f\u0131may\u0131, Y\u00fcksek D\u00fczeyli Stratejik \u0130\u015fbirli\u011fi Konseyi mekanizmas\u0131n\u0131 hayata ge\u00e7irmeyi ve ticaret hacmimizi dengeli bi\u00e7imde art\u0131rarak 10 milyar dolar hedefine ula\u015ft\u0131rmay\u0131 hedefliyoruz.&#8221; ifadesini kulland\u0131.<\/p>\n<p>Y\u0131lmaz, Cumhurba\u015fkanl\u0131\u011f\u0131 K\u00fclliyesi&#8217;nde, Brezilya&#8217;n\u0131n Ankara B\u00fcy\u00fckel\u00e7isi Gilda Motta Santos Neves&#8217;i kabul etti.<\/p>\n<p>NSosyal hesab\u0131ndan, g\u00f6r\u00fc\u015fmeye ili\u015fkin payla\u015f\u0131m yapan Y\u0131lmaz, \u015funlar\u0131 kaydetti: <\/p>\n<p>&#8220;Say\u0131n Santos Neves ile k\u00fcresel meselelerin yan\u0131 s\u0131ra, bu y\u0131l ev sahipli\u011fimizde ger\u00e7ekle\u015fecek COP31 s\u00fcrecinde i\u015fbirli\u011fimizi g\u00fc\u00e7lendirme, altyap\u0131, savunma sanayii, teknoloji ve yat\u0131r\u0131m alanlar\u0131nda at\u0131labilecek kar\u015f\u0131l\u0131kl\u0131 ad\u0131mlar\u0131 ele ald\u0131k. Stratejik orta\u011f\u0131m\u0131z Brezilya ile ili\u015fkilerimizi daha \u00fcst bir kurumsal \u00e7er\u00e7eveye ta\u015f\u0131may\u0131, Y\u00fcksek D\u00fczeyli Stratejik \u0130\u015fbirli\u011fi Konseyi mekanizmas\u0131n\u0131 hayata ge\u00e7irmeyi ve ticaret hacmimizi dengeli bi\u00e7imde art\u0131rarak 10 milyar dolar hedefine ula\u015ft\u0131rmay\u0131 hedefliyoruz. Nazik ziyaretleri i\u00e7in Say\u0131n B\u00fcy\u00fckel\u00e7i&#8217;ye te\u015fekk\u00fcr ediyorum.&#8221;<\/p>\n","protected":false},"excerpt":{"rendered":"<p>Cevdet Y\u0131lmaz, Brezilya ile ticaret hedeflerini art\u0131rmay\u0131 ve ili\u015fkileri g\u00fc\u00e7lendirmeyi ama\u00e7l\u0131yor.<\/p>\n","protected":false},"author":1,"featured_media":0,"comment_status":"open","ping_status":"open","sticky":false,"template":"","format":"standard","meta":{"footnotes":""},"categories":[8],"tags":[],"class_list":["post-77165","post","type-post","status-publish","format-standard","hentry","category-ekonomi"],"_links":{"self":[{"href":"https:\/\/bihavadis.com\/index.php\/wp-json\/wp\/v2\/posts\/77165","targetHints":{"allow":["GET"]}}],"collection":[{"href":"https:\/\/bihavadis.com\/index.php\/wp-json\/wp\/v2\/posts"}],"about":[{"href":"https:\/\/bihavadis.com\/index.php\/wp-json\/wp\/v2\/types\/post"}],"author":[{"embeddable":true,"href":"https:\/\/bihavadis.com\/index.php\/wp-json\/wp\/v2\/users\/1"}],"replies":[{"embeddable":true,"href":"https:\/\/bihavadis.com\/index.php\/wp-json\/wp\/v2\/comments?post=77165"}],"version-history":[{"count":1,"href":"https:\/\/bihavadis.com\/index.php\/wp-json\/wp\/v2\/posts\/77165\/revisions"}],"predecessor-version":[{"id":77166,"href":"https:\/\/bihavadis.com\/index.php\/wp-json\/wp\/v2\/posts\/77165\/revisions\/77166"}],"wp:attachment":[{"href":"https:\/\/bihavadis.com\/index.php\/wp-json\/wp\/v2\/media?parent=77165"}],"wp:term":[{"taxonomy":"category","embeddable":true,"href":"https:\/\/bihavadis.com\/index.php\/wp-json\/wp\/v2\/categories?post=77165"},{"taxonomy":"post_tag","embeddable":true,"href":"https:\/\/bihavadis.com\/index.php\/wp-json\/wp\/v2\/tags?post=77165"}],"curies":[{"name":"wp","href":"https:\/\/api.w.org\/{rel}","templated":true}]}}