{"id":77170,"date":"2026-05-01T08:33:12","date_gmt":"2026-05-01T08:33:12","guid":{"rendered":"https:\/\/bihavadis.com\/?p=77170"},"modified":"2026-05-01T08:33:12","modified_gmt":"2026-05-01T08:33:12","slug":"hamaneyin-olumu-sonrasi-irakta-uc-gunluk-yas-ilan-edildi","status":"publish","type":"post","link":"https:\/\/bihavadis.com\/index.php\/2026\/05\/01\/hamaneyin-olumu-sonrasi-irakta-uc-gunluk-yas-ilan-edildi\/","title":{"rendered":"Hamaney&#8217;in \u00f6l\u00fcm\u00fc sonras\u0131 Irak&#8217;ta \u00fc\u00e7 g\u00fcnl\u00fck yas ilan edildi"},"content":{"rendered":"<p>\u0130ran devlet televizyonu, \u0130ran lideri Ayetullah Ali Hamaney&#8217;in ABD-\u0130srail sald\u0131r\u0131s\u0131nda hayat\u0131n\u0131 kaybetti\u011fini 28 \u015eubat&#8217;\u0131 1 Mart&#8217;a ba\u011flayan gece yar\u0131s\u0131 duyurdu.<\/p>\n<p>\u0130ran devlet televizyonu, Ali Hamaney&#8217;in hayat\u0131n\u0131 kaybetti\u011fini belirterek, <em><b>&#8220;\u0130ran \u0130slam devrimi lideri \u015fehadete ula\u015ft\u0131.&#8221; <\/b><\/em>ifadesini kulland\u0131.<\/p>\n<p>\u0130ran h\u00fck\u00fcmeti de Hamaney&#8217;in hayat\u0131n\u0131 kaybetmesi \u00fczerine 40 g\u00fcnl\u00fck ulusal yas ve 7 g\u00fcnl\u00fck resmi tatil ilan etti.<\/p>\n<p>Me\u015fhed kentindeki \u0130mam R\u0131za T\u00fcrbesi&#8217;nin kubbesine siyah bayrak \u00e7ekilirken b\u00f6lgeye gelen \u0130ranl\u0131lar, Hamaney&#8217;in \u00f6l\u00fcm\u00fc nedeniyle g\u00f6zya\u015f\u0131 d\u00f6kt\u00fc.<\/p>\n<p><strong>IRAK&#8217;TA DA \u00dc\u00c7 G\u00dcNL\u00dcK M\u0130LL\u0130 YAS \u0130LANI<\/strong><\/p>\n<p>Irak H\u00fck\u00fcmet S\u00f6zc\u00fcs\u00fc Basim el-Avvadi taraf\u0131ndan yap\u0131lan yaz\u0131l\u0131 a\u00e7\u0131klamada sald\u0131r\u0131 sert bir dille k\u0131nand\u0131.<\/p>\n<p>A\u00e7\u0131klamada,<em><b> \u201cIrak, b\u00f6lgeyi e\u015fi benzeri g\u00f6r\u00fclmemi\u015f d\u00fczeyde bir \u015fiddete s\u00fcr\u00fckleyen, \u00e7at\u0131\u015fmalar\u0131 k\u00f6r\u00fckleyen, uluslararas\u0131 g\u00fcvenlik ve bar\u0131\u015f\u0131 temelden sarsan askeri operasyonlar\u0131n derhal ve \u015farts\u0131z olarak durdurulmas\u0131 \u00e7a\u011fr\u0131s\u0131n\u0131 tekrarlamaktad\u0131r\u201d<\/b><\/em> ifadelerine yer verildi.<\/p>\n<p><img decoding=\"async\" src=\"https:\/\/bihavadis.com\/wp-content\/uploads\/2026\/05\/hamaneyin-olumu-sonrasi-irakta-uc-gunluk-yas-ilan-edildi-0-2fYyq8pX.jpg\"\/><\/p>\n<p><strong>ABD B\u00dcY\u00dcKEL\u00c7\u0130L\u0130\u011e\u0130&#8217;N\u0130N BULUNDU\u011eU B\u00d6LGEYE G\u0130RMEYE \u00c7ALI\u015eTILAR<\/strong><\/p>\n<p>Ba\u015fkent Ba\u011fdat\u2019ta sabah saatlerinde \u0130ran yanl\u0131s\u0131 silahl\u0131 gruplar\u0131n destek\u00e7ileri, Hamaney\u2019in \u00f6ld\u00fcr\u00fclmesine ve hava sald\u0131r\u0131lar\u0131na tepki g\u00f6stermek amac\u0131yla ABD B\u00fcy\u00fckel\u00e7ili\u011fi\u2019nin de bulundu\u011fu y\u00fcksek g\u00fcvenlikli Ye\u015fil B\u00f6lge\u2019ye girmeye \u00e7al\u0131\u015ft\u0131.<\/p>\n<p>Ba\u011fdat\u2019taki Asma K\u00f6pr\u00fc \u00f6n\u00fcnde toplanan kalabal\u0131k, beton bariyerleri a\u015fmaya y\u00f6nelince Irak g\u00fcvenlik g\u00fc\u00e7leri m\u00fcdahalede bulundu. Protestocular\u0131 da\u011f\u0131tmak i\u00e7in g\u00f6z ya\u015fart\u0131c\u0131 gaz ve tazyikli su kullan\u0131ld\u0131\u011f\u0131 bildirildi.<\/p>\n<p><img decoding=\"async\" src=\"https:\/\/bihavadis.com\/wp-content\/uploads\/2026\/05\/hamaneyin-olumu-sonrasi-irakta-uc-gunluk-yas-ilan-edildi-1-OdxVR37A.jpg\"\/><\/p>\n<p><strong>\u0130RAN&#8217;IN L\u0130DER\u0130 HAMANEY K\u0130MD\u0130R?<\/strong><\/p>\n<p>Ayetullah Ali Hamaney 19 Nisan 1939&#8217;da Me\u015fhed kentinde do\u011fdu.<\/p>\n<p>Me\u015fhed ve Kum kentlerinde dini ilimler e\u011fitimi alan Hamaney, 1962 y\u0131l\u0131nda Kum&#8217;da Ayetullah Humeyni&#8217;nin \u015eah&#8217;a kar\u015f\u0131 ba\u015flatt\u0131\u011f\u0131 harekete kat\u0131ld\u0131. \u00c7e\u015fitli aral\u0131klarla tutukland\u0131 ve s\u00fcrg\u00fcne g\u00f6nderildi.<\/p>\n<p>1978&#8217;de \u0130slam Cumhuriyeti Partisi kurucular\u0131ndan olan Hamaney, devrim sonras\u0131 Temmuz 1979&#8217;da \u0130ran \u0130slam Cumhuriyeti Savunma Bakan\u0131 Yard\u0131mc\u0131l\u0131\u011f\u0131n\u0131 \u00fcstlendi.<\/p>\n<p>24 Kas\u0131m 1979&#8217;da \u0130slam \u0130nk\u0131lab\u0131 Muhaf\u0131zlar\u0131 Ordusu Ba\u015fkanl\u0131\u011f\u0131na atanmas\u0131n\u0131n yan\u0131 s\u0131ra ayn\u0131 y\u0131l, Tahran Cuma namaz\u0131 imaml\u0131\u011f\u0131na atand\u0131. 1980 y\u0131l\u0131nda \u0130mam Humeyni taraf\u0131ndan \u0130ran Y\u00fcksek Savunma \u015euras\u0131&#8217;na temsilci olarak atand\u0131. Ayn\u0131 y\u0131l, \u0130ran Meclisine Tahran milletvekili olarak se\u00e7ildi.<\/p>\n<p><img decoding=\"async\" src=\"https:\/\/bihavadis.com\/wp-content\/uploads\/2026\/05\/hamaneyin-olumu-sonrasi-irakta-uc-gunluk-yas-ilan-edildi-2-9eZDAq6L.jpg\"\/><\/p>\n<p><strong>1981&#8217;DE BOMBALI SALDIRIDA YARALANDI<\/strong><\/p>\n<p>27 Haziran 1981 tarihinde Tahran Ebuzer Camisi&#8217;nde Halk\u0131n M\u00fccahitleri grubunun d\u00fczenledi\u011fi iddia edilen bombal\u0131 sald\u0131r\u0131s\u0131nda a\u011f\u0131r yaraland\u0131. Ekim 1981&#8217;de yap\u0131lan se\u00e7imlerde devrimden sonra \u00fclkenin 3&#8217;\u00fcnc\u00fc Cumhurba\u015fkan\u0131 se\u00e7ildi. 1985 y\u0131l\u0131ndaki Cumhurba\u015fkanl\u0131\u011f\u0131 se\u00e7imlerini kazanmas\u0131yla da ikinci kez Cumhurba\u015fkan\u0131 oldu.<\/p>\n<p><img decoding=\"async\" src=\"https:\/\/bihavadis.com\/wp-content\/uploads\/2026\/05\/hamaneyin-olumu-sonrasi-irakta-uc-gunluk-yas-ilan-edildi-3-m4Bf3TYE.jpg\"\/><\/p>\n<p><strong>19892DAN BER\u0130 \u00dcLKEY\u0130  Y\u00d6NETEN \u0130S\u0130M<\/strong><\/p>\n<p>Humeyni&#8217;nin vefat\u0131ndan sonra Hamaney, \u00fclke liderini se\u00e7me ve denetlemeyle g\u00f6revli Uzmanlar Meclisi taraf\u0131ndan Ha\u015fimi Rafsancani&#8217;nin deste\u011fiyle 1989 y\u0131l\u0131nda \u00fclkedeki en \u00fcst makam olan Lider (Rehber) olarak se\u00e7ildi.<\/p>\n<p>Y\u00f6netimi boyunca Bat\u0131 kar\u015f\u0131tl\u0131\u011f\u0131yla \u00f6n plana \u00e7\u0131kan Hamaney, Rusya ve \u00c7in ile iyi ili\u015fkiler kurmaya \u00e7al\u0131\u015ft\u0131.<\/p>\n<p>\u0130ran&#8217;da se\u00e7imle i\u015fba\u015f\u0131na gelen Cumhurba\u015fkan\u0131 s\u0131n\u0131rl\u0131 yetkilere sahipken, Ali Hamaney&#8217;in temsil etti\u011fi liderlik makam\u0131, t\u00fcm devlet organlar\u0131n\u0131n \u00fczerinde, sahip oldu\u011fu anayasal yetkilerle i\u00e7 ve d\u0131\u015f politika konular\u0131nda son s\u00f6z\u00fc s\u00f6yleyen isim oldu.<\/p>\n<p>Cumhurba\u015fkan\u0131 dahil olmak \u00fczere t\u00fcm devlet organlar\u0131n\u0131n \u00fczerinde bir otoriteye sahip Rehber, \u0130ran Silahl\u0131 Kuvvetleri Ba\u015fkomutan\u0131 olarak i\u00e7 g\u00fcvenlik ve d\u0131\u015f politika konular\u0131nda da belirleyici rol oynad\u0131.<\/p>\n<p>\u00d6zellikle son y\u0131llarda, y\u00f6netim sorunlar\u0131 ve ekonomik problemlerden kaynaklanan sokak g\u00f6sterilerinde Hamaney y\u00f6netim kar\u015f\u0131t\u0131 eylemcilerin hedefi oldu.<\/p>\n<p><img decoding=\"async\" src=\"https:\/\/bihavadis.com\/wp-content\/uploads\/2026\/05\/hamaneyin-olumu-sonrasi-irakta-uc-gunluk-yas-ilan-edildi-4-3T6Gx2WC.jpg\"\/><\/p>\n<p><img decoding=\"async\" src=\"https:\/\/bihavadis.com\/wp-content\/uploads\/2026\/05\/hamaneyin-olumu-sonrasi-irakta-uc-gunluk-yas-ilan-edildi-5-fC8qAKhA.jpg\"\/><\/p>\n<p><img decoding=\"async\" src=\"https:\/\/bihavadis.com\/wp-content\/uploads\/2026\/05\/hamaneyin-olumu-sonrasi-irakta-uc-gunluk-yas-ilan-edildi-6-x9464qXR.jpg\"\/> <\/p>\n<div> <span><strong>Kaynak:<\/strong> Ensonhaber Haber Merkezi<\/span> <\/div>\n","protected":false},"excerpt":{"rendered":"<p>\u0130ran devlet televizyonu, \u0130ran lideri Ayetullah Ali Hamaney&#8217;in ABD-\u0130srail sald\u0131r\u0131s\u0131nda hayat\u0131n\u0131 kaybetti\u011fini 28 \u015eubat&#8217;\u0131 1 Mart&#8217;a ba\u011flayan gece yar\u0131s\u0131 duyurdu. \u0130ran devlet televizyonu, Ali Hamaney&#8217;in hayat\u0131n\u0131 kaybetti\u011fini belirterek, &#8220;\u0130ran \u0130slam &#8230;<\/p>\n","protected":false},"author":1,"featured_media":77171,"comment_status":"open","ping_status":"open","sticky":false,"template":"","format":"standard","meta":{"footnotes":""},"categories":[6],"tags":[3845,271,1158,794],"class_list":["post-77170","post","type-post","status-publish","format-standard","has-post-thumbnail","hentry","category-dunya","tag-hamaney","tag-iran","tag-lider","tag-saldiri"],"_links":{"self":[{"href":"https:\/\/bihavadis.com\/index.php\/wp-json\/wp\/v2\/posts\/77170","targetHints":{"allow":["GET"]}}],"collection":[{"href":"https:\/\/bihavadis.com\/index.php\/wp-json\/wp\/v2\/posts"}],"about":[{"href":"https:\/\/bihavadis.com\/index.php\/wp-json\/wp\/v2\/types\/post"}],"author":[{"embeddable":true,"href":"https:\/\/bihavadis.com\/index.php\/wp-json\/wp\/v2\/users\/1"}],"replies":[{"embeddable":true,"href":"https:\/\/bihavadis.com\/index.php\/wp-json\/wp\/v2\/comments?post=77170"}],"version-history":[{"count":1,"href":"https:\/\/bihavadis.com\/index.php\/wp-json\/wp\/v2\/posts\/77170\/revisions"}],"predecessor-version":[{"id":77179,"href":"https:\/\/bihavadis.com\/index.php\/wp-json\/wp\/v2\/posts\/77170\/revisions\/77179"}],"wp:featuredmedia":[{"embeddable":true,"href":"https:\/\/bihavadis.com\/index.php\/wp-json\/wp\/v2\/media\/77171"}],"wp:attachment":[{"href":"https:\/\/bihavadis.com\/index.php\/wp-json\/wp\/v2\/media?parent=77170"}],"wp:term":[{"taxonomy":"category","embeddable":true,"href":"https:\/\/bihavadis.com\/index.php\/wp-json\/wp\/v2\/categories?post=77170"},{"taxonomy":"post_tag","embeddable":true,"href":"https:\/\/bihavadis.com\/index.php\/wp-json\/wp\/v2\/tags?post=77170"}],"curies":[{"name":"wp","href":"https:\/\/api.w.org\/{rel}","templated":true}]}}