{"id":77180,"date":"2026-05-01T08:36:10","date_gmt":"2026-05-01T08:36:10","guid":{"rendered":"https:\/\/bihavadis.com\/?p=77180"},"modified":"2026-05-01T08:36:10","modified_gmt":"2026-05-01T08:36:10","slug":"emeklileri-ve-emekli-olacaklari-yakindan-ilgilendiren-sistem-degisiyor","status":"publish","type":"post","link":"https:\/\/bihavadis.com\/index.php\/2026\/05\/01\/emeklileri-ve-emekli-olacaklari-yakindan-ilgilendiren-sistem-degisiyor\/","title":{"rendered":"Emeklileri ve emekli olacaklar\u0131 yak\u0131ndan ilgilendiren sistem de\u011fi\u015fiyor"},"content":{"rendered":"<p>Emekli maa\u015flar\u0131nda gelir adaletsizli\u011fini gidermeyi ama\u00e7layan yeni d\u00fczenlemeler g\u00fcndeme gelirken, h\u00fck\u00fcmetin k\u00f6kl\u00fc bir emeklilik sistemi de\u011fi\u015fikli\u011fi i\u00e7in \u00e7al\u0131\u015fma y\u00fcr\u00fctt\u00fc\u011f\u00fc iddia ediliyor.<\/p>\n<p><b>EMEKL\u0130L\u0130K S\u0130STEM\u0130NDE YEN\u0130 D\u00d6NEM HAZIRLI\u011eI<\/b><\/p>\n<p>Emekli maa\u015flar\u0131n\u0131n hesaplanma y\u00f6ntemi ve maa\u015flar aras\u0131ndaki farklar yeniden tart\u0131\u015fma konusu oldu. H\u00fck\u00fcmetin \u00fczerinde \u00e7al\u0131\u015ft\u0131\u011f\u0131 yeni d\u00fczenlemelerle, maa\u015flar aras\u0131ndaki u\u00e7urumun azalt\u0131lmas\u0131 ve en d\u00fc\u015f\u00fck emekli maa\u015f\u0131 uygulamas\u0131na olan ihtiyac\u0131n ortadan kald\u0131r\u0131lmas\u0131 hedefleniyor.<\/p>\n<p><b>ZAMLAR TARTI\u015eMAYI ALEVLEND\u0130RD\u0130<\/b><\/p>\n<p>Aral\u0131k 2025 enflasyon verilerinin a\u00e7\u0131klanmas\u0131n\u0131n ard\u0131ndan Ocak ay\u0131nda emekli maa\u015flar\u0131na yap\u0131lan zam oranlar\u0131 netle\u015fti. Buna g\u00f6re SSK ve Ba\u011f-Kur emeklileri y\u00fczde 12,19, memur ve memur emeklileri ise y\u00fczde 18,60 oran\u0131nda zam ald\u0131. Yap\u0131lan art\u0131\u015flarla birlikte en d\u00fc\u015f\u00fck emekli maa\u015f\u0131 20 bin TL&#8217;ye y\u00fckseltildi. Ancak zam oranlar\u0131 aras\u0131ndaki fark, emeklilik sistemine y\u00f6nelik ele\u015ftirileri yeniden g\u00fcndeme ta\u015f\u0131d\u0131.<\/p>\n<p><b>ANKARA KUL\u0130SLER\u0130NDE YEN\u0130 S\u0130STEM \u0130DD\u0130ASI<\/b><\/p>\n<p>Kulislerde konu\u015fulanlara g\u00f6re h\u00fck\u00fcmet, emekli maa\u015flar\u0131nda kapsaml\u0131 bir de\u011fi\u015fiklik i\u00e7in d\u00fc\u011fmeye bast\u0131. Ama\u00e7, en d\u00fc\u015f\u00fck emekli maa\u015f\u0131 uygulamas\u0131n\u0131 gereksiz k\u0131lacak, daha adil ve dengeli bir maa\u015f sistemi olu\u015fturmak. Bu kapsamda maa\u015f hesaplama y\u00f6ntemlerinin yeniden ele al\u0131nmas\u0131 planlan\u0131yor.<\/p>\n<p><b>KAPSAMLI \u00c7ALI\u015eMA Y\u00dcR\u00dcT\u00dcL\u00dcYOR<\/b><\/p>\n<p>Edinilen bilgilere g\u00f6re Cumhurba\u015fkanl\u0131\u011f\u0131, \u00c7al\u0131\u015fma ve Sosyal G\u00fcvenlik Bakanl\u0131\u011f\u0131 ile AKP y\u00f6netimi, emeklilik sistemiyle ilgili ortak bir \u00e7al\u0131\u015fma y\u00fcr\u00fct\u00fcyor. Emekli maa\u015flar\u0131ndaki gelir adaletsizli\u011finin giderilmesi, bu \u00e7al\u0131\u015fman\u0131n temel hedefleri aras\u0131nda yer al\u0131yor.<\/p>\n<p><b>BAKANLIKTA \u00d6ZEL KOM\u0130SYON<\/b><\/p>\n<p>\u00c7al\u0131\u015fma ve Sosyal G\u00fcvenlik Bakanl\u0131\u011f\u0131 b\u00fcnyesinde kurulan \u00f6zel komisyonun; maa\u015f hesaplama katsay\u0131lar\u0131n\u0131, prim \u00f6deme g\u00fcn say\u0131s\u0131 ve tutarlar\u0131n\u0131, en d\u00fc\u015f\u00fck emekli maa\u015f\u0131 uygulamas\u0131n\u0131 ve maa\u015flar aras\u0131ndaki farklar\u0131 detayl\u0131 bi\u00e7imde incelemesi bekleniyor.<\/p>\n<p><b>PR\u0130M VE MAA\u015e \u0130L\u0130\u015eK\u0130S\u0130 G\u00dc\u00c7LEND\u0130R\u0130LECEK<\/b><\/p>\n<p>De\u011ferlendirmelerde, d\u00fc\u015f\u00fck primle emekli olanlarla uzun y\u0131llar y\u00fcksek prim \u00f6deyenler aras\u0131ndaki maa\u015f fark\u0131n\u0131n ciddi bir sorun haline geldi\u011fi vurgulan\u0131yor. Yeni modelde prim \u00f6deme s\u00fcresi ve tutar\u0131n\u0131n maa\u015f \u00fczerindeki etkisinin art\u0131r\u0131lmas\u0131 planlan\u0131yor.<\/p>\n<p><b>ORTAK ZAM FORM\u00dcL\u00dc MASADA<\/b><\/p>\n<p>SSK, Ba\u011f-Kur ve Emekli Sand\u0131\u011f\u0131 emeklilerine farkl\u0131 zam oranlar\u0131 uygulanmas\u0131 da ele\u015ftirilen ba\u015fl\u0131klar aras\u0131nda yer al\u0131yor. Ekonomim&#8217;de yer alan habere g\u00f6re; t\u00fcm emeklileri kapsayan ortak zam uygulamas\u0131 se\u00e7ene\u011fi de de\u011ferlendirmeye al\u0131nd\u0131.<\/p>\n<p><b>HEDEF DAHA KALICI B\u0130R YAPI<\/b><\/p>\n<p>Planlanan d\u00fczenlemelerle, emekliler aras\u0131nda daha dengeli ve kal\u0131c\u0131 bir maa\u015f yap\u0131s\u0131n\u0131n olu\u015fturulmas\u0131, b\u00f6ylece en d\u00fc\u015f\u00fck emekli maa\u015f\u0131 uygulamas\u0131na duyulan ihtiyac\u0131n azalt\u0131lmas\u0131 ama\u00e7lan\u0131yor. Yeni emeklilik modeliyle ilgili \u00e7al\u0131\u015fmalar\u0131n \u00f6n\u00fcm\u00fczdeki s\u00fcre\u00e7te netle\u015fmesi bekleniyor.<\/p>\n","protected":false},"excerpt":{"rendered":"<p>Emekli maa\u015flar\u0131ndaki adaletsizli\u011fi gidermeyi hedefleyen h\u00fck\u00fcmetin, maa\u015f hesaplama y\u00f6ntemlerini ve zam sistemini kapsayan yeni bir emeklilik modeli \u00fczerinde \u00e7al\u0131\u015ft\u0131\u011f\u0131, en d\u00fc\u015f\u00fck emekli maa\u015f\u0131 uygulamas\u0131n\u0131 ortadan kald\u0131racak d\u00fczenlemelerin masada oldu\u011fu iddia ediliyor.<\/p>\n","protected":false},"author":1,"featured_media":77181,"comment_status":"open","ping_status":"open","sticky":false,"template":"","format":"standard","meta":{"footnotes":""},"categories":[8],"tags":[378,845,2131,7059,843],"class_list":["post-77180","post","type-post","status-publish","format-standard","has-post-thumbnail","hentry","category-ekonomi","tag-calisma","tag-emekli","tag-maas","tag-maaslar","tag-zam"],"_links":{"self":[{"href":"https:\/\/bihavadis.com\/index.php\/wp-json\/wp\/v2\/posts\/77180","targetHints":{"allow":["GET"]}}],"collection":[{"href":"https:\/\/bihavadis.com\/index.php\/wp-json\/wp\/v2\/posts"}],"about":[{"href":"https:\/\/bihavadis.com\/index.php\/wp-json\/wp\/v2\/types\/post"}],"author":[{"embeddable":true,"href":"https:\/\/bihavadis.com\/index.php\/wp-json\/wp\/v2\/users\/1"}],"replies":[{"embeddable":true,"href":"https:\/\/bihavadis.com\/index.php\/wp-json\/wp\/v2\/comments?post=77180"}],"version-history":[{"count":1,"href":"https:\/\/bihavadis.com\/index.php\/wp-json\/wp\/v2\/posts\/77180\/revisions"}],"predecessor-version":[{"id":77182,"href":"https:\/\/bihavadis.com\/index.php\/wp-json\/wp\/v2\/posts\/77180\/revisions\/77182"}],"wp:featuredmedia":[{"embeddable":true,"href":"https:\/\/bihavadis.com\/index.php\/wp-json\/wp\/v2\/media\/77181"}],"wp:attachment":[{"href":"https:\/\/bihavadis.com\/index.php\/wp-json\/wp\/v2\/media?parent=77180"}],"wp:term":[{"taxonomy":"category","embeddable":true,"href":"https:\/\/bihavadis.com\/index.php\/wp-json\/wp\/v2\/categories?post=77180"},{"taxonomy":"post_tag","embeddable":true,"href":"https:\/\/bihavadis.com\/index.php\/wp-json\/wp\/v2\/tags?post=77180"}],"curies":[{"name":"wp","href":"https:\/\/api.w.org\/{rel}","templated":true}]}}