{"id":77186,"date":"2026-05-01T08:42:10","date_gmt":"2026-05-01T08:42:10","guid":{"rendered":"https:\/\/bihavadis.com\/?p=77186"},"modified":"2026-05-01T08:42:10","modified_gmt":"2026-05-01T08:42:10","slug":"cumhurbaskani-erdogandan-irana-ali-hamaney-icin-taziye-mesaji","status":"publish","type":"post","link":"https:\/\/bihavadis.com\/index.php\/2026\/05\/01\/cumhurbaskani-erdogandan-irana-ali-hamaney-icin-taziye-mesaji\/","title":{"rendered":"Cumhurba\u015fkan\u0131 Erdo\u011fan&#8217;dan \u0130ran&#8217;a Ali Hamaney i\u00e7in taziye mesaj\u0131"},"content":{"rendered":"<p>Cumhurba\u015fkan\u0131 Recep Tayyip Erdo\u011fan, Ali Hamaney&#8217;in hayat\u0131n\u0131 kaybetmesi \u00fczerine sosyal medya platformu X \u00fczerinden bir taziye mesaj\u0131 yay\u0131mlad\u0131.<\/p>\n<p>Cumhurba\u015fkan\u0131 mesaj\u0131nda, Hamaney&#8217;in \u00f6l\u00fcm\u00fcnden duydu\u011fu \u00fcz\u00fcnt\u00fcy\u00fc dile getirerek, <b><em>&#8220;Kom\u015fumuz \u0130ran\u2019\u0131n Din\u00ee Lideri Ayetullah Ali Hamaney\u2019in d\u00fcn ger\u00e7ekle\u015fen sald\u0131r\u0131lar sonucunda hayat\u0131n\u0131 kaybetmesinden \u00fcz\u00fcnt\u00fc duydum. Say\u0131n Hamaney\u2019e Cenab-\u0131 Allah\u2019tan rahmet, karde\u015f \u0130ran halk\u0131na ba\u015fsa\u011fl\u0131\u011f\u0131 diliyor; \u00fclkem ve milletim ad\u0131na taziyelerimi iletiyorum.&#8221;<\/em><\/b> dedi.<\/p>\n<p><strong>&#8220;T\u00dcRK\u0130YE \u00c7ATI\u015eMALARIN SON BULMASI \u0130\u00c7\u0130N \u00c7ABALARINI S\u00dcRD\u00dcRECEK&#8221;<\/strong><\/p>\n<p>Cumhurba\u015fkan\u0131 Erdo\u011fan, \u0130ran halk\u0131n\u0131n ve b\u00f6lgedeki t\u00fcm dost \u00fclkelerin hak etti\u011fi huzura ve istikrara yeniden kavu\u015fmas\u0131 ve \u00e7at\u0131\u015fma ortam\u0131n\u0131n son bulmas\u0131 i\u00e7in T\u00fcrkiye olarak \u00e7abalar\u0131n kararl\u0131l\u0131kla s\u00fcrd\u00fcr\u00fclece\u011fini s\u00f6yledi.<\/p>\n<p><img decoding=\"async\" src=\"https:\/\/bihavadis.com\/wp-content\/uploads\/2026\/05\/cumhurbaskani-erdogandan-irana-ali-hamaney-icin-taziye-mesaji-0-En4GylSM.jpg\"\/><\/p>\n<p><strong>HAMANEY&#8217;\u0130N \u00d6L\u00dcM\u00dcN\u00dc \u0130RAN DEVLET TELEV\u0130ZYONU DUYURDU<\/strong><\/p>\n<p>\u0130ran devlet televizyonu, \u0130ran lideri Ayetullah Ali Hamaney&#8217;in ABD-\u0130srail sald\u0131r\u0131s\u0131nda hayat\u0131n\u0131 kaybetti\u011fini duyurdu.<\/p>\n<p>\u0130ran devlet televizyonu, Ali Hamaney&#8217;in hayat\u0131n\u0131 kaybetti\u011fini belirterek, <b><em>&#8220;\u0130ran \u0130slam devrimi lideri \u015fehadete ula\u015ft\u0131.&#8221;<\/em><\/b> ifadesini kulland\u0131.<\/p>\n<p>\u0130ran h\u00fck\u00fcmeti de Hamaney&#8217;in hayat\u0131n\u0131 kaybetmesi \u00fczerine 40 g\u00fcnl\u00fck ulusal yas ve 7 g\u00fcnl\u00fck resmi tatil ilan etti.<\/p>\n<p><img decoding=\"async\" src=\"https:\/\/bihavadis.com\/wp-content\/uploads\/2026\/05\/cumhurbaskani-erdogandan-irana-ali-hamaney-icin-taziye-mesaji-1-HVPxKTRz.jpg\"\/><\/p>\n<p><strong>KIZI, DAMADI, TORUNU VE GEL\u0130N\u0130 DE \u00d6LD\u00dc<\/strong><\/p>\n<p>ABD-\u0130srail&#8217;in sald\u0131r\u0131lar\u0131nda Hamaney&#8217;in aile bireylerinden baz\u0131lar\u0131n\u0131n hayat\u0131n\u0131 kaybetti\u011fi de do\u011fruland\u0131.<\/p>\n<p>\u0130ran liderinin evi ve ofisinin bulundu\u011fu alana yap\u0131lan ABD-\u0130srail sald\u0131r\u0131s\u0131nda Hamaney&#8217;in k\u0131z\u0131, damad\u0131, torunu ve gelinlerinden birinin hayat\u0131n\u0131 kaybetti\u011fi aktar\u0131ld\u0131.<\/p>\n<p>Hayat\u0131n\u0131 kaybedenlerin isimleri a\u00e7\u0131klanmad\u0131.<\/p>\n<div> <span><strong>Kaynak:<\/strong> Ensonhaber Haber Merkezi<\/span> <\/div>\n","protected":false},"excerpt":{"rendered":"<p>Cumhurba\u015fkan\u0131 Recep Tayyip Erdo\u011fan, Ali Hamaney&#8217;in hayat\u0131n\u0131 kaybetmesi \u00fczerine sosyal medya platformu X \u00fczerinden bir taziye mesaj\u0131 yay\u0131mlad\u0131. Cumhurba\u015fkan\u0131 mesaj\u0131nda, Hamaney&#8217;in \u00f6l\u00fcm\u00fcnden duydu\u011fu \u00fcz\u00fcnt\u00fcy\u00fc dile getirerek, &#8220;Kom\u015fumuz \u0130ran\u2019\u0131n Din\u00ee &#8230;<\/p>\n","protected":false},"author":1,"featured_media":77187,"comment_status":"open","ping_status":"open","sticky":false,"template":"","format":"standard","meta":{"footnotes":""},"categories":[9,13],"tags":[2835,271],"class_list":["post-77186","post","type-post","status-publish","format-standard","has-post-thumbnail","hentry","category-genel","category-son-dakika","tag-hayatini","tag-iran"],"_links":{"self":[{"href":"https:\/\/bihavadis.com\/index.php\/wp-json\/wp\/v2\/posts\/77186","targetHints":{"allow":["GET"]}}],"collection":[{"href":"https:\/\/bihavadis.com\/index.php\/wp-json\/wp\/v2\/posts"}],"about":[{"href":"https:\/\/bihavadis.com\/index.php\/wp-json\/wp\/v2\/types\/post"}],"author":[{"embeddable":true,"href":"https:\/\/bihavadis.com\/index.php\/wp-json\/wp\/v2\/users\/1"}],"replies":[{"embeddable":true,"href":"https:\/\/bihavadis.com\/index.php\/wp-json\/wp\/v2\/comments?post=77186"}],"version-history":[{"count":1,"href":"https:\/\/bihavadis.com\/index.php\/wp-json\/wp\/v2\/posts\/77186\/revisions"}],"predecessor-version":[{"id":77190,"href":"https:\/\/bihavadis.com\/index.php\/wp-json\/wp\/v2\/posts\/77186\/revisions\/77190"}],"wp:featuredmedia":[{"embeddable":true,"href":"https:\/\/bihavadis.com\/index.php\/wp-json\/wp\/v2\/media\/77187"}],"wp:attachment":[{"href":"https:\/\/bihavadis.com\/index.php\/wp-json\/wp\/v2\/media?parent=77186"}],"wp:term":[{"taxonomy":"category","embeddable":true,"href":"https:\/\/bihavadis.com\/index.php\/wp-json\/wp\/v2\/categories?post=77186"},{"taxonomy":"post_tag","embeddable":true,"href":"https:\/\/bihavadis.com\/index.php\/wp-json\/wp\/v2\/tags?post=77186"}],"curies":[{"name":"wp","href":"https:\/\/api.w.org\/{rel}","templated":true}]}}