{"id":77274,"date":"2026-05-01T09:51:08","date_gmt":"2026-05-01T09:51:08","guid":{"rendered":"https:\/\/bihavadis.com\/?p=77274"},"modified":"2026-05-01T09:51:08","modified_gmt":"2026-05-01T09:51:08","slug":"bayrampasada-kardeslik-yuruyusu","status":"publish","type":"post","link":"https:\/\/bihavadis.com\/index.php\/2026\/05\/01\/bayrampasada-kardeslik-yuruyusu\/","title":{"rendered":"Bayrampa\u015fa&#8217;da karde\u015flik y\u00fcr\u00fcy\u00fc\u015f\u00fc"},"content":{"rendered":"<p><span><span><span><b><span><span><span>\u0130stanbul Bayrampa\u015fa Belediyesi\u2019nin Kadir Gecesi dolay\u0131s\u0131yla d\u00fczenledi\u011fi y\u00fcr\u00fcy\u00fc\u015fte y\u00fczlerce ki\u015fi omuz omuza vererek karde\u015flik i\u00e7in y\u00fcr\u00fcd\u00fc. Vatanda\u015flara kandil simidi ikram\u0131nda bulunan ve y\u00fcr\u00fcy\u00fc\u015fe \u00f6nc\u00fcl\u00fck eden Belediye Ba\u015fkan Vekili \u0130brahim Ak\u0131n birlik ve beraberlik vurgusu yapt\u0131.<\/span><\/span><\/span><\/b><\/span><\/span><\/span><\/p>\n<p><span><span><span><span><span><span>\u0130stanbul Bayrampa\u015fa\u2019da Kadir Gecesi\u2019nin manevi atmosferi, karde\u015flik y\u00fcr\u00fcy\u00fc\u015f\u00fcyle ta\u00e7land\u0131. Bayrampa\u015fa Belediyesi taraf\u0131ndan d\u00fczenlenen etkinlikte y\u00fczlerce vatanda\u015f omuz omuza y\u00fcr\u00fcyerek dostluk, birlik ve beraberlik mesaj\u0131 verdi.<\/span><\/span><\/span><\/span><\/span><\/span><\/p>\n<p><span><span><span><span><span><span>Y\u00fcr\u00fcy\u00fc\u015f \u00f6ncesinde Cem Sultan Camii \u00f6n\u00fcnde vatanda\u015flarla bulu\u015fan \u0130brahim Ak\u0131n, kandil simidi ikram ederek vatanda\u015flar\u0131n Kadir Gecesi\u2019ni tebrik etti. Ak\u0131n yapt\u0131\u011f\u0131 konu\u015fmada, \u201cBu m\u00fcbarek gecenin ba\u015fta Bayrampa\u015fal\u0131 hem\u015fehrilerimiz olmak \u00fczere t\u00fcm \u0130slam \u00e2lemine hay\u0131rlar getirmesini diliyorum. Kadir Gecemiz m\u00fcbarek olsun. Allah, birli\u011fimizi, beraberli\u011fimizi ve karde\u015fli\u011fimizi daim etsin\u201d ifadelerini kulland\u0131.<\/span><\/span><\/span><\/span><\/span><\/span><\/p>\n<p><span><span><span><span><span><span>Y\u00fcr\u00fcy\u00fc\u015fe Bayrampa\u015fa Belediye Ba\u015fkan Vekili Ak\u0131n\u2019\u0131n yan\u0131 s\u0131ra Bayrampa\u015fa Kaymakam\u0131 Abdullah \u00c7ift\u00e7i, AK Parti Bayrampa\u015fa \u0130l\u00e7e Ba\u015fkan\u0131 Mehmet Acar ve Bayrampa\u015fa M\u00fcft\u00fcs\u00fc Recep Eren ile \u00e7ok say\u0131da vatanda\u015f kat\u0131ld\u0131.<\/span><\/span><\/span><\/span><\/span><\/span><\/p>\n<p><span><span><span><span><span><span>Y\u00fcr\u00fcy\u00fc\u015f\u00fcn ard\u0131ndan edilen dualarda, \u0130slam \u00e2leminin huzuru ve d\u00fcnya bar\u0131\u015f\u0131 i\u00e7in niyazda bulunuldu. <\/span><\/span><\/span><\/span><\/span><\/span><\/p>\n<p>\u00a0<\/p>\n<p>\u00a0<\/p>\n<p>Kaynak: (BYZHA) Beyaz Haber Ajans\u0131<\/p>\n","protected":false},"excerpt":{"rendered":"<p>\u0130stanbul Bayrampa\u015fa Belediyesi\u2019nin Kadir Gecesi dolay\u0131s\u0131yla d\u00fczenledi\u011fi y\u00fcr\u00fcy\u00fc\u015fte y\u00fczlerce ki\u015fi omuz omuza vererek karde\u015flik i\u00e7in y\u00fcr\u00fcd\u00fc.<\/p>\n","protected":false},"author":1,"featured_media":77275,"comment_status":"open","ping_status":"open","sticky":false,"template":"","format":"standard","meta":{"footnotes":""},"categories":[4],"tags":[1037,1226,1221],"class_list":["post-77274","post","type-post","status-publish","format-standard","has-post-thumbnail","hentry","category-gundem","tag-bayrampasa","tag-vatandas","tag-yuruyus"],"_links":{"self":[{"href":"https:\/\/bihavadis.com\/index.php\/wp-json\/wp\/v2\/posts\/77274","targetHints":{"allow":["GET"]}}],"collection":[{"href":"https:\/\/bihavadis.com\/index.php\/wp-json\/wp\/v2\/posts"}],"about":[{"href":"https:\/\/bihavadis.com\/index.php\/wp-json\/wp\/v2\/types\/post"}],"author":[{"embeddable":true,"href":"https:\/\/bihavadis.com\/index.php\/wp-json\/wp\/v2\/users\/1"}],"replies":[{"embeddable":true,"href":"https:\/\/bihavadis.com\/index.php\/wp-json\/wp\/v2\/comments?post=77274"}],"version-history":[{"count":1,"href":"https:\/\/bihavadis.com\/index.php\/wp-json\/wp\/v2\/posts\/77274\/revisions"}],"predecessor-version":[{"id":77276,"href":"https:\/\/bihavadis.com\/index.php\/wp-json\/wp\/v2\/posts\/77274\/revisions\/77276"}],"wp:featuredmedia":[{"embeddable":true,"href":"https:\/\/bihavadis.com\/index.php\/wp-json\/wp\/v2\/media\/77275"}],"wp:attachment":[{"href":"https:\/\/bihavadis.com\/index.php\/wp-json\/wp\/v2\/media?parent=77274"}],"wp:term":[{"taxonomy":"category","embeddable":true,"href":"https:\/\/bihavadis.com\/index.php\/wp-json\/wp\/v2\/categories?post=77274"},{"taxonomy":"post_tag","embeddable":true,"href":"https:\/\/bihavadis.com\/index.php\/wp-json\/wp\/v2\/tags?post=77274"}],"curies":[{"name":"wp","href":"https:\/\/api.w.org\/{rel}","templated":true}]}}