{"id":77337,"date":"2026-05-01T10:42:11","date_gmt":"2026-05-01T10:42:11","guid":{"rendered":"https:\/\/bihavadis.com\/?p=77337"},"modified":"2026-05-01T10:42:11","modified_gmt":"2026-05-01T10:42:11","slug":"hakkinda-sorusturma-baslatilan-erman-toroglu-ifadesini-verdi-iste-ilk-sozleri","status":"publish","type":"post","link":"https:\/\/bihavadis.com\/index.php\/2026\/05\/01\/hakkinda-sorusturma-baslatilan-erman-toroglu-ifadesini-verdi-iste-ilk-sozleri\/","title":{"rendered":"Hakk\u0131nda soru\u015fturma ba\u015flat\u0131lan Erman Toro\u011flu ifadesini verdi! \u0130\u015fte ilk s\u00f6zleri"},"content":{"rendered":"<p> Spor yorumcusu ve eski futbol hakemi Erman Toro\u011flu hakk\u0131nda, 8 \u015eubat 2026 tarihinde kat\u0131ld\u0131\u011f\u0131 bir televizyon program\u0131nda yapt\u0131\u011f\u0131 a\u00e7\u0131klamalar nedeniyle \u0130stanbul Cumhuriyet Ba\u015fsavc\u0131l\u0131\u011f\u0131 taraf\u0131ndan re&#8217;sen soru\u015fturma ba\u015flat\u0131ld\u0131.<\/p>\n<p><b>BA\u015eSAVCILIKTAN RESM\u0130 A\u00c7IKLAMA<\/b><\/p>\n<p>\u0130stanbul Cumhuriyet Ba\u015fsavc\u0131l\u0131\u011f\u0131&#8217;ndan yap\u0131lan a\u00e7\u0131klamada, Erman Toro\u011flu&#8217;nun T\u00fcrk Ceza Kanunu&#8217;nun 217\/A maddesi kapsam\u0131nda &#8220;Halk\u0131 Yan\u0131lt\u0131c\u0131 Bilgiyi Alenen Yayma&#8221; iddias\u0131yla soru\u015fturmaya dahil edildi\u011fi belirtildi. A\u00e7\u0131klamada, Toro\u011flu&#8217;nun \u015f\u00fcpheli s\u0131fat\u0131yla verdi\u011fi ifadede, programda dile getirdi\u011fi iddialar hakk\u0131nda do\u011frudan bilgi sahibi olmad\u0131\u011f\u0131n\u0131, duyuma dayal\u0131 bilgiler edindi\u011fini ve bu bilgilerin do\u011frulu\u011funu bilmedi\u011fini beyan etti\u011fi aktar\u0131ld\u0131.<\/p>\n<p><b>ADL\u0130 KONTROL TALEB\u0130YLE SEVK ED\u0130LD\u0130<\/b><\/p>\n<p>Ba\u015fsavc\u0131l\u0131k a\u00e7\u0131klamas\u0131nda, Erman Toro\u011flu&#8217;nun ifade i\u015flemlerinin tamamlanmas\u0131n\u0131n ard\u0131ndan adli kontrol talebiyle n\u00f6bet\u00e7i Sulh Ceza Hakimli\u011fi&#8217;ne sevk edildi\u011fi kaydedildi.<\/p>\n<p><b>PROGRAMDA NE DEM\u0130\u015eT\u0130?<\/b><\/p>\n<p>Erman Toro\u011flu, kat\u0131ld\u0131\u011f\u0131 televizyon program\u0131nda, &#8220;Dursun \u00d6zbek, federasyon ba\u015fkan\u0131na gizli g\u00f6r\u00fc\u015fmede &#8216;biz bu sene \u015fampiyon olmaya mecburuz, durum \u00e7ok k\u00f6t\u00fc, bize yard\u0131mc\u0131 ol destek \u00e7\u0131k&#8217; demi\u015f&#8221; ifadelerini kullanm\u0131\u015ft\u0131.<\/p>\n<p><b>ADL\u0130 KONTROLLE SERBEST BIRAKILDI<\/b><\/p>\n<p>Erman Toro\u011flu, hakimlikteki i\u015flemlerinin ard\u0131ndan adli kontrol \u015fart\u0131yla serbest b\u0131rak\u0131ld\u0131. Toro\u011flu, \u00e7\u0131k\u0131\u015fta yapt\u0131\u011f\u0131 a\u00e7\u0131klamada ise &#8220;Bana soracaklar\u0131n\u0131z\u0131 Galatasaray Ba\u015fkan\u0131 ve TFF Ba\u015fkan\u0131&#8217;na sorun&#8221; dedi.<\/p>\n","protected":false},"excerpt":{"rendered":"<p>Spor yorumcusu Erman Toro\u011flu hakk\u0131nda, televizyon program\u0131ndaki a\u00e7\u0131klamalar\u0131 nedeniyle &#8216;Halk\u0131 Yan\u0131lt\u0131c\u0131 Bilgiyi Alenen Yayma&#8217; iddias\u0131yla re&#8217;sen soru\u015fturma ba\u015flat\u0131ld\u0131. \u0130stanbul Cumhuriyet Ba\u015fsavc\u0131l\u0131\u011f\u0131, Toro\u011flu&#8217;nun ifade i\u015flemlerinin tamamlanmas\u0131n\u0131n ard\u0131ndan adli kontrol talebiyle n\u00f6bet\u00e7i Sulh Ceza Hakimli\u011fi&#8217;ne sevk edildi\u011fini a\u00e7\u0131klad\u0131. Toro\u011flu, \u00e7\u0131k\u0131\u015fta yapt\u0131\u011f\u0131 a\u00e7\u0131klamada ise &#8220;Bana soracaklar\u0131n\u0131z\u0131 Galatasaray Ba\u015fkan\u0131 ve TFF Ba\u015fkan\u0131&#8217;na sorun&#8221; dedi.<\/p>\n","protected":false},"author":1,"featured_media":77338,"comment_status":"open","ping_status":"open","sticky":false,"template":"","format":"standard","meta":{"footnotes":""},"categories":[14],"tags":[8243],"class_list":["post-77337","post","type-post","status-publish","format-standard","has-post-thumbnail","hentry","category-spor","tag-erman-toroglu"],"_links":{"self":[{"href":"https:\/\/bihavadis.com\/index.php\/wp-json\/wp\/v2\/posts\/77337","targetHints":{"allow":["GET"]}}],"collection":[{"href":"https:\/\/bihavadis.com\/index.php\/wp-json\/wp\/v2\/posts"}],"about":[{"href":"https:\/\/bihavadis.com\/index.php\/wp-json\/wp\/v2\/types\/post"}],"author":[{"embeddable":true,"href":"https:\/\/bihavadis.com\/index.php\/wp-json\/wp\/v2\/users\/1"}],"replies":[{"embeddable":true,"href":"https:\/\/bihavadis.com\/index.php\/wp-json\/wp\/v2\/comments?post=77337"}],"version-history":[{"count":1,"href":"https:\/\/bihavadis.com\/index.php\/wp-json\/wp\/v2\/posts\/77337\/revisions"}],"predecessor-version":[{"id":77339,"href":"https:\/\/bihavadis.com\/index.php\/wp-json\/wp\/v2\/posts\/77337\/revisions\/77339"}],"wp:featuredmedia":[{"embeddable":true,"href":"https:\/\/bihavadis.com\/index.php\/wp-json\/wp\/v2\/media\/77338"}],"wp:attachment":[{"href":"https:\/\/bihavadis.com\/index.php\/wp-json\/wp\/v2\/media?parent=77337"}],"wp:term":[{"taxonomy":"category","embeddable":true,"href":"https:\/\/bihavadis.com\/index.php\/wp-json\/wp\/v2\/categories?post=77337"},{"taxonomy":"post_tag","embeddable":true,"href":"https:\/\/bihavadis.com\/index.php\/wp-json\/wp\/v2\/tags?post=77337"}],"curies":[{"name":"wp","href":"https:\/\/api.w.org\/{rel}","templated":true}]}}