{"id":77340,"date":"2026-05-01T10:45:09","date_gmt":"2026-05-01T10:45:09","guid":{"rendered":"https:\/\/bihavadis.com\/?p=77340"},"modified":"2026-05-01T10:45:09","modified_gmt":"2026-05-01T10:45:09","slug":"baskan-pekyatirmaci-kadir-gecesinde-vatandaslarla-selcuklu-merkez-camiinde-bulustu","status":"publish","type":"post","link":"https:\/\/bihavadis.com\/index.php\/2026\/05\/01\/baskan-pekyatirmaci-kadir-gecesinde-vatandaslarla-selcuklu-merkez-camiinde-bulustu\/","title":{"rendered":"Ba\u015fkan Pekyat\u0131rmac\u0131 Kadir Gecesi&#8217;nde Vatanda\u015flarla Sel\u00e7uklu Merkez Camii&#8217;nde Bulu\u015ftu"},"content":{"rendered":"<p>Kur&#8217;an-\u0131 Kerim&#8217;in indirilmeye ba\u015fland\u0131\u011f\u0131, bin aydan daha hay\u0131rl\u0131 kabul edilen Kadir Gecesi,\u00a0 Sel\u00e7uklu \u2018da her sene oldu\u011fu gibi bu sene de manevi bir atmosferde idrak edildi.\u00a0 Sel\u00e7uklu Belediye Ba\u015fkan\u0131 Ahmet Pekyat\u0131rmac\u0131 da Sel\u00e7uklu Merkez Camii\u2019nde k\u0131l\u0131nan teravih namaz\u0131n\u0131n ard\u0131ndan vatanda\u015flarla bir araya geldi. Kadir Gecesi\u2019nin manevi iklimi vaaz, Kur\u2019an-\u0131 Kerim tilaveti ve edilen dualarla hep birlikte ya\u015fand\u0131.<\/p>\n<p>Ba\u015fkan Pekyat\u0131rmac\u0131\u2019ya programda Sel\u00e7uklu Kaymakam\u0131 Eflatun Can Tortop ve AK Parti Sel\u00e7uklu \u0130l\u00e7e Ba\u015fkan\u0131 Arif Ba\u011fc\u0131 da e\u015flik etti.<\/p>\n<p><b>Ba\u015fkan Pekyat\u0131rmac\u0131,\u201c Kadir Gecesi\u2019nin manevi atmosferini hem\u015fehrilerimizle birlikte ya\u015fad\u0131k\u201d<\/b><\/p>\n<p>Yo\u011fun kat\u0131l\u0131m\u0131n oldu\u011fu programda vatanda\u015flar\u0131n Kadir Gecesi\u2019ni tebrik eden Ba\u015fkan Pekyat\u0131rmac\u0131, Kadir Gecesi\u2019nin birlik, beraberlik ve karde\u015flik duygular\u0131n\u0131 peki\u015ftirdi\u011fini ifade etti. Pekyat\u0131rmac\u0131, bu m\u00fcbarek gecenin \u0130slam \u00e2lemine ve t\u00fcm insanl\u0131\u011fa hay\u0131rlar getirmesi temennisinde bulunarak, \u201cKutsal kitab\u0131m\u0131z Kur&#8217;an-\u0131 Kerim&#8217;in indirilmeye ba\u015fland\u0131\u011f\u0131, bin aydan daha hay\u0131rl\u0131 olan ve t\u00f6vbelerimizin kabul olaca\u011f\u0131n\u0131n m\u00fcjdelendi\u011fi bu m\u00fcbarek gecenin maneviyat\u0131n\u0131 hem\u015fehrilerimizle birlikte idrak etmek, ibadetlerimizi birlik, beraberlik i\u00e7inde ya\u015famak bizler i\u00e7in \u00e7ok k\u0131ymetli. Rabbim bu m\u00fcbarek gecede edilen dualar\u0131 kabul eylesin. Kadir Gecesi\u2019nin ba\u015fta \u00fclkemiz olmak \u00fczere t\u00fcm \u0130slam \u00e2lemine hay\u0131rlar getirmesini ve Ramazan Bayram\u0131\u2019na sa\u011fl\u0131kla ve huzurla kavu\u015fmay\u0131 temenni ediyorum\u201d dedi.\u00a0<\/p>\n<p>\u00a0<\/p>\n<p>\u00a0<\/p>\n<p>Kaynak: (BYZHA) Beyaz Haber Ajans\u0131<\/p>\n","protected":false},"excerpt":{"rendered":"<p>Kur&#8217;an-\u0131 Kerim&#8217;in indirilmeye ba\u015fland\u0131\u011f\u0131, bin aydan daha hay\u0131rl\u0131 kabul edilen Kadir Gecesi,\u00a0 Sel\u00e7uklu \u2018da her sene oldu\u011fu gibi bu sene de manevi bir atmosferde idrak edildi.\u00a0<\/p>\n","protected":false},"author":1,"featured_media":77341,"comment_status":"open","ping_status":"open","sticky":false,"template":"","format":"standard","meta":{"footnotes":""},"categories":[4],"tags":[1077],"class_list":["post-77340","post","type-post","status-publish","format-standard","has-post-thumbnail","hentry","category-gundem","tag-selcuklu"],"_links":{"self":[{"href":"https:\/\/bihavadis.com\/index.php\/wp-json\/wp\/v2\/posts\/77340","targetHints":{"allow":["GET"]}}],"collection":[{"href":"https:\/\/bihavadis.com\/index.php\/wp-json\/wp\/v2\/posts"}],"about":[{"href":"https:\/\/bihavadis.com\/index.php\/wp-json\/wp\/v2\/types\/post"}],"author":[{"embeddable":true,"href":"https:\/\/bihavadis.com\/index.php\/wp-json\/wp\/v2\/users\/1"}],"replies":[{"embeddable":true,"href":"https:\/\/bihavadis.com\/index.php\/wp-json\/wp\/v2\/comments?post=77340"}],"version-history":[{"count":1,"href":"https:\/\/bihavadis.com\/index.php\/wp-json\/wp\/v2\/posts\/77340\/revisions"}],"predecessor-version":[{"id":77342,"href":"https:\/\/bihavadis.com\/index.php\/wp-json\/wp\/v2\/posts\/77340\/revisions\/77342"}],"wp:featuredmedia":[{"embeddable":true,"href":"https:\/\/bihavadis.com\/index.php\/wp-json\/wp\/v2\/media\/77341"}],"wp:attachment":[{"href":"https:\/\/bihavadis.com\/index.php\/wp-json\/wp\/v2\/media?parent=77340"}],"wp:term":[{"taxonomy":"category","embeddable":true,"href":"https:\/\/bihavadis.com\/index.php\/wp-json\/wp\/v2\/categories?post=77340"},{"taxonomy":"post_tag","embeddable":true,"href":"https:\/\/bihavadis.com\/index.php\/wp-json\/wp\/v2\/tags?post=77340"}],"curies":[{"name":"wp","href":"https:\/\/api.w.org\/{rel}","templated":true}]}}