{"id":77343,"date":"2026-05-01T10:48:13","date_gmt":"2026-05-01T10:48:13","guid":{"rendered":"https:\/\/bihavadis.com\/?p=77343"},"modified":"2026-05-01T10:48:13","modified_gmt":"2026-05-01T10:48:13","slug":"cumhurbaskani-erdogan-ursula-von-der-leyen-ile-gorustu","status":"publish","type":"post","link":"https:\/\/bihavadis.com\/index.php\/2026\/05\/01\/cumhurbaskani-erdogan-ursula-von-der-leyen-ile-gorustu\/","title":{"rendered":"Cumhurba\u015fkan\u0131 Erdo\u011fan, Ursula von der Leyen ile g\u00f6r\u00fc\u015ft\u00fc"},"content":{"rendered":"<p>Cumhurba\u015fkanl\u0131\u011f\u0131 \u0130leti\u015fim Ba\u015fkanl\u0131\u011f\u0131&#8217;ndan yap\u0131lan a\u00e7\u0131klamaya g\u00f6re, Cumhurba\u015fkan\u0131 Recep Tayyip Erdo\u011fan, Avrupa Birli\u011fi Komisyonu Ba\u015fkan\u0131 Ursula von der Leyen ile ger\u00e7ekle\u015ftirdi\u011fi telefon g\u00f6r\u00fc\u015fmesi yapt\u0131.<\/p>\n<p>G\u00f6r\u00fc\u015fmede, \u0130ran\u2019a y\u00f6nelik sald\u0131r\u0131lar ve ard\u0131ndan ya\u015fanan \u00e7at\u0131\u015fmal\u0131 s\u00fcre\u00e7 ele ald\u0131.<\/p>\n<p><strong>&#8220;T\u00dcRK\u0130YE HER T\u00dcRL\u00dc DESTE\u011eE HAZIR&#8221;<\/strong><\/p>\n<p>Erdo\u011fan, T\u00fcrkiye\u2019nin t\u00fcm taraflar\u0131 diplomasi ve m\u00fczakere zeminine d\u00f6nmeye davet etti\u011fini vurgulayarak, bar\u0131\u015f s\u00fcrecine her t\u00fcrl\u00fc deste\u011fi sa\u011flamaya haz\u0131r olduklar\u0131n\u0131 belirtti.<\/p>\n<p>Cumhurba\u015fkan\u0131 ayr\u0131ca, bu s\u00fcre\u00e7te T\u00fcrkiye ile AB aras\u0131ndaki yak\u0131n e\u015f g\u00fcd\u00fcm\u00fcn s\u00fcrd\u00fcr\u00fclmesinin \u00f6nemine dikkat \u00e7ekti.<\/p>\n<p><img decoding=\"async\" src=\"https:\/\/bihavadis.com\/wp-content\/uploads\/2026\/05\/cumhurbaskani-erdogan-ursula-von-der-leyen-ile-gorustu-0-xb63AtUy.jpg\"\/> <\/p>\n<div> <span><strong>Kaynak:<\/strong> Ensonhaber Haber Merkezi<\/span> <\/div>\n","protected":false},"excerpt":{"rendered":"<p>Cumhurba\u015fkanl\u0131\u011f\u0131 \u0130leti\u015fim Ba\u015fkanl\u0131\u011f\u0131&#8217;ndan yap\u0131lan a\u00e7\u0131klamaya g\u00f6re, Cumhurba\u015fkan\u0131 Recep Tayyip Erdo\u011fan, Avrupa Birli\u011fi Komisyonu Ba\u015fkan\u0131 Ursula von der Leyen ile ger\u00e7ekle\u015ftirdi\u011fi telefon g\u00f6r\u00fc\u015fmesi yapt\u0131. G\u00f6r\u00fc\u015fmede, \u0130ran\u2019a y\u00f6nelik sald\u0131r\u0131lar ve &#8230;<\/p>\n","protected":false},"author":1,"featured_media":77344,"comment_status":"open","ping_status":"open","sticky":false,"template":"","format":"standard","meta":{"footnotes":""},"categories":[9,13],"tags":[],"class_list":["post-77343","post","type-post","status-publish","format-standard","has-post-thumbnail","hentry","category-genel","category-son-dakika"],"_links":{"self":[{"href":"https:\/\/bihavadis.com\/index.php\/wp-json\/wp\/v2\/posts\/77343","targetHints":{"allow":["GET"]}}],"collection":[{"href":"https:\/\/bihavadis.com\/index.php\/wp-json\/wp\/v2\/posts"}],"about":[{"href":"https:\/\/bihavadis.com\/index.php\/wp-json\/wp\/v2\/types\/post"}],"author":[{"embeddable":true,"href":"https:\/\/bihavadis.com\/index.php\/wp-json\/wp\/v2\/users\/1"}],"replies":[{"embeddable":true,"href":"https:\/\/bihavadis.com\/index.php\/wp-json\/wp\/v2\/comments?post=77343"}],"version-history":[{"count":1,"href":"https:\/\/bihavadis.com\/index.php\/wp-json\/wp\/v2\/posts\/77343\/revisions"}],"predecessor-version":[{"id":77346,"href":"https:\/\/bihavadis.com\/index.php\/wp-json\/wp\/v2\/posts\/77343\/revisions\/77346"}],"wp:featuredmedia":[{"embeddable":true,"href":"https:\/\/bihavadis.com\/index.php\/wp-json\/wp\/v2\/media\/77344"}],"wp:attachment":[{"href":"https:\/\/bihavadis.com\/index.php\/wp-json\/wp\/v2\/media?parent=77343"}],"wp:term":[{"taxonomy":"category","embeddable":true,"href":"https:\/\/bihavadis.com\/index.php\/wp-json\/wp\/v2\/categories?post=77343"},{"taxonomy":"post_tag","embeddable":true,"href":"https:\/\/bihavadis.com\/index.php\/wp-json\/wp\/v2\/tags?post=77343"}],"curies":[{"name":"wp","href":"https:\/\/api.w.org\/{rel}","templated":true}]}}