{"id":7751,"date":"2026-01-31T09:03:05","date_gmt":"2026-01-31T09:03:05","guid":{"rendered":"https:\/\/bihavadis.com\/?p=7751"},"modified":"2026-01-31T09:03:05","modified_gmt":"2026-01-31T09:03:05","slug":"ozlem-cercioglundan-ozgur-ozel-hakkinda-suc-duyurusu","status":"publish","type":"post","link":"https:\/\/bihavadis.com\/index.php\/2026\/01\/31\/ozlem-cercioglundan-ozgur-ozel-hakkinda-suc-duyurusu\/","title":{"rendered":"\u00d6zlem \u00c7er\u00e7io\u011flu&#8217;ndan \u00d6zg\u00fcr \u00d6zel hakk\u0131nda su\u00e7 duyurusu"},"content":{"rendered":"<p>CHP&#8217;de \u015faibeli kurultay s\u00fcreci, genel ba\u015fkanl\u0131k kavgas\u0131 ve yolsuzluk soru\u015fturmalar\u0131 istifalar\u0131 da beraberinde getirdi.<\/p>\n<p>Bu kapsamda CHP&#8217;lilerin <em><b>&#8216;Topuklu efe&#8217;<\/b><\/em> diyerek sahiplendi\u011fi Ayd\u0131n B\u00fcy\u00fck\u015fehir Belediye Ba\u015fkan\u0131 \u00d6zlem \u00c7er\u00e7io\u011flu, istifa ederek AK Parti&#8217;ye kat\u0131lm\u0131\u015ft\u0131.<\/p>\n<p>\u00c7er\u00e7io\u011flu bu hamlesi, CHP taraf\u0131ndan \u00f6zellikle Genel Ba\u015fkan \u00d6zg\u00fcr \u00d6zel taraf\u0131ndan \u00e7ok sert ifadelerle ele\u015ftirildi, ele\u015ftirilmeye de devam ediyor..<\/p>\n<p><strong>\u00d6ZG\u00dcR \u00d6ZEL HAKKINDA SU\u00c7 DUYURUSU<\/strong><\/p>\n<p>\u00d6zel&#8217;in kendisi hedef alan ifadelerine daha fazla kay\u0131ts\u0131z kalmayan\u00a0Ayd\u0131n B\u00fcy\u00fck\u015fehir Belediye Ba\u015fkan\u0131 \u00d6zlem \u00c7er\u00e7io\u011flu, CHP Genel Ba\u015fkan\u0131 \u00d6zg\u00fcr \u00d6zel&#8217;in kendisi hakk\u0131nda yapt\u0131\u011f\u0131 a\u00e7\u0131klamalar nedeniyle Cumhuriyet Ba\u015fsavc\u0131l\u0131\u011f\u0131na su\u00e7 duyurusunda bulundu\u011funu duyurdu.\u00a0<\/p>\n<p>Ba\u015fkan \u00c7er\u00e7io\u011flu, yaz\u0131l\u0131 bir a\u00e7\u0131klama yaparak, \u00d6zg\u00fcr \u00d6zel&#8217;in \u015fahs\u0131n\u0131 hedef alan a\u00e7\u0131klamalar\u0131n\u0131n ger\u00e7ek d\u0131\u015f\u0131, mesnetsiz ve iftira niteli\u011fi ta\u015f\u0131d\u0131\u011f\u0131n\u0131 belirtti.<\/p>\n<p>\u00c7er\u00e7io\u011flu, a\u00e7\u0131klamas\u0131nda, <em><b>&#8220;CHP Genel Ba\u015fkan\u0131 \u00d6zg\u00fcr \u00d6zel taraf\u0131ndan \u015fahs\u0131m\u0131 hedef alan; ger\u00e7ek d\u0131\u015f\u0131, mesnetsiz, iftira niteli\u011fi ta\u015f\u0131yan ve kamuoyunu yan\u0131ltmaya y\u00f6nelik a\u00e7\u0131klamalar hakk\u0131nda Cumhuriyet Ba\u015fsavc\u0131l\u0131\u011f\u0131na su\u00e7 duyurusunda bulunulmu\u015ftur&#8221;<\/b><\/em> ifadelerine yer verdi.<\/p>\n<p><img decoding=\"async\" src=\"https:\/\/bihavadis.com\/wp-content\/uploads\/2026\/01\/ozlem-cercioglundan-ozgur-ozel-hakkinda-suc-duyurusu-0-PVLGz68u.jpg\"\/><\/p>\n<p><strong>&#8220;\u0130FADELER\u0130 DEMOKRAT\u0130K S\u0130YASET ANLAYI\u015eI VE HUKUK DEVLET\u0130 \u0130LKELER\u0130YLE BA\u011eDA\u015eMIYOR&#8221;<\/strong><\/p>\n<p>\u00d6zlem \u00c7er\u00e7io\u011flu, hukuki, fiili veya somut bir dayana\u011f\u0131 bulunmayan bu ifadelerin ki\u015filik haklar\u0131n\u0131 ihlal etti\u011fini, kamuoyunu manip\u00fcle etmeyi ama\u00e7lad\u0131\u011f\u0131n\u0131 ve kamu d\u00fczenini zedeledi\u011fini savundu.<\/p>\n<p>Bu t\u00fcr a\u00e7\u0131klamalar\u0131n demokratik siyaset anlay\u0131\u015f\u0131 ve hukuk devleti ilkeleriyle ba\u011fda\u015fmad\u0131\u011f\u0131n\u0131 vurgulad\u0131.<\/p>\n<p>Kamu g\u00f6revi y\u00fcr\u00fctt\u00fc\u011f\u00fcn\u00fc belirten \u00c7er\u00e7io\u011flu, \u015fahs\u0131na ve temsil etti\u011fi makama y\u00f6neltilen ithamlar\u0131n kar\u015f\u0131l\u0131ks\u0131z b\u0131rak\u0131lmayaca\u011f\u0131n\u0131, iftira, karalama ve itibars\u0131zla\u015ft\u0131rma amac\u0131 ta\u015f\u0131yan t\u00fcm giri\u015fimlerin yarg\u0131 mercilerinin takdirine sunuldu\u011funu kaydetti.\u00a0<\/p>\n<p><img decoding=\"async\" src=\"https:\/\/bihavadis.com\/wp-content\/uploads\/2026\/01\/ozlem-cercioglundan-ozgur-ozel-hakkinda-suc-duyurusu-1-JxfQhv3k.jpg\"\/><\/p>\n","protected":false},"excerpt":{"rendered":"<p>Ayd\u0131n B\u00fcy\u00fck\u015fehir Belediye Ba\u015fkan\u0131 \u00d6zlem \u00c7er\u00e7io\u011flu, CHP Genel Ba\u015fkan\u0131 \u00d6zg\u00fcr \u00d6zel&#8217;in kendisi hakk\u0131nda yapt\u0131\u011f\u0131 a\u00e7\u0131klamalar nedeniyle Cumhuriyet Ba\u015fsavc\u0131l\u0131\u011f\u0131na su\u00e7 duyurusunda bulundu\u011funu duyurdu.<\/p>\n","protected":false},"author":1,"featured_media":7752,"comment_status":"open","ping_status":"open","sticky":false,"template":"","format":"standard","meta":{"footnotes":""},"categories":[9,4,12],"tags":[516,1845,1637,1846],"class_list":["post-7751","post","type-post","status-publish","format-standard","has-post-thumbnail","hentry","category-genel","category-gundem","category-siyaset","tag-baskan","tag-cercioglu","tag-chp","tag-ozgur-ozel"],"_links":{"self":[{"href":"https:\/\/bihavadis.com\/index.php\/wp-json\/wp\/v2\/posts\/7751","targetHints":{"allow":["GET"]}}],"collection":[{"href":"https:\/\/bihavadis.com\/index.php\/wp-json\/wp\/v2\/posts"}],"about":[{"href":"https:\/\/bihavadis.com\/index.php\/wp-json\/wp\/v2\/types\/post"}],"author":[{"embeddable":true,"href":"https:\/\/bihavadis.com\/index.php\/wp-json\/wp\/v2\/users\/1"}],"replies":[{"embeddable":true,"href":"https:\/\/bihavadis.com\/index.php\/wp-json\/wp\/v2\/comments?post=7751"}],"version-history":[{"count":1,"href":"https:\/\/bihavadis.com\/index.php\/wp-json\/wp\/v2\/posts\/7751\/revisions"}],"predecessor-version":[{"id":7755,"href":"https:\/\/bihavadis.com\/index.php\/wp-json\/wp\/v2\/posts\/7751\/revisions\/7755"}],"wp:featuredmedia":[{"embeddable":true,"href":"https:\/\/bihavadis.com\/index.php\/wp-json\/wp\/v2\/media\/7752"}],"wp:attachment":[{"href":"https:\/\/bihavadis.com\/index.php\/wp-json\/wp\/v2\/media?parent=7751"}],"wp:term":[{"taxonomy":"category","embeddable":true,"href":"https:\/\/bihavadis.com\/index.php\/wp-json\/wp\/v2\/categories?post=7751"},{"taxonomy":"post_tag","embeddable":true,"href":"https:\/\/bihavadis.com\/index.php\/wp-json\/wp\/v2\/tags?post=7751"}],"curies":[{"name":"wp","href":"https:\/\/api.w.org\/{rel}","templated":true}]}}