{"id":77560,"date":"2026-05-01T14:00:08","date_gmt":"2026-05-01T14:00:08","guid":{"rendered":"https:\/\/bihavadis.com\/?p=77560"},"modified":"2026-05-01T14:00:08","modified_gmt":"2026-05-01T14:00:08","slug":"antalya-buyuksehir-belediye-baskan-vekili-busra-ozdemirin-18-mart-mesaji","status":"publish","type":"post","link":"https:\/\/bihavadis.com\/index.php\/2026\/05\/01\/antalya-buyuksehir-belediye-baskan-vekili-busra-ozdemirin-18-mart-mesaji\/","title":{"rendered":"Antalya B\u00fcy\u00fck\u015fehir Belediye Ba\u015fkan Vekili B\u00fc\u015fra \u00d6zdemir&#8217;in 18 Mart Mesaj\u0131"},"content":{"rendered":"<p><span><span><span>18 Mart\u2026 Sadece bir tarih de\u011fil; bir milletin kaderini de\u011fi\u015ftiren g\u00fcn, bir milletin y\u00fcre\u011fine kaz\u0131nm\u0131\u015f destan\u0131n ad\u0131d\u0131r.<\/span><\/span><\/span><\/p>\n<p><span><span><span>\u00c7anakkale Sava\u015f\u0131 yaln\u0131zca bir cephe sava\u015f\u0131 de\u011fildir; bir milletin \u201cvatan\u201d dedi\u011fi toprak i\u00e7in neleri g\u00f6ze alabilece\u011finin en somut kan\u0131t\u0131d\u0131r. \u0130mk\u00e2ns\u0131zl\u0131klar i\u00e7inde vatan\u0131n\u0131 savunan bir milletin; inanc\u0131, cesareti ve fedak\u00e2rl\u0131\u011f\u0131yla d\u00fcnyan\u0131n en g\u00fc\u00e7l\u00fc ordular\u0131na kar\u015f\u0131 g\u00f6z\u00fcn\u00fc bile k\u0131rpmadan can\u0131n\u0131 ortaya koyan T\u00fcrk ordusuyla yazd\u0131\u011f\u0131 e\u015fsiz bir kahramanl\u0131k destan\u0131d\u0131r \u00c7anakkale.<\/span><\/span><\/span><\/p>\n<p><span><span><span>\u00c7anakkale Deniz Zaferi\u2019nin 111\u2019inci y\u0131l d\u00f6n\u00fcm\u00fc ve 18 Mart \u015eehitleri Anma G\u00fcn\u00fc\u2019nde ba\u015fta Gazi Mustafa Kemal Atat\u00fcrk olmak \u00fczere; \u00c7anakkale\u2019yi ge\u00e7ilmez k\u0131lan t\u00fcm kahramanlar\u0131m\u0131z\u0131, \u015fehitlerimizi ve gazilerimizi rahmet, minnet, sevgi ve sayg\u0131yla an\u0131yorum.<\/span><\/span><\/span><\/p>\n<p><span><span><span>1915\u2019te d\u00fcnyan\u0131n en g\u00fc\u00e7l\u00fc donanmalar\u0131na ve ordular\u0131na sahip devletler Osmanl\u0131\u2019y\u0131 yenmek i\u00e7in \u00c7anakkale\u2019ye gelmi\u015f, ancak yokluk i\u00e7indeki bir millet; d\u00fcnyada e\u015fine az rastlan\u0131r bir inan\u00e7 ve kararl\u0131l\u0131kla bu sald\u0131r\u0131y\u0131 durdurmu\u015ftur. \u00d6zg\u00fcrl\u00fck ve ba\u011f\u0131ms\u0131zl\u0131k u\u011fruna topyek\u00fbn direnen T\u00fcrk Milleti, destan yazd\u0131\u011f\u0131 \u00c7anakkale\u2019yi ge\u00e7ilmez k\u0131lm\u0131\u015ft\u0131r.<\/span><\/span><\/span><\/p>\n<p><span><span><span>\u00c7anakkale Sava\u015f\u0131 yaln\u0131zca T\u00fcrk tarihinde de\u011fil, belki de d\u00fcnya tarihinde en unutulmaz kahramanl\u0131klar\u0131n yaz\u0131ld\u0131\u011f\u0131 sava\u015flardan biridir. Anafartalar\u2019da 19. T\u00fcmen Komutan\u0131 olan Mustafa Kemal Atat\u00fcrk\u2019\u00fcn \u201cBen size taarruzu de\u011fil, \u00f6lmeyi emrediyorum.\u201d s\u00f6z\u00fc; sadece askeri bir emir de\u011fil, ard\u0131nda \u00e7ok daha derin anlamlar ta\u015f\u0131yan bir mesajd\u0131r. Bu s\u00f6z, T\u00fcrk ordusunun \u00f6l\u00fcme ra\u011fmen direni\u015f ruhunu simgeler; fedak\u00e2rl\u0131\u011f\u0131n, vatan sevgisinin ve kararl\u0131l\u0131\u011f\u0131n en g\u00fc\u00e7l\u00fc ifadesidir.<\/span><\/span><\/span><\/p>\n<p><span><span><span>\u00c7anakkale\u2019de ya\u015fananlar yaln\u0131zca askeri bir zafer de\u011fil; milli bir direni\u015fin, bir milletin yeniden do\u011fu\u015funun simgesidir. Cephede ya\u015fanan pek \u00e7ok olay akl\u0131n ve mant\u0131\u011f\u0131n \u00f6tesinde bir inan\u00e7la ger\u00e7ekle\u015fmi\u015f, T\u00fcrk Milleti\u2019nin ba\u011f\u0131ms\u0131zl\u0131k i\u00e7in verdi\u011fi m\u00fccadelenin b\u00fcy\u00fckl\u00fc\u011f\u00fcn\u00fc t\u00fcm d\u00fcnyaya g\u00f6stermi\u015ftir. \u0130nsan\u00fcst\u00fc bir \u00e7abayla 276 kiloluk top mermisini s\u0131rtlayan Seyit Onba\u015f\u0131, Nusret May\u0131n Gemisi ile d\u00f6\u015fedi\u011fi may\u0131nlarla d\u00fc\u015fman\u0131 durduran Hakk\u0131 Bey ve m\u00fcrettebat\u0131, neredeyse tamam\u0131 \u015fehit olan 57. Alay\u2019\u0131n gen\u00e7 kahramanlar\u0131\u2026 Her biri, vatan u\u011fruna can\u0131n\u0131 ortaya koyan birer destand\u0131r. <\/span><\/span><\/span><\/p>\n<p><span><span><span>Bu destanda topra\u011fa d\u00fc\u015fen binlerce yi\u011fidin yan\u0131nda, cephe gerisinde mermi ta\u015f\u0131yan, yaral\u0131lar\u0131 saran, evlad\u0131n\u0131 askere u\u011furlayan T\u00fcrk kad\u0131n\u0131n\u0131n da sessiz ama en b\u00fcy\u00fck kahramanl\u0131\u011f\u0131 vard\u0131r. Cesaretle ordusunun yan\u0131nda duran, g\u00f6zya\u015f\u0131n\u0131 i\u00e7ine ak\u0131tan kad\u0131nlar bu zaferin g\u00f6r\u00fcnmeyen kahramanlar\u0131d\u0131r.<\/span><\/span><\/span><\/p>\n<p><span><span><span>\u00c7anakkale\u2019de verilen m\u00fccadele t\u00fcm d\u00fcnyada sayg\u0131yla an\u0131l\u0131r. Mustafa Kemal Atat\u00fcrk\u2019\u00fcn sava\u015f\u0131n ard\u0131ndan s\u00f6yledi\u011fi \u201cBu memleketin topraklar\u0131 \u00fczerinde kanlar\u0131n\u0131 d\u00f6ken kahramanlar! Burada bir dost vatan\u0131n topra\u011f\u0131ndas\u0131n\u0131z\u2026\u201d s\u00f6zleri ise insanl\u0131\u011fa verilen en anlaml\u0131 bar\u0131\u015f mesajlar\u0131ndan biridir. Ancak \u00c7anakkale\u2019yi ge\u00e7ilmez k\u0131lan bu destan\u0131n bedeli a\u011f\u0131r olmu\u015ftur. Tarihin en kanl\u0131 cephelerinden biri olarak kabul edilen \u00c7anakkale\u2019de y\u00fcz binlerce vatan evlad\u0131 hayat\u0131n\u0131 kaybetmi\u015f, bir nesil vatan u\u011fruna topra\u011fa d\u00fc\u015fm\u00fc\u015ft\u00fcr. Fakat o fedak\u00e2rl\u0131k sayesinde bir millet esaret yerine ba\u011f\u0131ms\u0131zl\u0131\u011f\u0131 se\u00e7mi\u015f ve tarihini yeniden yazm\u0131\u015ft\u0131r.<\/span><\/span><\/span><\/p>\n<p><span><span><span>Y\u00fczy\u0131llar boyunca sava\u015flar \u00e7o\u011fu zaman kazanan\u0131 olmayan b\u00fcy\u00fck ac\u0131lar b\u0131rakm\u0131\u015ft\u0131r. D\u00fcn \u00c7anakkale\u2019de gen\u00e7ler topra\u011fa d\u00fc\u015ferken, bug\u00fcn d\u00fcnyan\u0131n farkl\u0131 co\u011frafyalar\u0131nda yine anneler a\u011flamakta, \u015fehirler y\u0131k\u0131lmakta ve insanl\u0131k bedel \u00f6demektedir. Bu y\u00fczden 18 Mart yaln\u0131zca bir zafer g\u00fcn\u00fc de\u011fil; ayn\u0131 zamanda bar\u0131\u015f\u0131n de\u011ferini hat\u0131rlama g\u00fcn\u00fcd\u00fcr. Bir millet vatan\u0131 i\u00e7in her \u015feyi g\u00f6ze alabilir ancak insanl\u0131k i\u00e7in en b\u00fcy\u00fck zafer, sava\u015flar\u0131n de\u011fil bar\u0131\u015f\u0131n kazand\u0131\u011f\u0131 g\u00fcnd\u00fcr.<\/span><\/span><\/span><\/p>\n<p><span><span><span>Bu duygu ve d\u00fc\u015f\u00fcncelerle, 18 Mart \u00c7anakkale Zaferi\u2019nin y\u0131l d\u00f6n\u00fcm\u00fcnde ba\u015fta \u00c7anakkale\u2019yi ge\u00e7ilmez k\u0131larak Cumhuriyet\u2019e giden yolu ayd\u0131nlatan Gazi Mustafa Kemal Atat\u00fcrk olmak \u00fczere, t\u00fcm kahramanlar\u0131m\u0131z\u0131 bir kez daha sevgi, sayg\u0131, rahmet ve minnetle an\u0131yorum.<\/span><\/span><\/span><\/p>\n<p>\u00a0<\/p>\n<p>Kaynak: (BYZHA) Beyaz Haber Ajans\u0131<\/p>\n","protected":false},"excerpt":{"rendered":"<p>18 Mart\u2026 Sadece bir tarih de\u011fil; bir milletin kaderini de\u011fi\u015ftiren g\u00fcn, bir milletin y\u00fcre\u011fine kaz\u0131nm\u0131\u015f destan\u0131n ad\u0131d\u0131r.<\/p>\n","protected":false},"author":1,"featured_media":77561,"comment_status":"open","ping_status":"open","sticky":false,"template":"","format":"standard","meta":{"footnotes":""},"categories":[4],"tags":[4245,437,2552,5676,1400],"class_list":["post-77560","post","type-post","status-publish","format-standard","has-post-thumbnail","hentry","category-gundem","tag-canakkale","tag-dunya","tag-top","tag-vatan","tag-zafer"],"_links":{"self":[{"href":"https:\/\/bihavadis.com\/index.php\/wp-json\/wp\/v2\/posts\/77560","targetHints":{"allow":["GET"]}}],"collection":[{"href":"https:\/\/bihavadis.com\/index.php\/wp-json\/wp\/v2\/posts"}],"about":[{"href":"https:\/\/bihavadis.com\/index.php\/wp-json\/wp\/v2\/types\/post"}],"author":[{"embeddable":true,"href":"https:\/\/bihavadis.com\/index.php\/wp-json\/wp\/v2\/users\/1"}],"replies":[{"embeddable":true,"href":"https:\/\/bihavadis.com\/index.php\/wp-json\/wp\/v2\/comments?post=77560"}],"version-history":[{"count":1,"href":"https:\/\/bihavadis.com\/index.php\/wp-json\/wp\/v2\/posts\/77560\/revisions"}],"predecessor-version":[{"id":77562,"href":"https:\/\/bihavadis.com\/index.php\/wp-json\/wp\/v2\/posts\/77560\/revisions\/77562"}],"wp:featuredmedia":[{"embeddable":true,"href":"https:\/\/bihavadis.com\/index.php\/wp-json\/wp\/v2\/media\/77561"}],"wp:attachment":[{"href":"https:\/\/bihavadis.com\/index.php\/wp-json\/wp\/v2\/media?parent=77560"}],"wp:term":[{"taxonomy":"category","embeddable":true,"href":"https:\/\/bihavadis.com\/index.php\/wp-json\/wp\/v2\/categories?post=77560"},{"taxonomy":"post_tag","embeddable":true,"href":"https:\/\/bihavadis.com\/index.php\/wp-json\/wp\/v2\/tags?post=77560"}],"curies":[{"name":"wp","href":"https:\/\/api.w.org\/{rel}","templated":true}]}}