{"id":77616,"date":"2026-05-01T14:45:15","date_gmt":"2026-05-01T14:45:15","guid":{"rendered":"https:\/\/bihavadis.com\/?p=77616"},"modified":"2026-05-01T14:45:15","modified_gmt":"2026-05-01T14:45:15","slug":"netanyahunun-ucagi-almanyada-kalmaya-devam-ediyor","status":"publish","type":"post","link":"https:\/\/bihavadis.com\/index.php\/2026\/05\/01\/netanyahunun-ucagi-almanyada-kalmaya-devam-ediyor\/","title":{"rendered":"Netanyahu&#8217;nun u\u00e7a\u011f\u0131 Almanya&#8217;da kalmaya devam ediyor"},"content":{"rendered":"<p>U\u00e7u\u015f takip sitesi Flight Tracker&#8217;a g\u00f6re ABD ve \u0130srail&#8217;in \u0130ran\u2019a ba\u015flatt\u0131\u011f\u0131 sald\u0131r\u0131lar\u0131n hemen ard\u0131ndan \u0130srail Ba\u015fbakan\u0131 Binyamin Netanyahu&#8217;nun u\u00e7a\u011f\u0131 &#8216;Wing of Zion&#8217; \u00fclkeden ayr\u0131ld\u0131.<\/p>\n<p>Yerel saatle sabah 08.21&#8217;de Beer\u015feba kentindeki bir hava \u00fcss\u00fcnden kalkan u\u00e7ak ak\u015fam yerel saatle 21.29&#8217;da Almanya&#8217;n\u0131n ba\u015fkenti Berlin&#8217;e indi.<\/p>\n<p><strong>AMA\u00c7 G\u00dcVENL\u0130K R\u0130SK\u0130N\u0130 EN AZA \u0130ND\u0130RMEK<\/strong><\/p>\n<p>\u0130srail h\u00fck\u00fcmetine ait u\u00e7a\u011f\u0131n g\u00fcvenlik riskini en aza indirmek amac\u0131yla \u0130srail&#8217;den ayr\u0131ld\u0131\u011f\u0131 de\u011ferlendiriliyor.<\/p>\n<p>\u0130srail&#8217;in \u0130ran\u2019a ge\u00e7en y\u0131l haziran ay\u0131nda d\u00fczenledi\u011fi sald\u0131r\u0131lar s\u0131ras\u0131nda da u\u00e7ak, yurt d\u0131\u015f\u0131na \u00e7\u0131kar\u0131lm\u0131\u015ft\u0131.<\/p>\n<div> <span><strong>Kaynak:<\/strong> Ensonhaber Haber Merkezi<\/span> <\/div>\n","protected":false},"excerpt":{"rendered":"<p>U\u00e7u\u015f takip sitesi Flight Tracker&#8217;a g\u00f6re ABD ve \u0130srail&#8217;in \u0130ran\u2019a ba\u015flatt\u0131\u011f\u0131 sald\u0131r\u0131lar\u0131n hemen ard\u0131ndan \u0130srail Ba\u015fbakan\u0131 Binyamin Netanyahu&#8217;nun u\u00e7a\u011f\u0131 &#8216;Wing of Zion&#8217; \u00fclkeden ayr\u0131ld\u0131. Yerel saatle sabah 08.21&#8217;de Beer\u015feba kentindeki bir hava \u00fcss\u00fcnden &#8230;<\/p>\n","protected":false},"author":1,"featured_media":77617,"comment_status":"open","ping_status":"open","sticky":false,"template":"","format":"standard","meta":{"footnotes":""},"categories":[6],"tags":[792],"class_list":["post-77616","post","type-post","status-publish","format-standard","has-post-thumbnail","hentry","category-dunya","tag-israil"],"_links":{"self":[{"href":"https:\/\/bihavadis.com\/index.php\/wp-json\/wp\/v2\/posts\/77616","targetHints":{"allow":["GET"]}}],"collection":[{"href":"https:\/\/bihavadis.com\/index.php\/wp-json\/wp\/v2\/posts"}],"about":[{"href":"https:\/\/bihavadis.com\/index.php\/wp-json\/wp\/v2\/types\/post"}],"author":[{"embeddable":true,"href":"https:\/\/bihavadis.com\/index.php\/wp-json\/wp\/v2\/users\/1"}],"replies":[{"embeddable":true,"href":"https:\/\/bihavadis.com\/index.php\/wp-json\/wp\/v2\/comments?post=77616"}],"version-history":[{"count":1,"href":"https:\/\/bihavadis.com\/index.php\/wp-json\/wp\/v2\/posts\/77616\/revisions"}],"predecessor-version":[{"id":77618,"href":"https:\/\/bihavadis.com\/index.php\/wp-json\/wp\/v2\/posts\/77616\/revisions\/77618"}],"wp:featuredmedia":[{"embeddable":true,"href":"https:\/\/bihavadis.com\/index.php\/wp-json\/wp\/v2\/media\/77617"}],"wp:attachment":[{"href":"https:\/\/bihavadis.com\/index.php\/wp-json\/wp\/v2\/media?parent=77616"}],"wp:term":[{"taxonomy":"category","embeddable":true,"href":"https:\/\/bihavadis.com\/index.php\/wp-json\/wp\/v2\/categories?post=77616"},{"taxonomy":"post_tag","embeddable":true,"href":"https:\/\/bihavadis.com\/index.php\/wp-json\/wp\/v2\/tags?post=77616"}],"curies":[{"name":"wp","href":"https:\/\/api.w.org\/{rel}","templated":true}]}}