{"id":77699,"date":"2026-05-01T16:00:24","date_gmt":"2026-05-01T16:00:24","guid":{"rendered":"https:\/\/bihavadis.com\/?p=77699"},"modified":"2026-05-01T16:00:24","modified_gmt":"2026-05-01T16:00:24","slug":"haymana-iklim-dayanikli-tarim-ve-sel-onleme-projesinin-merkezi-oluyor","status":"publish","type":"post","link":"https:\/\/bihavadis.com\/index.php\/2026\/05\/01\/haymana-iklim-dayanikli-tarim-ve-sel-onleme-projesinin-merkezi-oluyor\/","title":{"rendered":"Haymana, \u0130klim Dayan\u0131kl\u0131 Tar\u0131m ve Sel \u00d6nleme Projesi&#8217;nin Merkezi Oluyor"},"content":{"rendered":"<p><span><span><span>Toplam b\u00fct\u00e7esi yakla\u015f\u0131k 801 bin Euro olan ve %90\u2019\u0131 Avrupa Birli\u011fi taraf\u0131ndan e\u015f finanse edilen 24 ay s\u00fcreli dev proje; kurakl\u0131k, sel ve ta\u015fk\u0131n gibi do\u011fal afetlere kar\u015f\u0131 modern altyap\u0131 \u00e7\u00f6z\u00fcmleri ile teknolojik tar\u0131m uygulamalar\u0131n\u0131 Haymana\u2019da bulu\u015fturuyor.<\/span><\/span><\/span><\/p>\n<p><span><span><span><b>\u0130lk G\u00fcn: Haymana\u2019daA\u00e7\u0131l\u0131\u015f Toplant\u0131s\u0131 (9 Mart)<\/b><\/span><\/span><\/span><\/p>\n<p><span><span><span>Projenin ilk aya\u011f\u0131, 9 Mart 2026 tarihinde Haymana Belediyesi ev sahipli\u011finde Bonjur Termal Otel\u2019de ger\u00e7ekle\u015ftirilen a\u00e7\u0131l\u0131\u015f toplant\u0131s\u0131 oldu. Protokol \u00fcyeleri ve proje payda\u015flar\u0131n\u0131n kat\u0131ld\u0131\u011f\u0131 bu oturumda, projenin genel ve \u00f6zel hedefleri masaya yat\u0131r\u0131larak Haymana\u2019n\u0131n gelece\u011fi \u00fczerindeki \u00e7evresel ve ekonomik etkileri masaya yat\u0131r\u0131ld\u0131.<\/span><\/span><\/span><\/p>\n<p><span><span><span>A\u00e7\u0131l\u0131\u015f toplant\u0131s\u0131na Haymana Belediye Ba\u015fkan\u0131 Levent Ko\u00e7\u2019 ve Haymana Belediye Ba\u015fkan Yard\u0131mc\u0131lar\u0131\u2019n\u0131n yan\u0131 s\u0131ra ABB Genel Sekreter Yard\u0131mc\u0131s\u0131 Ahmet Mekin T\u00fcz\u00fcn, ABB Afet \u0130\u015fleri ve Risk Y\u00f6netimi Dairesi Ba\u015fkan\u0131 \u00d6zkan Erel, K\u0131rsal Hizmetler Dairesi Ba\u015fkan\u0131 H\u00fcseyin \u015eemsi Uysal, TTKD Genel Ba\u015fkan\u0131 ve Proje Koordinat\u00f6r\u00fc Ali R\u0131za Ko\u00e7 ile Haymana Ticaret Borsas\u0131 Genel Sekreteri O\u011fuz \u00d6zerve proje ortaklar\u0131n\u0131n temsilcileri kat\u0131ld\u0131.<\/span><\/span><\/span><\/p>\n<p><span><span><span><b>\u0130kinci G\u00fcn: ABB\u2019deOperasyonel Start (10 Mart)<\/b><\/span><\/span><\/span><\/p>\n<p><span><span><span>S\u00fcrecin ikinci g\u00fcn\u00fcnde ise heyet, projenin uygulama ve takip protokollerini netle\u015ftirmek \u00fczere Ankara B\u00fcy\u00fck\u015fehir Belediyesi (ABB) merkez binas\u0131nda bir araya geldi.<\/span><\/span><\/span><\/p>\n<p><span><span><span>Bu kritik toplant\u0131da, projenin 24 ayl\u0131k takvimi boyunca ortaklar\u0131n \u00fcstlenece\u011fi sorumluluklar ve operasyonel yap\u0131 detayland\u0131r\u0131ld\u0131. Haymana Belediyesi temsilcilerinin de kat\u0131l\u0131m sa\u011flad\u0131\u011f\u0131 bu oturumda, uygulama stratejileri \u00fczerinde mutab\u0131k kal\u0131narak projenin saha \u00e7al\u0131\u015fmalar\u0131 i\u00e7in resmi start verildi.<\/span><\/span><\/span><\/p>\n<p><span><span><span><b>Ba\u015fkan Ko\u00e7: &#8220;\u0130klim De\u011fi\u015fiyor, Haymana D\u00f6n\u00fc\u015f\u00fcyor&#8221;<\/b><\/span><\/span><\/span><\/p>\n<p><span><span><span>Haymana\u2019n\u0131n her anlamda bir de\u011fi\u015fimden ge\u00e7ti\u011fini belirten Belediye Ba\u015fkan\u0131 Levent Ko\u00e7, projeyi \u015fu s\u00f6zlerle \u00f6zetledi:<\/span><\/span><\/span><\/p>\n<p><span><span><span>\u201c\u0130klim de\u011fi\u015fiyor, Haymana d\u00f6n\u00fc\u015f\u00fcyor slogan\u0131n\u0131 \u00e7ok sevdik. \u00c7\u00fcnk\u00fc bug\u00fcn Haymana, her anlamda b\u00fcy\u00fck bir d\u00f6n\u00fc\u015f\u00fcm ya\u015f\u0131yor. Hayata ge\u00e7irece\u011fimiz bu vizyon proje ile bir yandan iklim de\u011fi\u015fikli\u011finin getirdi\u011fi risklere kar\u015f\u0131 modern ve yenilik\u00e7i tedbirler al\u0131rken, di\u011fer yandan kuraca\u011f\u0131m\u0131z teknolojik sera ile do\u011frudan istihdama y\u00f6nelik ad\u0131mlar ataca\u011f\u0131z. Haymana\u2019y\u0131 sadece diren\u00e7li bir kent de\u011fil, ayn\u0131 zamanda tar\u0131mda model bir il\u00e7e haline getirmekte kararl\u0131y\u0131z. Bu d\u00f6n\u00fc\u015f\u00fcmle hem do\u011fam\u0131z\u0131 koruyacak hem de hem\u015ferilerimize yeni i\u015f kap\u0131lar\u0131 a\u00e7aca\u011f\u0131z in\u015fallah.\u201d<\/span><\/span><\/span><\/p>\n<p><span><span><span><b>Teknoloji ve Tar\u0131m Entegre Ediliyor<\/b><\/span><\/span><\/span><\/p>\n<p><span><span><span>Proje kapsam\u0131nda Haymana\u2019da, at\u0131k termal sular ile serada \u0131s\u0131tma ihtiyac\u0131 kar\u015f\u0131lanacak ve g\u00fcne\u015f enerjisi (GES) ile enerji ihtiyac\u0131n\u0131 kar\u015f\u0131layacak 1000 metrekarelik tam otomasyonlu bir topraks\u0131z tar\u0131m seras\u0131 kurulacak. Geli\u015fmi\u015f sens\u00f6rlerle anl\u0131k takip edilecek bu modern tesisin yan\u0131 s\u0131ra; b\u00f6lgenin yap\u0131s\u0131na uygun dere \u0131slah\u0131, teraslama, bitkisel bariyerler ve ya\u011fmur suyu hasad\u0131 gibi sel \u00f6nleyici altyap\u0131 \u00e7al\u0131\u015fmalar\u0131yla Haymana, iklim uyumunda T\u00fcrkiye\u2019ye \u00f6rnek bir model olacak.<\/span><\/span><\/span><\/p>\n<p><span><span><span><b>B\u00f6lgesel Kalk\u0131nma ve Kad\u0131n \u0130stihdam\u0131na Destek<\/b><\/span><\/span><\/span><\/p>\n<p><span><span><span>Proje ile Ankara\u2019n\u0131n b\u00f6lgesel bir kesme \u00e7i\u00e7ek \u00fcretim ve pazarlama g\u00fcc\u00fcne kavu\u015fmas\u0131 hedeflenirken, en az 450 \u00e7ift\u00e7i ve kooperatif \u00fcyesine ula\u015f\u0131lmas\u0131 planlan\u0131yor. Y\u00fczlerce ki\u015fiye verilecek fark\u0131ndal\u0131k ve kapasite geli\u015ftirme e\u011fitimleriyle, tar\u0131ma ba\u011f\u0131ml\u0131 hanelerin ve kad\u0131n kooperatiflerinin iklim de\u011fi\u015fikli\u011fine kar\u015f\u0131 daha diren\u00e7li hale getirilmesi ama\u00e7lan\u0131yor.<\/span><\/span><\/span><\/p>\n<p><span><span><span>Y\u00fcksek verimli ve karbon s\u0131f\u0131r \u00fcretim modeliyle Haymana\u2019n\u0131n k\u0131rsal gelirini art\u0131rmay\u0131 hedefleyen projenin, b\u00f6lgedeki di\u011fer yerel y\u00f6netimler i\u00e7in de \u00f6rnek te\u015fkil etmesi bekleniyor.<\/span><\/span><\/span><\/p>\n<p>\u00a0<\/p>\n<p>\u00a0<\/p>\n<p>Kaynak: (BYZHA) Beyaz Haber Ajans\u0131<\/p>\n","protected":false},"excerpt":{"rendered":"<p>Toplam b\u00fct\u00e7esi yakla\u015f\u0131k 801 bin Euro olan ve %90\u2019\u0131 Avrupa Birli\u011fi taraf\u0131ndan e\u015f finanse edilen 24 ay s\u00fcreli dev proje; kurakl\u0131k, sel ve ta\u015fk\u0131n gibi do\u011fal afetlere kar\u015f\u0131 modern altyap\u0131 \u00e7\u00f6z\u00fcmleri ile teknolojik tar\u0131m uygulamalar\u0131n\u0131 Haymana\u2019da bulu\u015fturuyor.<\/p>\n","protected":false},"author":1,"featured_media":77700,"comment_status":"open","ping_status":"open","sticky":false,"template":"","format":"standard","meta":{"footnotes":""},"categories":[4],"tags":[372,6455,1095,237,5673],"class_list":["post-77699","post","type-post","status-publish","format-standard","has-post-thumbnail","hentry","category-gundem","tag-belediye","tag-haymana","tag-iklim","tag-proje","tag-projenin"],"_links":{"self":[{"href":"https:\/\/bihavadis.com\/index.php\/wp-json\/wp\/v2\/posts\/77699","targetHints":{"allow":["GET"]}}],"collection":[{"href":"https:\/\/bihavadis.com\/index.php\/wp-json\/wp\/v2\/posts"}],"about":[{"href":"https:\/\/bihavadis.com\/index.php\/wp-json\/wp\/v2\/types\/post"}],"author":[{"embeddable":true,"href":"https:\/\/bihavadis.com\/index.php\/wp-json\/wp\/v2\/users\/1"}],"replies":[{"embeddable":true,"href":"https:\/\/bihavadis.com\/index.php\/wp-json\/wp\/v2\/comments?post=77699"}],"version-history":[{"count":1,"href":"https:\/\/bihavadis.com\/index.php\/wp-json\/wp\/v2\/posts\/77699\/revisions"}],"predecessor-version":[{"id":77701,"href":"https:\/\/bihavadis.com\/index.php\/wp-json\/wp\/v2\/posts\/77699\/revisions\/77701"}],"wp:featuredmedia":[{"embeddable":true,"href":"https:\/\/bihavadis.com\/index.php\/wp-json\/wp\/v2\/media\/77700"}],"wp:attachment":[{"href":"https:\/\/bihavadis.com\/index.php\/wp-json\/wp\/v2\/media?parent=77699"}],"wp:term":[{"taxonomy":"category","embeddable":true,"href":"https:\/\/bihavadis.com\/index.php\/wp-json\/wp\/v2\/categories?post=77699"},{"taxonomy":"post_tag","embeddable":true,"href":"https:\/\/bihavadis.com\/index.php\/wp-json\/wp\/v2\/tags?post=77699"}],"curies":[{"name":"wp","href":"https:\/\/api.w.org\/{rel}","templated":true}]}}