{"id":77708,"date":"2026-05-01T16:09:21","date_gmt":"2026-05-01T16:09:21","guid":{"rendered":"https:\/\/bihavadis.com\/?p=77708"},"modified":"2026-05-01T16:09:21","modified_gmt":"2026-05-01T16:09:21","slug":"buyuksehirden-bayramda-mezarliklara-ucretsiz-ulasim-hizmeti","status":"publish","type":"post","link":"https:\/\/bihavadis.com\/index.php\/2026\/05\/01\/buyuksehirden-bayramda-mezarliklara-ucretsiz-ulasim-hizmeti\/","title":{"rendered":"B\u00fcy\u00fck\u015fehir&#8217;den Bayram&#8217;da Mezarl\u0131klara \u00dccretsiz Ula\u015f\u0131m Hizmeti"},"content":{"rendered":"<p>Manisa B\u00fcy\u00fck\u015fehir Belediyesi, Arife g\u00fcn\u00fc ve Ramazan Bayram\u0131\u2019n\u0131n 1. g\u00fcn\u00fcnde vatanda\u015flar\u0131n mezarl\u0131k ziyaretlerini daha rahat ger\u00e7ekle\u015ftirebilmesi i\u00e7in kent merkezi ve il\u00e7elerde mezarl\u0131klara \u00fccretsiz otob\u00fcs seferleri d\u00fczenleyecek.<\/p>\n<p>Manisa B\u00fcy\u00fck\u015fehir Belediyesi, Ramazan Bayram\u0131 \u00f6ncesinde vatanda\u015flar\u0131n kabristan ziyaretlerini huzur ve kolayl\u0131k i\u00e7inde yapabilmeleri amac\u0131yla ula\u015f\u0131m deste\u011fini bu y\u0131l da s\u00fcrd\u00fcr\u00fcyor. Arife g\u00fcn\u00fc ve bayram\u0131n ilk g\u00fcn\u00fc uygulanacak hizmet kapsam\u0131nda, \u015fehir merkezi ve il\u00e7elerde mezarl\u0131klara \u00fccretsiz otob\u00fcs seferleri d\u00fczenlenecek. Vatanda\u015flar\u0131n yo\u011funluk ya\u015famadan, g\u00fcvenli ve konforlu bir \u015fekilde mezarl\u0131klara ula\u015fabilmesi i\u00e7in planlanan seferler, 09.00 ile 17.00 saatleri aras\u0131nda ring sistemiyle ger\u00e7ekle\u015ftirilecek. Belirlenen g\u00fczerg\u00e2hlarda kesintisiz olarak hizmet verecek ara\u00e7lar sayesinde, \u00f6zellikle ya\u015fl\u0131 ve ula\u015f\u0131m imk\u00e2n\u0131 k\u0131s\u0131tl\u0131 vatanda\u015flar\u0131n ziyaretlerini daha kolay yapmalar\u0131 sa\u011flanacak.<\/p>\n<p><b>Dutlulu\u2019dan Birlik ve Vefa Mesaj\u0131<\/b><\/p>\n<p>Manisa B\u00fcy\u00fck\u015fehir Belediye Ba\u015fkan\u0131 Besim Dutlulu, bayramlar\u0131n birlik, beraberlik ve vefa duygular\u0131n\u0131n en yo\u011fun \u015fekilde ya\u015fand\u0131\u011f\u0131 \u00f6zel g\u00fcnler oldu\u011funu vurgulayarak, \u201cHem\u015fehrilerimizin kabristan ziyaretlerini daha rahat ger\u00e7ekle\u015ftirebilmeleri i\u00e7in gerekli t\u00fcm planlamalar\u0131 yapt\u0131k. Bu vesileyle t\u00fcm vatanda\u015flar\u0131m\u0131z\u0131n Ramazan Bayram\u0131\u2019n\u0131 en i\u00e7ten dileklerimle kutluyor, sevdikleriyle birlikte sa\u011fl\u0131kl\u0131 ve huzurlu bir bayram ge\u00e7irmelerini diliyorum\u201d ifadelerini kulland\u0131.<\/p>\n<p><strong>G\u00fczergahlar<\/strong><\/p>\n<p>Uygulaman\u0131n il\u00e7elerde de yap\u0131ld\u0131\u011f\u0131n\u0131 belirten Ba\u015fkan Besim Dutlulu, merkezdeki ula\u015f\u0131m g\u00fczerg\u00e2h\u0131n\u0131 da Manisal\u0131larla payla\u015ft\u0131.<br \/><strong>1-\u00a0<\/strong>Uncubozk\u00f6y Cami, \u0130zmir Caddesi, Akmescit Mahallesi \u015eeyh Fenari Cami, \u0130ki L\u00fcleli Cami, Sultan \u00d6n\u00fc, Alaybey Zab\u0131ta, K\u0131rt\u0131k Mezarl\u0131k.<br \/><strong>2-\u00a0<\/strong>TOK\u0130 2, G\u00f6\u00e7men Konutlar\u0131, Atat\u00fcrk Kentpark, Millet \u00c7ar\u015f\u0131s\u0131, Tarzan Bulvar\u0131, Mehmet Akif Ersoy Caddesi, Lale Meydan\u0131, Mimar Sinan Bulvar\u0131, \u0130tfaiye, \u015eof\u00f6rler Cemiyeti, Eski Garaj, \u00d6\u011fretmenevi, \u0130stasyon, Ruh ve Sinir Hastal\u0131klar\u0131 Hastanesi, K\u0131rt\u0131k Mezarl\u0131\u011f\u0131.<\/p>\n<p><b>3-\u00a0<\/b>Horozk\u00f6y Mezarl\u0131k Kar\u015f\u0131s\u0131, Horozk\u00f6y \u00c7ar\u015f\u0131, Viraj, Alimo\u011flu, Eski Tabakhane, Barbaros Karakolu \u00d6n\u00fc, Barbaros eski dolmu\u015f dura\u011f\u0131, Barbaros kanal yolu, Ku\u015flubah\u00e7e okul \u00f6n\u00fc, Ku\u015flubah\u00e7e \u00e7\u0131k\u0131\u015f\u0131, Mimar Sinan Bulvar\u0131, Nurlup\u0131nar Hal Giri\u015fi, 354 Sokak.<\/p>\n<p>\u00a0<\/p>\n<p>Kaynak: (BYZHA) Beyaz Haber Ajans\u0131<\/p>\n","protected":false},"excerpt":{"rendered":"<p>Manisa B\u00fcy\u00fck\u015fehir Belediyesi, Arife g\u00fcn\u00fc ve Ramazan Bayram\u0131\u2019n\u0131n 1. g\u00fcn\u00fcnde vatanda\u015flar\u0131n mezarl\u0131k ziyaretlerini daha rahat ger\u00e7ekle\u015ftirebilmesi i\u00e7in kent merkezi ve il\u00e7elerde mezarl\u0131klara \u00fccretsiz otob\u00fcs seferleri d\u00fczenleyecek.<\/p>\n","protected":false},"author":1,"featured_media":77709,"comment_status":"open","ping_status":"open","sticky":false,"template":"","format":"standard","meta":{"footnotes":""},"categories":[4],"tags":[698,7932],"class_list":["post-77708","post","type-post","status-publish","format-standard","has-post-thumbnail","hentry","category-gundem","tag-bayram","tag-mezarlik"],"_links":{"self":[{"href":"https:\/\/bihavadis.com\/index.php\/wp-json\/wp\/v2\/posts\/77708","targetHints":{"allow":["GET"]}}],"collection":[{"href":"https:\/\/bihavadis.com\/index.php\/wp-json\/wp\/v2\/posts"}],"about":[{"href":"https:\/\/bihavadis.com\/index.php\/wp-json\/wp\/v2\/types\/post"}],"author":[{"embeddable":true,"href":"https:\/\/bihavadis.com\/index.php\/wp-json\/wp\/v2\/users\/1"}],"replies":[{"embeddable":true,"href":"https:\/\/bihavadis.com\/index.php\/wp-json\/wp\/v2\/comments?post=77708"}],"version-history":[{"count":1,"href":"https:\/\/bihavadis.com\/index.php\/wp-json\/wp\/v2\/posts\/77708\/revisions"}],"predecessor-version":[{"id":77710,"href":"https:\/\/bihavadis.com\/index.php\/wp-json\/wp\/v2\/posts\/77708\/revisions\/77710"}],"wp:featuredmedia":[{"embeddable":true,"href":"https:\/\/bihavadis.com\/index.php\/wp-json\/wp\/v2\/media\/77709"}],"wp:attachment":[{"href":"https:\/\/bihavadis.com\/index.php\/wp-json\/wp\/v2\/media?parent=77708"}],"wp:term":[{"taxonomy":"category","embeddable":true,"href":"https:\/\/bihavadis.com\/index.php\/wp-json\/wp\/v2\/categories?post=77708"},{"taxonomy":"post_tag","embeddable":true,"href":"https:\/\/bihavadis.com\/index.php\/wp-json\/wp\/v2\/tags?post=77708"}],"curies":[{"name":"wp","href":"https:\/\/api.w.org\/{rel}","templated":true}]}}