{"id":77714,"date":"2026-05-01T16:15:12","date_gmt":"2026-05-01T16:15:12","guid":{"rendered":"https:\/\/bihavadis.com\/?p=77714"},"modified":"2026-05-01T16:15:12","modified_gmt":"2026-05-01T16:15:12","slug":"besiktasta-savunma-alarm-veriyor-taraftar-beraberliklere-sevinir-hale-geldi","status":"publish","type":"post","link":"https:\/\/bihavadis.com\/index.php\/2026\/05\/01\/besiktasta-savunma-alarm-veriyor-taraftar-beraberliklere-sevinir-hale-geldi\/","title":{"rendered":"Be\u015fikta\u015f&#8217;ta savunma alarm veriyor: Taraftar beraberliklere sevinir hale geldi"},"content":{"rendered":"<p> Trendyol S\u00fcper Lig&#8217;in 21. haftas\u0131 geride kal\u0131rken, spor yazar\u0131 Alper K\u0131nar haftan\u0131n ma\u00e7lar\u0131n\u0131 ve \u00f6ne \u00e7\u0131kan tart\u0131\u015fmalar\u0131 masaya yat\u0131rd\u0131. Galatasaray cephesinde hakem kararlar\u0131 ve transfer etkileri \u00f6ne \u00e7\u0131karken, Be\u015fikta\u015f&#8217;\u0131n savunma performans\u0131 ve taraftar\u0131n beklenti seviyesi ele\u015ftirilerin oda\u011f\u0131nda yer ald\u0131. Fenerbah\u00e7e i\u00e7inse N&#8217;Golo Kante transferi \u00fczerinden g\u00fc\u00e7l\u00fc bir karakter vurgusu yap\u0131ld\u0131.<\/p>\n<p><b>BE\u015e\u0130KTA\u015e&#8217;TA SAVUNMA ALARMI: &#8220;EVLERE \u015eENL\u0130K GOLLER YEMEYE DEVAM ED\u0130YORLAR&#8221;<\/b><\/p>\n<p>Be\u015fikta\u015f&#8217;\u0131n Alanyaspor kar\u015f\u0131s\u0131ndaki performans\u0131n\u0131 de\u011ferlendiren Alper K\u0131nar, siyah-beyazl\u0131lar\u0131n savunma hatt\u0131nda ciddi sorunlar ya\u015fad\u0131\u011f\u0131n\u0131 ifade etti. K\u0131nar, Be\u015fikta\u015f&#8217;\u0131n yedi\u011fi golleri &#8220;evlere \u015fenlik&#8221; olarak nitelendirirken, savunma organizasyonunun ve kalenin art\u0131k alarm verdi\u011fini s\u00f6yledi.<\/p>\n<p>\u00d6zellikle Emirhan Top\u00e7u ile Agbadou ikilisinin yan yana oynamamas\u0131 gerekti\u011fini vurgulayan K\u0131nar, bu ikilinin uyumsuzlu\u011funun Be\u015fikta\u015f&#8217;a pahal\u0131ya mal oldu\u011funu dile getirdi. Alanyaspor ma\u00e7\u0131nda kazan\u0131lan penalt\u0131n\u0131n da olduk\u00e7a kolay oldu\u011funu belirten deneyimli yorumcu, bu t\u00fcr kazan\u0131mlar\u0131n saha i\u00e7indeki ger\u00e7ek sorunlar\u0131 perdeledi\u011fine dikkat \u00e7ekti.<\/p>\n<p>K\u0131nar&#8217;a g\u00f6re as\u0131l problem ise trib\u00fcnlerde ya\u015fan\u0131yor. Be\u015fikta\u015f taraftar\u0131n\u0131n beraberliklerle yetinmesini ele\u015ftiren K\u0131nar, &#8220;Be\u015fikta\u015f taraftar\u0131, beraberliklerle zafer sarho\u015fu olmu\u015f gibi davran\u0131yor&#8221; diyerek beklenti \u00e7\u0131tas\u0131n\u0131n ciddi \u015fekilde d\u00fc\u015ft\u00fc\u011f\u00fcn\u00fc savundu.<\/p>\n<p><b>GALATASARAY VE FENERBAH\u00c7E CEPHES\u0130NDE DENGE VE KARAKTER VURGUSU<\/b><\/p>\n<p>Galatasaray cephesinde hakem kararlar\u0131na de\u011finen Alper K\u0131nar, Torreira&#8217;n\u0131n eline \u00e7arpan pozisyonun net bir penalt\u0131 oldu\u011funu s\u00f6yledi. Ayr\u0131ca Sacha Boey&#8217;in yeniden Galatasaray formas\u0131 giymesinin tak\u0131ma olumlu yans\u0131d\u0131\u011f\u0131n\u0131 belirten K\u0131nar, savunma dengesinin bu d\u00f6n\u00fc\u015fle birlikte daha sa\u011flam bir yap\u0131ya kavu\u015ftu\u011funu ifade etti.<\/p>\n<p>Fenerbah\u00e7e taraf\u0131nda ise g\u00fcndem N&#8217;Golo Kante transferiydi. K\u0131nar, sar\u0131-lacivertlilerin bu transferle yaln\u0131zca bir futbolcu de\u011fil, sahaya karakter koyan bir lider ald\u0131\u011f\u0131n\u0131 s\u00f6yledi. Gen\u00e7lerbirli\u011fi kar\u015f\u0131s\u0131nda Fenerbah\u00e7e&#8217;nin rahat bir galibiyet alaca\u011f\u0131n\u0131 \u00f6ng\u00f6ren K\u0131nar, sezonun k\u0131r\u0131lma ma\u00e7lar\u0131ndan birinin ise Trabzonspor-Fenerbah\u00e7e kar\u015f\u0131la\u015fmas\u0131 olaca\u011f\u0131n\u0131 belirtti.<\/p>\n<p>Bu kritik m\u00fccadelede Fenerbah\u00e7e&#8217;nin puan kayb\u0131 ya\u015fayabilece\u011fini dile getiren Alper K\u0131nar, ligin zirve yar\u0131\u015f\u0131nda \u00f6n\u00fcm\u00fczdeki haftalar\u0131n belirleyici olaca\u011f\u0131n\u0131 s\u00f6zlerine ekledi.<\/p>\n","protected":false},"excerpt":{"rendered":"<p>Trendyol S\u00fcper Lig&#8217;in 21. haftas\u0131n\u0131 de\u011ferlendiren Spor Yazar\u0131 Alper K\u0131nar, \u00f6zellikle Be\u015fikta\u015f&#8217;\u0131n savunma zaaflar\u0131na ve taraftar\u0131n beklenti d\u00fc\u015f\u00fc\u015f\u00fcne dikkat \u00e7ekti. Galatasaray&#8217;da hakem kararlar\u0131 ve Boey&#8217;in d\u00f6n\u00fc\u015f\u00fc \u00f6ne \u00e7\u0131karken, Fenerbah\u00e7e&#8217;de N&#8217;Golo Kante transferinin tak\u0131ma karakter katt\u0131\u011f\u0131n\u0131 vurgulad\u0131. Zirve yar\u0131\u015f\u0131nda kritik haftalara girildi\u011fini ifade etti.<\/p>\n","protected":false},"author":1,"featured_media":0,"comment_status":"open","ping_status":"open","sticky":false,"template":"","format":"standard","meta":{"footnotes":""},"categories":[14],"tags":[651,1858,687],"class_list":["post-77714","post","type-post","status-publish","format-standard","hentry","category-spor","tag-besiktas","tag-fenerbahce","tag-savunma"],"_links":{"self":[{"href":"https:\/\/bihavadis.com\/index.php\/wp-json\/wp\/v2\/posts\/77714","targetHints":{"allow":["GET"]}}],"collection":[{"href":"https:\/\/bihavadis.com\/index.php\/wp-json\/wp\/v2\/posts"}],"about":[{"href":"https:\/\/bihavadis.com\/index.php\/wp-json\/wp\/v2\/types\/post"}],"author":[{"embeddable":true,"href":"https:\/\/bihavadis.com\/index.php\/wp-json\/wp\/v2\/users\/1"}],"replies":[{"embeddable":true,"href":"https:\/\/bihavadis.com\/index.php\/wp-json\/wp\/v2\/comments?post=77714"}],"version-history":[{"count":1,"href":"https:\/\/bihavadis.com\/index.php\/wp-json\/wp\/v2\/posts\/77714\/revisions"}],"predecessor-version":[{"id":77715,"href":"https:\/\/bihavadis.com\/index.php\/wp-json\/wp\/v2\/posts\/77714\/revisions\/77715"}],"wp:attachment":[{"href":"https:\/\/bihavadis.com\/index.php\/wp-json\/wp\/v2\/media?parent=77714"}],"wp:term":[{"taxonomy":"category","embeddable":true,"href":"https:\/\/bihavadis.com\/index.php\/wp-json\/wp\/v2\/categories?post=77714"},{"taxonomy":"post_tag","embeddable":true,"href":"https:\/\/bihavadis.com\/index.php\/wp-json\/wp\/v2\/tags?post=77714"}],"curies":[{"name":"wp","href":"https:\/\/api.w.org\/{rel}","templated":true}]}}