{"id":77770,"date":"2026-05-01T17:09:14","date_gmt":"2026-05-01T17:09:14","guid":{"rendered":"https:\/\/bihavadis.com\/?p=77770"},"modified":"2026-05-01T17:09:14","modified_gmt":"2026-05-01T17:09:14","slug":"baskan-buyukakin-kulturel-miras-tasiyicilari-ile-iftar-yapti","status":"publish","type":"post","link":"https:\/\/bihavadis.com\/index.php\/2026\/05\/01\/baskan-buyukakin-kulturel-miras-tasiyicilari-ile-iftar-yapti\/","title":{"rendered":"Ba\u015fkan B\u00fcy\u00fckak\u0131n, K\u00fclt\u00fcrel Miras Ta\u015f\u0131y\u0131c\u0131lar\u0131 ile iftar yapt\u0131"},"content":{"rendered":"<p>Kocaeli B\u00fcy\u00fck\u015fehir Belediye Ba\u015fkan\u0131 Tahir B\u00fcy\u00fckak\u0131n, Somut Olmayan K\u00fclt\u00fcrel Miras Ta\u015f\u0131y\u0131c\u0131lar\u0131 ile iftar yapt\u0131. Ba\u015fkan B\u00fcy\u00fckak\u0131n, geleneksel sanatlar\u0131n ya\u015fat\u0131lmas\u0131n\u0131n, gelece\u011fimiz a\u00e7\u0131s\u0131ndan b\u00fcy\u00fck \u00f6nem ta\u015f\u0131d\u0131\u011f\u0131n\u0131 belirtti.<\/p>\n<p><b>HEPS\u0130 B\u0130RER YA\u015eAYAN K\u00dcLT\u00dcR HAZ\u0130NES\u0130<\/b><\/p>\n<p>Kocaeli B\u00fcy\u00fck\u015fehir Belediyesi ile \u0130l K\u00fclt\u00fcr ve Turizm M\u00fcd\u00fcrl\u00fc\u011f\u00fc, Somut Olmayan K\u00fclt\u00fcrel Miras Ta\u015f\u0131y\u0131c\u0131lar\u0131n\u0131 iftarda bulu\u015fturdu. Antikkap\u0131 Lalezar Salonu\u2019nda d\u00fczenlenen iftara Kocaeli Valisi \u0130lhami Akta\u015f ve Kocaeli B\u00fcy\u00fck\u015fehir Belediye Ba\u015fkan\u0131 Tahir B\u00fcy\u00fckak\u0131n da kat\u0131ld\u0131. K\u00fclt\u00fcrel de\u011ferlerin ya\u015fat\u0131lmas\u0131n\u0131 ve gelece\u011fe ta\u015f\u0131nmas\u0131n\u0131 ama\u00e7layanlar\u0131 bulu\u015fturan iftarda Cumhurba\u015fkan\u0131 Recep Tayyip Erdo\u011fan\u2019\u0131n elinden &#8220;Ya\u015fayan \u0130nsan Hazinesi&#8221; \u00f6d\u00fcl\u00fc alan Hereke ipek hal\u0131 dokumac\u0131s\u0131 Nuray K\u0131van\u00e7 ba\u015fta olmak \u00fczere K\u00fclt\u00fcr ve Turizm Bakanl\u0131\u011f\u0131 tescilli zanaatkar ve sanatkarlar yer ald\u0131.<\/p>\n<p><b>\u201cYAPTI\u011eINIZ \u0130\u015e \u00c7OK KIYMETL\u0130\u201d<\/b><\/p>\n<p>Ba\u015fkan B\u00fcy\u00fckak\u0131n geleneksel sanatlar\u0131n ya\u015fat\u0131lmas\u0131n\u0131n, k\u00fclt\u00fcr\u00fcm\u00fcz\u00fcn gelece\u011fe ta\u015f\u0131nmas\u0131 a\u00e7\u0131s\u0131ndan \u00e7ok \u00f6nemli oldu\u011funu vurgulayarak, \u201cYapt\u0131\u011f\u0131n\u0131z her i\u015f \u00e7ok k\u0131ymetli. \u00c7\u00fcnk\u00fc ortaya koydu\u011funuz eserler, bizim kimli\u011fimizi olu\u015fturan dokulard\u0131r. \u0130nsan\u0131n ge\u00e7mi\u015fi yoksa haf\u0131za da ortadan kalkm\u0131\u015f oluyor. Ge\u00e7mi\u015fin meslekleri ve sanatlar\u0131 ile ba\u011f\u0131n\u0131z koptu\u011funda haf\u0131zan\u0131z\u0131 yitirmi\u015f oluyorsunuz\u201d dedi. Ba\u015fkan B\u00fcy\u00fckak\u0131n s\u00f6zlerini \u015f\u00f6yle s\u00fcrd\u00fcrd\u00fc:<\/p>\n<p><b>\u201cSAKIN VAZGE\u00c7MEY\u0130N\u201d<\/b><\/p>\n<p>\u201cBizim dilimiz de geleneksel sanatlar\u0131m\u0131z ve sanatkarlar\u0131m\u0131z da asl\u0131nda soyut birer varl\u0131kt\u0131r. Bu anlamda hepiniz \u00e7ok k\u0131ymetli sanat\u00e7\u0131lars\u0131n\u0131z. Siz, asl\u0131nda milli varl\u0131\u011f\u0131m\u0131za inan\u0131lmaz katk\u0131lar sa\u011fl\u0131yorsunuz. \u0130yi ki vars\u0131n\u0131z. Biz bu de\u011ferlerin ya\u015fat\u0131lmas\u0131 i\u00e7in elimizden gelen her deste\u011fi sunmaya haz\u0131r\u0131z. Ama siz de vazge\u00e7meyin. \u015eeyh Edebali\u2019nin dedi\u011fi gibi; ge\u00e7mi\u015fini bilmeyen gelece\u011fi de bilemez. Ba\u015fka s\u00f6ze gerek yok. Bu a\u00e7\u0131dan hepinize \u00e7ok te\u015fekk\u00fcr ediyorum.\u201d Program\u0131n sonunda sanat\u00e7\u0131lar ve zanaatkarlar, Ba\u015fkan B\u00fcy\u00fckak\u0131n\u2019a koleksiyonlar\u0131ndan par\u00e7alar hediye etti.<\/p>\n<p>\u00a0<\/p>\n<p>Kaynak: (BYZHA) Beyaz Haber Ajans\u0131<\/p>\n","protected":false},"excerpt":{"rendered":"<p>Kocaeli B\u00fcy\u00fck\u015fehir Belediye Ba\u015fkan\u0131 Tahir B\u00fcy\u00fckak\u0131n, Somut Olmayan K\u00fclt\u00fcrel Miras Ta\u015f\u0131y\u0131c\u0131lar\u0131 ile iftar yapt\u0131<\/p>\n","protected":false},"author":1,"featured_media":77771,"comment_status":"open","ping_status":"open","sticky":false,"template":"","format":"standard","meta":{"footnotes":""},"categories":[4],"tags":[516,121],"class_list":["post-77770","post","type-post","status-publish","format-standard","has-post-thumbnail","hentry","category-gundem","tag-baskan","tag-kultur"],"_links":{"self":[{"href":"https:\/\/bihavadis.com\/index.php\/wp-json\/wp\/v2\/posts\/77770","targetHints":{"allow":["GET"]}}],"collection":[{"href":"https:\/\/bihavadis.com\/index.php\/wp-json\/wp\/v2\/posts"}],"about":[{"href":"https:\/\/bihavadis.com\/index.php\/wp-json\/wp\/v2\/types\/post"}],"author":[{"embeddable":true,"href":"https:\/\/bihavadis.com\/index.php\/wp-json\/wp\/v2\/users\/1"}],"replies":[{"embeddable":true,"href":"https:\/\/bihavadis.com\/index.php\/wp-json\/wp\/v2\/comments?post=77770"}],"version-history":[{"count":1,"href":"https:\/\/bihavadis.com\/index.php\/wp-json\/wp\/v2\/posts\/77770\/revisions"}],"predecessor-version":[{"id":77772,"href":"https:\/\/bihavadis.com\/index.php\/wp-json\/wp\/v2\/posts\/77770\/revisions\/77772"}],"wp:featuredmedia":[{"embeddable":true,"href":"https:\/\/bihavadis.com\/index.php\/wp-json\/wp\/v2\/media\/77771"}],"wp:attachment":[{"href":"https:\/\/bihavadis.com\/index.php\/wp-json\/wp\/v2\/media?parent=77770"}],"wp:term":[{"taxonomy":"category","embeddable":true,"href":"https:\/\/bihavadis.com\/index.php\/wp-json\/wp\/v2\/categories?post=77770"},{"taxonomy":"post_tag","embeddable":true,"href":"https:\/\/bihavadis.com\/index.php\/wp-json\/wp\/v2\/tags?post=77770"}],"curies":[{"name":"wp","href":"https:\/\/api.w.org\/{rel}","templated":true}]}}