{"id":77827,"date":"2026-05-01T18:00:12","date_gmt":"2026-05-01T18:00:12","guid":{"rendered":"https:\/\/bihavadis.com\/?p=77827"},"modified":"2026-05-01T18:00:12","modified_gmt":"2026-05-01T18:00:12","slug":"izmir-adliyesinde-bagimsizlik-mucadelesi-semineri-verildi","status":"publish","type":"post","link":"https:\/\/bihavadis.com\/index.php\/2026\/05\/01\/izmir-adliyesinde-bagimsizlik-mucadelesi-semineri-verildi\/","title":{"rendered":"\u0130zmir Adliyesi&#8217;nde &#8220;ba\u011f\u0131ms\u0131zl\u0131k m\u00fccadelesi&#8221; semineri verildi"},"content":{"rendered":"<p> \u0130zmir Adliyesi&#8217;nde, 9 \u015eubat D\u00fcnya Sigaray\u0131 B\u0131rakma G\u00fcn\u00fc dolay\u0131s\u0131yla ba\u011f\u0131ml\u0131l\u0131kla m\u00fccadeleye dikkati \u00e7ekmek amac\u0131yla seminer d\u00fczenlendi.<\/p>\n<p>\u0130zmir Cumhuriyet Ba\u015fsavc\u0131l\u0131\u011f\u0131ndan yap\u0131lan a\u00e7\u0131klamaya g\u00f6re, Ye\u015filay \u0130zmir \u015eube Ba\u015fkanl\u0131\u011f\u0131nca ger\u00e7ekle\u015ftirilen &#8220;ba\u011f\u0131ms\u0131zl\u0131k m\u00fccadelesi&#8221; konulu seminer, \u0130zmir Adliyesi \u015eehit Fethi Sekin Konferans Salonu&#8217;nda yap\u0131ld\u0131.<\/p>\n<p>\u0130zmir Cumhuriyet Ba\u015fsavc\u0131s\u0131 Ali Yeldan, seminerdeki konu\u015fmas\u0131nda ba\u011f\u0131ml\u0131l\u0131kla m\u00fccadelenin hem bireysel hem de toplumsal y\u00f6nleriyle ele al\u0131nmas\u0131 gereken \u00f6nemli bir konu oldu\u011funu belirtti.<\/p>\n<p>Ba\u011f\u0131ml\u0131l\u0131kla m\u00fccadelenin kararl\u0131l\u0131kla s\u00fcrd\u00fcr\u00fcld\u00fc\u011f\u00fcn\u00fc dile getiren Yeldan, bu alanda \u00f6nemli ve somut ad\u0131mlar at\u0131ld\u0131\u011f\u0131n\u0131 kaydetti.<\/p>\n<p>Yeldan, ba\u011f\u0131ml\u0131l\u0131kla m\u00fccadelenin yaln\u0131zca sa\u011fl\u0131k alan\u0131n\u0131n de\u011fil adalet sisteminin de \u00f6ncelikli konular\u0131ndan oldu\u011funu vurgulayarak, &#8220;Bu kapsamda uzla\u015fma b\u00fcromuzda y\u00fcr\u00fct\u00fclen baz\u0131 dosyalarda, taraflar\u0131n r\u0131zas\u0131yla Ye\u015filay&#8217;a ba\u011f\u0131\u015f yap\u0131lmas\u0131 \u015fart\u0131n\u0131n uzla\u015fma ko\u015fulu olarak de\u011ferlendirilmeye ba\u015fland\u0131\u011f\u0131n\u0131 g\u00f6rmekteyiz. Bu uygulamalar\u0131n, toplumsal fark\u0131ndal\u0131\u011f\u0131n artmas\u0131na ve ba\u011f\u0131ml\u0131l\u0131kla m\u00fccadeleye katk\u0131 sundu\u011funa inan\u0131yoruz.&#8221; ifadelerini kulland\u0131.<\/p>\n<p>Ye\u015filay \u0130zmir \u015eube Ba\u015fkan\u0131 \u00d6mer Yah\u015fi ise ba\u011f\u0131ml\u0131l\u0131kla m\u00fccadelede izlenebilecek yollar hakk\u0131nda de\u011ferlendirmelerde bulundu.<\/p>\n","protected":false},"excerpt":{"rendered":"<p>\u0130zmir Adliyesi&#8217;nde, 9 \u015eubat D\u00fcnya Sigaray\u0131 B\u0131rakma G\u00fcn\u00fc dolay\u0131s\u0131yla ba\u011f\u0131ml\u0131l\u0131kla m\u00fccadeleye dikkati \u00e7ekmek amac\u0131yla seminer d\u00fczenlendi.<\/p>\n","protected":false},"author":1,"featured_media":77828,"comment_status":"open","ping_status":"open","sticky":false,"template":"","format":"standard","meta":{"footnotes":""},"categories":[6],"tags":[3223,978],"class_list":["post-77827","post","type-post","status-publish","format-standard","has-post-thumbnail","hentry","category-dunya","tag-bagimlilikla","tag-izmir"],"_links":{"self":[{"href":"https:\/\/bihavadis.com\/index.php\/wp-json\/wp\/v2\/posts\/77827","targetHints":{"allow":["GET"]}}],"collection":[{"href":"https:\/\/bihavadis.com\/index.php\/wp-json\/wp\/v2\/posts"}],"about":[{"href":"https:\/\/bihavadis.com\/index.php\/wp-json\/wp\/v2\/types\/post"}],"author":[{"embeddable":true,"href":"https:\/\/bihavadis.com\/index.php\/wp-json\/wp\/v2\/users\/1"}],"replies":[{"embeddable":true,"href":"https:\/\/bihavadis.com\/index.php\/wp-json\/wp\/v2\/comments?post=77827"}],"version-history":[{"count":1,"href":"https:\/\/bihavadis.com\/index.php\/wp-json\/wp\/v2\/posts\/77827\/revisions"}],"predecessor-version":[{"id":77829,"href":"https:\/\/bihavadis.com\/index.php\/wp-json\/wp\/v2\/posts\/77827\/revisions\/77829"}],"wp:featuredmedia":[{"embeddable":true,"href":"https:\/\/bihavadis.com\/index.php\/wp-json\/wp\/v2\/media\/77828"}],"wp:attachment":[{"href":"https:\/\/bihavadis.com\/index.php\/wp-json\/wp\/v2\/media?parent=77827"}],"wp:term":[{"taxonomy":"category","embeddable":true,"href":"https:\/\/bihavadis.com\/index.php\/wp-json\/wp\/v2\/categories?post=77827"},{"taxonomy":"post_tag","embeddable":true,"href":"https:\/\/bihavadis.com\/index.php\/wp-json\/wp\/v2\/tags?post=77827"}],"curies":[{"name":"wp","href":"https:\/\/api.w.org\/{rel}","templated":true}]}}