{"id":77839,"date":"2026-05-01T18:09:09","date_gmt":"2026-05-01T18:09:09","guid":{"rendered":"https:\/\/bihavadis.com\/?p=77839"},"modified":"2026-05-01T18:09:09","modified_gmt":"2026-05-01T18:09:09","slug":"kandirada-bayram-oncesi-denetim-seferberligi-kontroller-siklastirildi","status":"publish","type":"post","link":"https:\/\/bihavadis.com\/index.php\/2026\/05\/01\/kandirada-bayram-oncesi-denetim-seferberligi-kontroller-siklastirildi\/","title":{"rendered":"Kand\u0131ra&#8217;da Bayram \u00d6ncesi Denetim Seferberli\u011fi: Kontroller S\u0131kla\u015ft\u0131r\u0131ld\u0131."},"content":{"rendered":"<p><span><span><span><span><span><span>Kand\u0131ra Belediyesi, Ramazan Bayram\u0131 \u00f6ncesinde vatanda\u015flar\u0131n sa\u011fl\u0131kl\u0131, g\u00fcvenli ve huzurlu bir bayram ge\u00e7irebilmesi amac\u0131yla il\u00e7e genelinde denetimlerini art\u0131rd\u0131. <\/span><\/span><\/span><\/span><\/span><\/span><\/p>\n<p><span><span><span><span><span><span>Zab\u0131ta ekipleri, \u00f6zellikle bayram al\u0131\u015fveri\u015finin yo\u011funla\u015ft\u0131\u011f\u0131 i\u015fletmelerde kapsaml\u0131 kontroller ger\u00e7ekle\u015ftiriyor.<\/span><\/span><\/span><\/span><\/span><\/span><\/p>\n<p><span><span><span><b><span><span><span>Bayram Al\u0131\u015fveri\u015fine Yak\u0131n Takip<\/span><\/span><\/span><\/b><\/span><\/span><\/span><\/p>\n<p><span><span><span><span><span><span>\u0130l\u00e7e genelinde faaliyet g\u00f6steren marketler, kuruyemi\u015f\u00e7iler ve bayraml\u0131k \u015feker ile \u00e7ikolata sat\u0131\u015f\u0131 yapan i\u015fletmeler tek tek denetleniyor. Ekipler, \u00fcr\u00fcnlerin uygun ko\u015fullarda muhafaza edilip edilmedi\u011fini kontrol ederken, vatanda\u015flar\u0131n g\u00f6n\u00fcl rahatl\u0131\u011f\u0131yla al\u0131\u015fveri\u015f yapabilmesi i\u00e7in titiz bir \u00e7al\u0131\u015fma y\u00fcr\u00fct\u00fcyor.<\/span><\/span><\/span><\/span><\/span><\/span><\/p>\n<p><span><span><span><b><span><span><span>Son Kullanma Tarihi ve Fiyat Denetimi \u00d6ne \u00c7\u0131k\u0131yor<\/span><\/span><\/span><\/b><\/span><\/span><\/span><\/p>\n<p><span><span><span><span><span><span>Denetimlerde \u00f6zellikle bayram d\u00f6neminde yo\u011fun t\u00fcketilen \u015fekerleme, \u00e7ikolata ve kuruyemi\u015f \u00fcr\u00fcnlerine odaklan\u0131ld\u0131. Zab\u0131ta ekipleri; \u00fcr\u00fcnlerin son kullanma tarihlerini, fiyat etiketi ile kasa fiyat\u0131 aras\u0131ndaki uyumu, gramaj bilgilerini ve genel hijyen \u015fartlar\u0131n\u0131 ayr\u0131nt\u0131l\u0131 \u015fekilde inceliyor. Kurallara uymayan i\u015fletmeler hakk\u0131nda ise ilgili mevzuat kapsam\u0131nda gerekli idari i\u015flemler uygulan\u0131yor.<\/span><\/span><\/span><\/span><\/span><\/span><\/p>\n<p><span><span><span><b><span><span><span>Vatanda\u015f Sa\u011fl\u0131\u011f\u0131 \u00d6ncelikli<\/span><\/span><\/span><\/b><\/span><\/span><\/span><\/p>\n<p><span><span><span><span><span><span>Kand\u0131ra Belediyesi yetkilileri, denetimlerin yaln\u0131zca bayram \u00f6ncesiyle s\u0131n\u0131rl\u0131 kalmayaca\u011f\u0131n\u0131, bayram s\u00fcresince de aral\u0131ks\u0131z devam edece\u011fini belirtti. Yetkililer ayr\u0131ca vatanda\u015flara al\u0131\u015fveri\u015f s\u0131ras\u0131nda \u00fcr\u00fcnlerin son kullanma tarihlerini kontrol etmeleri y\u00f6n\u00fcnde uyar\u0131larda bulundu.<\/span><\/span><\/span><\/span><\/span><\/span><\/p>\n<p><span><span><span><b><span><span><span>Ama\u00e7 G\u00fcvenli ve Sa\u011fl\u0131kl\u0131 Al\u0131\u015fveri\u015f Ortam\u0131<\/span><\/span><\/span><\/b><\/span><\/span><\/span><\/p>\n<p><span><span><span><span><span><span>Kand\u0131ra Belediyesi Zab\u0131ta M\u00fcd\u00fcr\u00fc M. Tansu Okan, Ramazan Bayram\u0131 gibi t\u00fcketimin artt\u0131\u011f\u0131 d\u00f6nemlerde denetimlerin b\u00fcy\u00fck \u00f6nem ta\u015f\u0131d\u0131\u011f\u0131na dikkat \u00e7ekerek, bu \u00e7al\u0131\u015fmalarla hem vatanda\u015f sa\u011fl\u0131\u011f\u0131n\u0131n korunmas\u0131n\u0131n hem de i\u015fletmelerin yasal d\u00fczenlemelere uygun hareket etmesinin hedeflendi\u011fini vurgulad\u0131. <\/span><\/span><\/span><\/span><\/span><\/span><\/p>\n<p><span><span><span><span><span><span>Yap\u0131lan denetimlerle, bayram boyunca g\u00fcvenli bir al\u0131\u015fveri\u015f ortam\u0131n\u0131n sa\u011flanmas\u0131 ama\u00e7lan\u0131yor.<\/span><\/span><\/span><\/span><\/span><\/span><\/p>\n<p>\u00a0<\/p>\n<p>\u00a0<\/p>\n<p>Kaynak: (BYZHA) Beyaz Haber Ajans\u0131<\/p>\n","protected":false},"excerpt":{"rendered":"<p>Kand\u0131ra Belediyesi, Ramazan Bayram\u0131 \u00f6ncesinde vatanda\u015flar\u0131n sa\u011fl\u0131kl\u0131, g\u00fcvenli ve huzurlu bir bayram ge\u00e7irebilmesi amac\u0131yla il\u00e7e genelinde denetimlerini art\u0131rd\u0131.<\/p>\n","protected":false},"author":1,"featured_media":77840,"comment_status":"open","ping_status":"open","sticky":false,"template":"","format":"standard","meta":{"footnotes":""},"categories":[4],"tags":[3568,698,1226],"class_list":["post-77839","post","type-post","status-publish","format-standard","has-post-thumbnail","hentry","category-gundem","tag-alisveris","tag-bayram","tag-vatandas"],"_links":{"self":[{"href":"https:\/\/bihavadis.com\/index.php\/wp-json\/wp\/v2\/posts\/77839","targetHints":{"allow":["GET"]}}],"collection":[{"href":"https:\/\/bihavadis.com\/index.php\/wp-json\/wp\/v2\/posts"}],"about":[{"href":"https:\/\/bihavadis.com\/index.php\/wp-json\/wp\/v2\/types\/post"}],"author":[{"embeddable":true,"href":"https:\/\/bihavadis.com\/index.php\/wp-json\/wp\/v2\/users\/1"}],"replies":[{"embeddable":true,"href":"https:\/\/bihavadis.com\/index.php\/wp-json\/wp\/v2\/comments?post=77839"}],"version-history":[{"count":1,"href":"https:\/\/bihavadis.com\/index.php\/wp-json\/wp\/v2\/posts\/77839\/revisions"}],"predecessor-version":[{"id":77841,"href":"https:\/\/bihavadis.com\/index.php\/wp-json\/wp\/v2\/posts\/77839\/revisions\/77841"}],"wp:featuredmedia":[{"embeddable":true,"href":"https:\/\/bihavadis.com\/index.php\/wp-json\/wp\/v2\/media\/77840"}],"wp:attachment":[{"href":"https:\/\/bihavadis.com\/index.php\/wp-json\/wp\/v2\/media?parent=77839"}],"wp:term":[{"taxonomy":"category","embeddable":true,"href":"https:\/\/bihavadis.com\/index.php\/wp-json\/wp\/v2\/categories?post=77839"},{"taxonomy":"post_tag","embeddable":true,"href":"https:\/\/bihavadis.com\/index.php\/wp-json\/wp\/v2\/tags?post=77839"}],"curies":[{"name":"wp","href":"https:\/\/api.w.org\/{rel}","templated":true}]}}