{"id":77852,"date":"2026-05-01T18:21:12","date_gmt":"2026-05-01T18:21:12","guid":{"rendered":"https:\/\/bihavadis.com\/?p=77852"},"modified":"2026-05-01T18:21:12","modified_gmt":"2026-05-01T18:21:12","slug":"kilisten-yilin-kareleri-oylamasina-katilim","status":"publish","type":"post","link":"https:\/\/bihavadis.com\/index.php\/2026\/05\/01\/kilisten-yilin-kareleri-oylamasina-katilim\/","title":{"rendered":"Kilis&#8217;ten &#8216;Y\u0131l\u0131n Kareleri&#8217; Oylamas\u0131na Kat\u0131l\u0131m"},"content":{"rendered":"<p> Kilis K\u00fclt\u00fcr ve Turizm \u0130l M\u00fcd\u00fcr\u00fc H\u00fcseyin Erkmen ve \u00c7al\u0131\u015fma ve \u0130\u015f Kurumu \u0130l M\u00fcd\u00fcr\u00fc Erdin\u00e7 \u00c7aml\u0131, Anadolu Ajans\u0131n\u0131n (AA) g\u00f6z\u00fcnden 2025&#8217;e damga vuran olaylara ait foto\u011fraflar\u0131n yer ald\u0131\u011f\u0131 &#8220;Y\u0131l\u0131n Kareleri&#8221; oylamas\u0131na kat\u0131ld\u0131.<\/p>\n<p>Erkmen ve \u00c7aml\u0131, lifebox, AJet ve ROKETSAN sponsorlu\u011funda d\u00fczenlenen yar\u0131\u015fmada, AA foto muhabirleri ve muhabirlerinin 2025 y\u0131l\u0131nda T\u00fcrkiye ile d\u00fcnya g\u00fcndeminde yank\u0131 bulan toplam 6 kategorideki 112 foto\u011fraf\u0131n\u0131 inceledi.<\/p>\n<p>Kilis K\u00fclt\u00fcr ve Turizm \u0130l M\u00fcd\u00fcr\u00fc H\u00fcseyin Erkmen, &#8220;Gazze: A\u00e7l\u0131k&#8221; kategorisinde Mahmoud \u0130ssa&#8217;n\u0131n &#8220;Gazze \u015eeridi&#8217;nde g\u0131da krizi giderek derinle\u015fiyor&#8221;, &#8220;Portre&#8221;de Mehmet Aslan&#8217;\u0131n &#8220;Hayat siyah beyaz&#8221; foto\u011fraflar\u0131n\u0131 se\u00e7ti.<\/p>\n<p>&#8220;Haber&#8221;de Hakan Akg\u00fcn&#8217;\u00fcn &#8220;\u0130nsans\u0131z hava kaleleri&#8221;, &#8220;Spor&#8221;da Mehmet Futsi&#8217;nin &#8220;Y\u00fcz\u00fcc\u00fc&#8221;, &#8220;Do\u011fal Ya\u015fam ve \u00c7evre&#8221;de Beytullah Eles&#8217;in &#8220;G\u00f6klerde bir kale&#8221; karelerini be\u011fenen Erkmen, &#8220;G\u00fcnl\u00fck Hayat&#8221; kategorisinde ise Sidar Can Eren&#8217;in &#8220;S\u00fct kuzusu&#8221; foto\u011fraf\u0131na oy verdi.<\/p>\n<p>Kilis \u00c7al\u0131\u015fma ve \u0130\u015f Kurumu \u0130l M\u00fcd\u00fcr\u00fc Erdin\u00e7 \u00c7aml\u0131, &#8220;Gazze: A\u00e7l\u0131k&#8221; kategorisinde Mohammed Nassar&#8217;\u0131n &#8220;Gazze&#8217;ye havadan insani yard\u0131m malzemeleri indirildi&#8221;, &#8220;Portre&#8221;de Cem \u00d6zdel&#8217;in &#8220;Rastgeldi&#8221; foto\u011fraf\u0131n\u0131 se\u00e7ti.<\/p>\n<p>&#8220;Haber&#8221;de Ali Atmaca&#8217;n\u0131n &#8220;Bir g\u00fcne\u015f do\u011fuyor&#8221;, &#8220;Spor&#8221;da Cem Genco&#8217;nun &#8220;\u00c7amur rugbisi&#8221;, &#8220;Do\u011fal Ya\u015fam ve \u00c7evre&#8221;de Murat \u015eeng\u00fcl&#8217;\u00fcn &#8220;Ate\u015f kas\u0131rgas\u0131&#8221; karelerini se\u00e7en \u00c7aml\u0131, &#8220;G\u00fcnl\u00fck Hayat&#8221;ta ise Gerald Anderson&#8217;un &#8220;Her \u015feye ra\u011fmen&#8221; karesini be\u011fendi.<\/p>\n<p>Oylama<\/p>\n<p>AA&#8217;n\u0131n 2012&#8217;den bu yana d\u00fczenledi\u011fi yar\u0131\u015fmada, bu y\u0131l &#8220;Haber&#8221;, &#8220;Do\u011fal Ya\u015fam ve \u00c7evre&#8221;, &#8220;Spor&#8221; ve &#8220;G\u00fcnl\u00fck Hayat&#8221; olmak \u00fczere 4 ana kategorinin yan\u0131 s\u0131ra &#8220;Gazze: A\u00e7l\u0131k&#8221; ve &#8220;Portre&#8221; ba\u015fl\u0131kl\u0131 2 \u00f6zel kategori de yer al\u0131yor.<\/p>\n<p>T\u00fcrk\u00e7e ve \u0130ngilizce alt yaz\u0131yla d\u00fcnya genelinde yap\u0131lan oylamaya kat\u0131lanlar, istedikleri say\u0131da foto\u011frafa oy verebiliyor.<\/p>\n<p>Oylama, &#8220;yilinkareleri.aa.com.tr&#8221; internet sitesinden 15 \u015eubat Pazar saat 17.00&#8217;ye kadar devam edecek.<\/p>\n","protected":false},"excerpt":{"rendered":"<p>Kilis \u0130l M\u00fcd\u00fcrleri, 2025&#8217;in \u00f6nemli foto\u011fraflar\u0131n\u0131 se\u00e7mek \u00fczere AA&#8217;n\u0131n oylamas\u0131na kat\u0131ld\u0131lar.<\/p>\n","protected":false},"author":1,"featured_media":77853,"comment_status":"open","ping_status":"open","sticky":false,"template":"","format":"standard","meta":{"footnotes":""},"categories":[9,4,13],"tags":[311,557,552],"class_list":["post-77852","post","type-post","status-publish","format-standard","has-post-thumbnail","hentry","category-genel","category-gundem","category-son-dakika","tag-foto","tag-gazze","tag-kategori"],"_links":{"self":[{"href":"https:\/\/bihavadis.com\/index.php\/wp-json\/wp\/v2\/posts\/77852","targetHints":{"allow":["GET"]}}],"collection":[{"href":"https:\/\/bihavadis.com\/index.php\/wp-json\/wp\/v2\/posts"}],"about":[{"href":"https:\/\/bihavadis.com\/index.php\/wp-json\/wp\/v2\/types\/post"}],"author":[{"embeddable":true,"href":"https:\/\/bihavadis.com\/index.php\/wp-json\/wp\/v2\/users\/1"}],"replies":[{"embeddable":true,"href":"https:\/\/bihavadis.com\/index.php\/wp-json\/wp\/v2\/comments?post=77852"}],"version-history":[{"count":1,"href":"https:\/\/bihavadis.com\/index.php\/wp-json\/wp\/v2\/posts\/77852\/revisions"}],"predecessor-version":[{"id":77854,"href":"https:\/\/bihavadis.com\/index.php\/wp-json\/wp\/v2\/posts\/77852\/revisions\/77854"}],"wp:featuredmedia":[{"embeddable":true,"href":"https:\/\/bihavadis.com\/index.php\/wp-json\/wp\/v2\/media\/77853"}],"wp:attachment":[{"href":"https:\/\/bihavadis.com\/index.php\/wp-json\/wp\/v2\/media?parent=77852"}],"wp:term":[{"taxonomy":"category","embeddable":true,"href":"https:\/\/bihavadis.com\/index.php\/wp-json\/wp\/v2\/categories?post=77852"},{"taxonomy":"post_tag","embeddable":true,"href":"https:\/\/bihavadis.com\/index.php\/wp-json\/wp\/v2\/tags?post=77852"}],"curies":[{"name":"wp","href":"https:\/\/api.w.org\/{rel}","templated":true}]}}