{"id":77888,"date":"2026-05-01T18:57:09","date_gmt":"2026-05-01T18:57:09","guid":{"rendered":"https:\/\/bihavadis.com\/?p=77888"},"modified":"2026-05-01T18:57:09","modified_gmt":"2026-05-01T18:57:09","slug":"ramazan-bayraminda-toplu-ulasim-ucretsiz","status":"publish","type":"post","link":"https:\/\/bihavadis.com\/index.php\/2026\/05\/01\/ramazan-bayraminda-toplu-ulasim-ucretsiz\/","title":{"rendered":"Ramazan Bayram\u0131&#8217;nda toplu ula\u015f\u0131m \u00fccretsiz"},"content":{"rendered":"<p>Kocaeli B\u00fcy\u00fck\u015fehir Belediyesi, Ramazan Bayram\u0131\u2019nda vatanda\u015flar\u0131n ziyaretlerini rahat ve huzurlu bir \u015fekilde ger\u00e7ekle\u015ftirebilmeleri amac\u0131yla 20-22 Mart tarihleri aras\u0131nda otob\u00fcs, rayl\u0131 sistemler ve deniz ula\u015f\u0131m\u0131nda \u00fccretsiz hizmet verecek.<\/p>\n<p><b>ULA\u015eIM BAYRAM BOYUNCA \u00dcCRETS\u0130Z OLACAK<\/b><\/p>\n<p>Kocaeli B\u00fcy\u00fck\u015fehir Belediyesi, Ramazan Bayram\u0131 s\u00fcresinde otob\u00fcs, tramvay ve deniz ula\u015f\u0131m\u0131nda \u00fccretsiz ula\u015f\u0131m hizmeti verecek. Bayram\u0131n manevi atmosferine katk\u0131 sa\u011flayan bu hizmet sayesinde aile ve kabir ziyaretleri ile bayramla\u015fma programlar\u0131 hi\u00e7bir ula\u015f\u0131m engeli ya\u015fanmadan ger\u00e7ekle\u015ftirilebilecek. 20 Mart Cuma g\u00fcn\u00fc ba\u015flayacak olan uygulama 22 Mart Pazar g\u00fcn\u00fc saat 24.00\u2019te sona erecek.<\/p>\n<p><b>\u00a0MEZARLIKLARA \u00dcCRETS\u0130Z ULA\u015eIM \u0130MK\u00c2NI<\/b><\/p>\n<p>B\u00fcy\u00fck\u015fehir Belediyesi, her dini bayramda oldu\u011fu gibi bu Ramazan Bayram\u0131\u2019nda da vatanda\u015flar\u0131n kabir ziyaretlerini daha kolay ger\u00e7ekle\u015ftirebilmesi i\u00e7in Asri Mezarl\u0131k, Ba\u011f\u00e7e\u015fme Mezarl\u0131\u011f\u0131 ve Kent Mezarl\u0131\u011f\u0131\u2019na \u00fccretsiz ula\u015f\u0131m hizmeti sunmay\u0131 s\u00fcrd\u00fcrecek. Bu kapsamda mezarl\u0131k ziyareti yapmak isteyen vatanda\u015flar i\u00e7in arife g\u00fcn\u00fc ile bayram\u0131n ilk iki g\u00fcn\u00fc boyunca \u00fccretsiz servisler d\u00fczenlenecek. Servisler, Bat\u0131 Terminali\u2019nden saat 09.00 ile 16.00 aras\u0131nda her saat ba\u015f\u0131 hareket ederek, vatanda\u015flar\u0131n mezarl\u0131klara rahat ve kolay \u015fekilde ula\u015fmas\u0131n\u0131 sa\u011flayacak.<\/p>\n<p><b>\u00a0SERV\u0130S G\u00dcZERG\u00c2HLARI<\/b><\/p>\n<p>Ba\u011f\u00e7e\u015fme Mezarl\u0131\u011f\u0131\u2019na gidecek vatanda\u015flar i\u00e7in Bat\u0131 Terminali-Tren Gar\u0131-Kuzey Yanyol-Leyla Atakan Caddesi-\u00c7ocuk Park\u0131 (\u0130zmit Lisesi \u00d6n\u00fc) Yeni Turan Ba\u011f\u00e7e\u015fme g\u00fczerg\u00e2h\u0131 izlenecek. Asri Mezarl\u0131k ve Kent Mezarl\u0131\u011f\u0131 i\u00e7in ise Bat\u0131 Terminali-Tren Gar\u0131-Kuzey Yanyol-Leyla Atakan Caddesi-Santral-Mehmet Ali Pa\u015fa\u00dc\u00e7yol Eski \u0130stanbul Yolu \u0130zmit Kent- Baki Komsuo\u011flu Bulvar\u0131-Kurtulu\u015f Bulvar\u0131-Kent Mezarl\u0131\u011f\u0131 g\u00fczerg\u00e2h\u0131 kullan\u0131lacak.<\/p>\n<p><b>HAT 200 VE 700 \u00dcCRETL\u0130 DEVAM EDECEK<\/b><\/p>\n<p>Bayram boyunca toplu ta\u015f\u0131ma ara\u00e7lar\u0131 e-komobil.com ve Kocaeli.bel.tr adreslerinde belirtilen pazar ve tatil g\u00fcnleri sefer saatlerine g\u00f6re \u00e7al\u0131\u015facak. Hat 200 ve Hat 700 mevcut \u00fccretli tarifeyle \u00e7al\u0131\u015fmaya devam edecek.<\/p>\n<p>\u00a0<\/p>\n<p>Kaynak: (BYZHA) Beyaz Haber Ajans\u0131<\/p>\n","protected":false},"excerpt":{"rendered":"<p>Kocaeli B\u00fcy\u00fck\u015fehir Belediyesi, Ramazan Bayram\u0131\u2019nda vatanda\u015flar\u0131n ziyaretlerini rahat ve huzurlu bir \u015fekilde ger\u00e7ekle\u015ftirebilmeleri amac\u0131yla 20-22 Mart tarihleri aras\u0131nda otob\u00fcs, rayl\u0131 sistemler ve deniz ula\u015f\u0131m\u0131nda \u00fccretsiz hizmet verecek.<\/p>\n","protected":false},"author":1,"featured_media":77889,"comment_status":"open","ping_status":"open","sticky":false,"template":"","format":"standard","meta":{"footnotes":""},"categories":[4],"tags":[698,7932,3352,701,1135],"class_list":["post-77888","post","type-post","status-publish","format-standard","has-post-thumbnail","hentry","category-gundem","tag-bayram","tag-mezarlik","tag-ucretsiz","tag-ulasim","tag-vatandaslar"],"_links":{"self":[{"href":"https:\/\/bihavadis.com\/index.php\/wp-json\/wp\/v2\/posts\/77888","targetHints":{"allow":["GET"]}}],"collection":[{"href":"https:\/\/bihavadis.com\/index.php\/wp-json\/wp\/v2\/posts"}],"about":[{"href":"https:\/\/bihavadis.com\/index.php\/wp-json\/wp\/v2\/types\/post"}],"author":[{"embeddable":true,"href":"https:\/\/bihavadis.com\/index.php\/wp-json\/wp\/v2\/users\/1"}],"replies":[{"embeddable":true,"href":"https:\/\/bihavadis.com\/index.php\/wp-json\/wp\/v2\/comments?post=77888"}],"version-history":[{"count":1,"href":"https:\/\/bihavadis.com\/index.php\/wp-json\/wp\/v2\/posts\/77888\/revisions"}],"predecessor-version":[{"id":77890,"href":"https:\/\/bihavadis.com\/index.php\/wp-json\/wp\/v2\/posts\/77888\/revisions\/77890"}],"wp:featuredmedia":[{"embeddable":true,"href":"https:\/\/bihavadis.com\/index.php\/wp-json\/wp\/v2\/media\/77889"}],"wp:attachment":[{"href":"https:\/\/bihavadis.com\/index.php\/wp-json\/wp\/v2\/media?parent=77888"}],"wp:term":[{"taxonomy":"category","embeddable":true,"href":"https:\/\/bihavadis.com\/index.php\/wp-json\/wp\/v2\/categories?post=77888"},{"taxonomy":"post_tag","embeddable":true,"href":"https:\/\/bihavadis.com\/index.php\/wp-json\/wp\/v2\/tags?post=77888"}],"curies":[{"name":"wp","href":"https:\/\/api.w.org\/{rel}","templated":true}]}}