{"id":77946,"date":"2026-05-01T21:39:09","date_gmt":"2026-05-01T21:39:09","guid":{"rendered":"https:\/\/bihavadis.com\/?p=77946"},"modified":"2026-05-01T21:39:09","modified_gmt":"2026-05-01T21:39:09","slug":"kuveytte-abdye-ait-f-15-savas-ucagi-dusuruldu","status":"publish","type":"post","link":"https:\/\/bihavadis.com\/index.php\/2026\/05\/01\/kuveytte-abdye-ait-f-15-savas-ucagi-dusuruldu\/","title":{"rendered":"Kuveyt&#8217;te ABD&#8217;ye ait F-15 sava\u015f u\u00e7a\u011f\u0131 d\u00fc\u015f\u00fcr\u00fcld\u00fc"},"content":{"rendered":"<p>\u0130ran&#8217;a y\u00f6nelik \u0130srail-ABD sald\u0131r\u0131lar\u0131 devam ediyor.<\/p>\n<p>Bu kapsamda ABD&#8217;den ilk sava\u015f u\u00e7a\u011f\u0131 kayb\u0131 geldi.<\/p>\n<p><strong>ABD U\u00c7A\u011eI D\u00dc\u015eT\u00dc<\/strong><\/p>\n<p>Bir F-15 sava\u015f u\u00e7a\u011f\u0131 Kuveyt&#8217;te d\u00fc\u015f\u00fcr\u00fcld\u00fc.<\/p>\n<p>U\u00e7a\u011f\u0131n d\u00fc\u015fme anlar\u0131 kameralara yans\u0131rken hen\u00fcz resmi bir do\u011frulama gelmedi.<\/p>\n<p><img decoding=\"async\" src=\"https:\/\/bihavadis.com\/wp-content\/uploads\/2026\/05\/kuveytte-abdye-ait-f-15-savas-ucagi-dusuruldu-0-3ik7Zemy.jpg\"\/><\/p>\n<p><strong>KUVEYTL\u0130LER P\u0130LOTU HASTANEYE G\u00d6T\u00dcRD\u00dc<\/strong><\/p>\n<p>U\u00e7a\u011f\u0131n pilotu ise para\u015f\u00fctle sa\u011fl\u0131kl\u0131 bir \u015fekilde yere indi.<\/p>\n<p>Amerikal\u0131 pilot yerel halk taraf\u0131ndan bir arac\u0131n bagaj\u0131nda hastaneye g\u00f6t\u00fcr\u00fcld\u00fc.<\/p>\n<div> <span><strong>Kaynak:<\/strong> Ensonhaber Haber Merkezi<\/span> <\/div>\n","protected":false},"excerpt":{"rendered":"<p>\u0130ran&#8217;a y\u00f6nelik \u0130srail-ABD sald\u0131r\u0131lar\u0131 devam ediyor. Bu kapsamda ABD&#8217;den ilk sava\u015f u\u00e7a\u011f\u0131 kayb\u0131 geldi. ABD U\u00c7A\u011eI D\u00dc\u015eT\u00dc Bir F-15 sava\u015f u\u00e7a\u011f\u0131 Kuveyt&#8217;te d\u00fc\u015f\u00fcr\u00fcld\u00fc. U\u00e7a\u011f\u0131n d\u00fc\u015fme anlar\u0131 kameralara yans\u0131rken hen\u00fcz resmi bir do\u011frulama gelmedi. KUVEYTL\u0130LER &#8230;<\/p>\n","protected":false},"author":1,"featured_media":77947,"comment_status":"open","ping_status":"open","sticky":false,"template":"","format":"standard","meta":{"footnotes":""},"categories":[9,13],"tags":[6139],"class_list":["post-77946","post","type-post","status-publish","format-standard","has-post-thumbnail","hentry","category-genel","category-son-dakika","tag-ucagi"],"_links":{"self":[{"href":"https:\/\/bihavadis.com\/index.php\/wp-json\/wp\/v2\/posts\/77946","targetHints":{"allow":["GET"]}}],"collection":[{"href":"https:\/\/bihavadis.com\/index.php\/wp-json\/wp\/v2\/posts"}],"about":[{"href":"https:\/\/bihavadis.com\/index.php\/wp-json\/wp\/v2\/types\/post"}],"author":[{"embeddable":true,"href":"https:\/\/bihavadis.com\/index.php\/wp-json\/wp\/v2\/users\/1"}],"replies":[{"embeddable":true,"href":"https:\/\/bihavadis.com\/index.php\/wp-json\/wp\/v2\/comments?post=77946"}],"version-history":[{"count":1,"href":"https:\/\/bihavadis.com\/index.php\/wp-json\/wp\/v2\/posts\/77946\/revisions"}],"predecessor-version":[{"id":77949,"href":"https:\/\/bihavadis.com\/index.php\/wp-json\/wp\/v2\/posts\/77946\/revisions\/77949"}],"wp:featuredmedia":[{"embeddable":true,"href":"https:\/\/bihavadis.com\/index.php\/wp-json\/wp\/v2\/media\/77947"}],"wp:attachment":[{"href":"https:\/\/bihavadis.com\/index.php\/wp-json\/wp\/v2\/media?parent=77946"}],"wp:term":[{"taxonomy":"category","embeddable":true,"href":"https:\/\/bihavadis.com\/index.php\/wp-json\/wp\/v2\/categories?post=77946"},{"taxonomy":"post_tag","embeddable":true,"href":"https:\/\/bihavadis.com\/index.php\/wp-json\/wp\/v2\/tags?post=77946"}],"curies":[{"name":"wp","href":"https:\/\/api.w.org\/{rel}","templated":true}]}}