{"id":77976,"date":"2026-05-01T22:00:06","date_gmt":"2026-05-01T22:00:06","guid":{"rendered":"https:\/\/bihavadis.com\/?p=77976"},"modified":"2026-05-01T22:00:06","modified_gmt":"2026-05-01T22:00:06","slug":"hamaney-dusman-hayal-kirikligina-ugratilmali","status":"publish","type":"post","link":"https:\/\/bihavadis.com\/index.php\/2026\/05\/01\/hamaney-dusman-hayal-kirikligina-ugratilmali\/","title":{"rendered":"Hamaney: D\u00fc\u015fman Hayal K\u0131r\u0131kl\u0131\u011f\u0131na U\u011frat\u0131lmal\u0131"},"content":{"rendered":"<p>\n<p>\u0130RAN lideri Ayetullah Ali Hamaney, &#8220;D\u00fc\u015fman hayal k\u0131r\u0131kl\u0131\u011f\u0131na u\u011frat\u0131lmal\u0131&#8221; dedi.<\/p>\n<p> \u0130ran lideri Ayetullah Ali Hamaney, devrimin 47&#8217;nci y\u0131l d\u00f6n\u00fcm\u00fc dolay\u0131s\u0131yla halka seslendi. Hamaney, 1979 y\u0131l\u0131ndaki devrimde \u0130ran halk\u0131n\u0131n zafer kazanarak \u00fclkesini yabanc\u0131 m\u00fcdahalelerden kurtard\u0131\u011f\u0131n\u0131 bildirdi. \u00dclke d\u00fc\u015fmanlar\u0131n\u0131n devrimden \u00f6nceki \u0130ran g\u00fcnlerine \u00f6zlem duyduklar\u0131n\u0131 s\u00f6yleyen Hamaney, bu umudun k\u0131r\u0131lmas\u0131 gerekti\u011fini kaydetti. <\/p>\n<p>Hamaney, yabanc\u0131 g\u00fc\u00e7lerin, devrim \u00f6ncesi durumu yeniden sa\u011flamak istedi\u011fini belirterek, &#8220;Ulusal birlikle d\u00fc\u015fman hayal k\u0131r\u0131kl\u0131\u011f\u0131na u\u011frayacak. Ulusal g\u00fc\u00e7, f\u00fcze ile u\u00e7aklardan ziyade halklar\u0131n iradesi ve direni\u015fine ba\u011fl\u0131d\u0131r. Sizler \u00e7ok \u015f\u00fck\u00fcr direni\u015finizi ve iradenizi g\u00f6sterdiniz. Farkl\u0131 olaylarda da bunu yeniden g\u00f6sterin. D\u00fc\u015fman\u0131 hayal k\u0131r\u0131kl\u0131\u011f\u0131na u\u011frat\u0131n. D\u00fc\u015fman hayal k\u0131r\u0131kl\u0131\u011f\u0131na u\u011framad\u0131\u011f\u0131 s\u00fcrece, bir millet zulme maruz kal\u0131r. D\u00fc\u015fman hayal k\u0131r\u0131kl\u0131\u011f\u0131na u\u011frat\u0131lmal\u0131&#8221; ifadelerini kulland\u0131. <\/p>\n","protected":false},"excerpt":{"rendered":"<p>\u0130ran Lideri Hamaney, devrim y\u0131l d\u00f6n\u00fcm\u00fcnde ulusal birli\u011fin \u00f6nemini vurgulad\u0131.<\/p>\n","protected":false},"author":1,"featured_media":77977,"comment_status":"open","ping_status":"open","sticky":false,"template":"","format":"standard","meta":{"footnotes":""},"categories":[6],"tags":[8269,3845],"class_list":["post-77976","post","type-post","status-publish","format-standard","has-post-thumbnail","hentry","category-dunya","tag-dusman","tag-hamaney"],"_links":{"self":[{"href":"https:\/\/bihavadis.com\/index.php\/wp-json\/wp\/v2\/posts\/77976","targetHints":{"allow":["GET"]}}],"collection":[{"href":"https:\/\/bihavadis.com\/index.php\/wp-json\/wp\/v2\/posts"}],"about":[{"href":"https:\/\/bihavadis.com\/index.php\/wp-json\/wp\/v2\/types\/post"}],"author":[{"embeddable":true,"href":"https:\/\/bihavadis.com\/index.php\/wp-json\/wp\/v2\/users\/1"}],"replies":[{"embeddable":true,"href":"https:\/\/bihavadis.com\/index.php\/wp-json\/wp\/v2\/comments?post=77976"}],"version-history":[{"count":1,"href":"https:\/\/bihavadis.com\/index.php\/wp-json\/wp\/v2\/posts\/77976\/revisions"}],"predecessor-version":[{"id":77978,"href":"https:\/\/bihavadis.com\/index.php\/wp-json\/wp\/v2\/posts\/77976\/revisions\/77978"}],"wp:featuredmedia":[{"embeddable":true,"href":"https:\/\/bihavadis.com\/index.php\/wp-json\/wp\/v2\/media\/77977"}],"wp:attachment":[{"href":"https:\/\/bihavadis.com\/index.php\/wp-json\/wp\/v2\/media?parent=77976"}],"wp:term":[{"taxonomy":"category","embeddable":true,"href":"https:\/\/bihavadis.com\/index.php\/wp-json\/wp\/v2\/categories?post=77976"},{"taxonomy":"post_tag","embeddable":true,"href":"https:\/\/bihavadis.com\/index.php\/wp-json\/wp\/v2\/tags?post=77976"}],"curies":[{"name":"wp","href":"https:\/\/api.w.org\/{rel}","templated":true}]}}