{"id":77982,"date":"2026-05-01T22:06:07","date_gmt":"2026-05-01T22:06:07","guid":{"rendered":"https:\/\/bihavadis.com\/?p=77982"},"modified":"2026-05-01T22:06:07","modified_gmt":"2026-05-01T22:06:07","slug":"israil-ordusu-lubnana-bedelini-agir-odeyecekler","status":"publish","type":"post","link":"https:\/\/bihavadis.com\/index.php\/2026\/05\/01\/israil-ordusu-lubnana-bedelini-agir-odeyecekler\/","title":{"rendered":"\u0130srail ordusu, L\u00fcbnan&#8217;a: Bedelini a\u011f\u0131r \u00f6deyecekler"},"content":{"rendered":"<p>L\u00fcbnan&#8217;\u0131n ba\u015fkenti\u00a0Beyrut&#8217;ta patlama sesleri duyuldu&#8230;<\/p>\n<p>\u0130srail ordusu, Hizbullah&#8217;\u0131 hedef ald\u0131\u011f\u0131n\u0131 \u00f6ne s\u00fcrerek L\u00fcbnan geneline hava sald\u0131r\u0131lar\u0131 ba\u015flatt\u0131\u011f\u0131n\u0131 a\u00e7\u0131klad\u0131.<\/p>\n<p><strong>B\u00d6LGEDE GER\u0130L\u0130M \u00dcST SEV\u0130YEDE<\/strong><\/p>\n<p>&#8216;\u0130srail jetlerinin Hizbullah&#8217;\u0131n f\u00fcze sald\u0131r\u0131s\u0131na kar\u015f\u0131l\u0131k olarak Hizbullah hedeflerine hava sald\u0131r\u0131lar\u0131 d\u00fczenledi\u011fi&#8217; bildirildi.<\/p>\n<p>ABD ile \u0130srail\u2019in ortak sald\u0131r\u0131s\u0131nda \u0130ran lideri Ayetullah Ali Hamaney&#8217;in \u00f6ld\u00fcr\u00fclmesinin ard\u0131ndan L\u00fcbnan Hizbullah&#8217;\u0131 f\u00fcze ve roket sald\u0131r\u0131s\u0131nda bulunarak \u0130ran&#8217;\u0131n misillemelerine kat\u0131ld\u0131.<\/p>\n<p><strong>&#8220;BEDEL\u0130N\u0130 A\u011eIR \u00d6DEYECEKLER&#8221;<\/strong><\/p>\n<p>\u0130srail ordusu Kuzey Cephesi Komutan\u0131 T\u00fcmgeneral Milo, a\u00e7\u0131klamalar\u0131nda \u015fu ifadeleri kulland\u0131:<\/p>\n<p>Hizbullah, L\u00fcbnan Devleti yerine \u0130ran rejimini tercih etti ve vatanda\u015flar\u0131m\u0131za sald\u0131r\u0131 d\u00fczenledi. Biz, buna haz\u0131rl\u0131kl\u0131yd\u0131k ve onlar bunun bedelini a\u011f\u0131r \u00f6deyecekler.<\/p>\n<p>Beyrut ve L\u00fcbnan&#8217;\u0131n g\u00fcneyine y\u00f6nelik geni\u015f \u00e7apl\u0131 bir ilk sald\u0131r\u0131 dalgas\u0131n\u0131 d\u00fczenlediklerini kaydeden T\u00fcmgeneral Milo, Hizbullah&#8217;\u0131n \u00fcst d\u00fczey y\u00f6neticilerini, karargahlar\u0131n\u0131 ve altyap\u0131lar\u0131n\u0131 hedef ald\u0131klar\u0131n\u0131 iddia etti.<\/p>\n<p><strong>&#8220;SALDIRILAR S\u00dcR\u00dcYOR&#8221;<\/strong><\/p>\n<p>\u0130srail g\u00fc\u00e7lerinin L\u00fcbnan s\u0131n\u0131r hatt\u0131nda \u00f6nemli \u00f6l\u00e7\u00fcde takviye edildi\u011fini belirten Milo, <em>&#8220;Sald\u0131r\u0131lar s\u00fcr\u00fcyor, \u015fiddeti artacak.&#8221; <\/em>tehdidinde bulundu.<\/p>\n<p>Hizbullah, gece saatlerinde \u0130srail&#8217;e y\u00f6nelik f\u00fcze sald\u0131r\u0131lar\u0131n\u0131 \u00fcstlenmi\u015f, Hayfa&#8217;n\u0131n g\u00fcneyini hedef ald\u0131klar\u0131n\u0131 duyurmu\u015ftu.<\/p>\n<p>\u0130srail ordusu da bunun \u00fczerine L\u00fcbnan geneline hava sald\u0131r\u0131lar\u0131 ba\u015flatm\u0131\u015ft\u0131.<\/p>\n<p><img decoding=\"async\" src=\"https:\/\/bihavadis.com\/wp-content\/uploads\/2026\/05\/israil-ordusu-lubnana-bedelini-agir-odeyecekler-0-N5edXSUZ.jpg\"\/> <\/p>\n<div> <span><strong>Kaynak:<\/strong> Anadolu Ajans\u0131 (AA)<\/span> <\/div>\n","protected":false},"excerpt":{"rendered":"<p>L\u00fcbnan&#8217;\u0131n ba\u015fkenti\u00a0Beyrut&#8217;ta patlama sesleri duyuldu&#8230; \u0130srail ordusu, Hizbullah&#8217;\u0131 hedef ald\u0131\u011f\u0131n\u0131 \u00f6ne s\u00fcrerek L\u00fcbnan geneline hava sald\u0131r\u0131lar\u0131 ba\u015flatt\u0131\u011f\u0131n\u0131 a\u00e7\u0131klad\u0131. B\u00d6LGEDE GER\u0130L\u0130M \u00dcST SEV\u0130YEDE &#8216;\u0130srail jetlerinin Hizbullah&#8217;\u0131n f\u00fcze sald\u0131r\u0131s\u0131na &#8230;<\/p>\n","protected":false},"author":1,"featured_media":77983,"comment_status":"open","ping_status":"open","sticky":false,"template":"","format":"standard","meta":{"footnotes":""},"categories":[6],"tags":[8270,792,2400,794],"class_list":["post-77982","post","type-post","status-publish","format-standard","has-post-thumbnail","hentry","category-dunya","tag-hizbullah","tag-israil","tag-lubnan","tag-saldiri"],"_links":{"self":[{"href":"https:\/\/bihavadis.com\/index.php\/wp-json\/wp\/v2\/posts\/77982","targetHints":{"allow":["GET"]}}],"collection":[{"href":"https:\/\/bihavadis.com\/index.php\/wp-json\/wp\/v2\/posts"}],"about":[{"href":"https:\/\/bihavadis.com\/index.php\/wp-json\/wp\/v2\/types\/post"}],"author":[{"embeddable":true,"href":"https:\/\/bihavadis.com\/index.php\/wp-json\/wp\/v2\/users\/1"}],"replies":[{"embeddable":true,"href":"https:\/\/bihavadis.com\/index.php\/wp-json\/wp\/v2\/comments?post=77982"}],"version-history":[{"count":1,"href":"https:\/\/bihavadis.com\/index.php\/wp-json\/wp\/v2\/posts\/77982\/revisions"}],"predecessor-version":[{"id":77985,"href":"https:\/\/bihavadis.com\/index.php\/wp-json\/wp\/v2\/posts\/77982\/revisions\/77985"}],"wp:featuredmedia":[{"embeddable":true,"href":"https:\/\/bihavadis.com\/index.php\/wp-json\/wp\/v2\/media\/77983"}],"wp:attachment":[{"href":"https:\/\/bihavadis.com\/index.php\/wp-json\/wp\/v2\/media?parent=77982"}],"wp:term":[{"taxonomy":"category","embeddable":true,"href":"https:\/\/bihavadis.com\/index.php\/wp-json\/wp\/v2\/categories?post=77982"},{"taxonomy":"post_tag","embeddable":true,"href":"https:\/\/bihavadis.com\/index.php\/wp-json\/wp\/v2\/tags?post=77982"}],"curies":[{"name":"wp","href":"https:\/\/api.w.org\/{rel}","templated":true}]}}