{"id":7799,"date":"2026-01-31T09:42:08","date_gmt":"2026-01-31T09:42:08","guid":{"rendered":"https:\/\/bihavadis.com\/?p=7799"},"modified":"2026-01-31T09:42:08","modified_gmt":"2026-01-31T09:42:08","slug":"besiktas-kristjan-asllaniyi-istanbula-getiriyor","status":"publish","type":"post","link":"https:\/\/bihavadis.com\/index.php\/2026\/01\/31\/besiktas-kristjan-asllaniyi-istanbula-getiriyor\/","title":{"rendered":"Be\u015fikta\u015f, Kristjan Asllani&#8217;yi \u0130stanbul&#8217;a getiriyor"},"content":{"rendered":"<p>Transfer \u00e7al\u0131\u015fmalar\u0131n\u0131 s\u00fcrd\u00fcren Be\u015fikta\u015f, orta sahas\u0131n\u0131 Kristjan Asllani ile g\u00fc\u00e7lendiriyor.<\/p>\n<p>23 ya\u015f\u0131ndaki Arnavut oyuncuyla ve kul\u00fcb\u00fc Inter ile anla\u015fan Be\u015fikta\u015f, bu transferi kiral\u0131k olarak ger\u00e7ekle\u015ftirecek.<\/p>\n<p>S\u00f6zle\u015fmede zorunlu olmayan sat\u0131n alma opsiyonu da olacak.<\/p>\n<p><strong>\u0130STANBUL&#8217;A GEL\u0130YOR<\/strong><\/p>\n<p>Be\u015fikta\u015f&#8217;\u0131n transfer g\u00f6r\u00fc\u015fmelerinde bulundu\u011fu Kristjan Asllani, bu gece \u0130stanbul&#8217;da olacak.<\/p>\n<p>Siyah-beyazl\u0131 kul\u00fcpten yap\u0131lan a\u00e7\u0131klamada, <em><b>&#8220;Profesyonel Futbolcu Kristjan Asllani, sa\u011fl\u0131k kontrolleri ve transfer g\u00f6r\u00fc\u015fmelerinin tamamlanmas\u0131 i\u00e7in bu ak\u015fam \u0130stanbul&#8217;a gelecektir.&#8221; <\/b><\/em>denildi.<\/p>\n<p>Asllani&#8217;yi ta\u015f\u0131yan u\u00e7a\u011f\u0131n bu ak\u015fam 23.40&#8217;ta \u0130stanbul Havaliman\u0131 D\u0131\u015f Hatlar Terminali&#8217;nde olaca\u011f\u0131 aktar\u0131ld\u0131.<\/p>\n<p><strong>ADALI DA A\u00c7IKLADI<\/strong><\/p>\n<p>\u00d6te yandan Be\u015fikta\u015f Ba\u015fkan\u0131 Serdal Adal\u0131, konuyla ilgili bas\u0131n toplant\u0131s\u0131nda yapt\u0131\u011f\u0131 a\u00e7\u0131klama <em><b>&#8220;Kristjan Asllani geliyor. Inter ve oyuncu ile anla\u015ft\u0131k. Inter ile Torino aras\u0131nda fesih s\u00fcreci var. Bu ak\u015fam gelecek.&#8221;<\/b><\/em> ifadelerini kulland\u0131.<\/p>\n<p><img decoding=\"async\" src=\"https:\/\/bihavadis.com\/wp-content\/uploads\/2026\/01\/besiktas-kristjan-asllaniyi-istanbula-getiriyor-0-vVlU5UjQ.jpg\"\/><\/p>\n<p><strong>INTER 15,7 M\u0130LYON EURO \u00d6DED\u0130<\/strong><\/p>\n<p>Inter, Asllani&#8217;yi Empoli&#8217;den 2023 y\u0131l\u0131n\u0131n Haziran ay\u0131nda 15,7 milyon euroya transfer etti.<\/p>\n<p>Empoli altyap\u0131s\u0131nda ba\u015flad\u0131\u011f\u0131 kariyerinde Inter&#8217;de 99 ma\u00e7a \u00e7\u0131kan Kristjan Asllani, 4 gol atarken 5 kez de asist katk\u0131s\u0131 sa\u011flad\u0131.<\/p>\n<p><img decoding=\"async\" src=\"https:\/\/bihavadis.com\/wp-content\/uploads\/2026\/01\/besiktas-kristjan-asllaniyi-istanbula-getiriyor-1-42TtdIE5.jpg\"\/><\/p>\n<p><strong>TORINO PERFORMANSI<\/strong><\/p>\n<p>Bu sezon Torino&#8217;da 16 ma\u00e7ta 1155 dakika sahada kalan Asllani, gol ya da asist katk\u0131s\u0131 veremedi.<\/p>\n<p>\u00d6te yandan Kristjan Asllani, Arnavutluk Milli Tak\u0131m\u0131&#8217;nda 38 kez forma giydi ve 5 asist yapt\u0131.<\/p>\n","protected":false},"excerpt":{"rendered":"<p>Be\u015fikta\u015f&#8217;\u0131n transferi i\u00e7in anla\u015fmaya vard\u0131\u011f\u0131 Kristjan Asllani, bu gece 23.40&#8217;ta \u0130stanbul&#8217;da olacak.<\/p>\n","protected":false},"author":1,"featured_media":7800,"comment_status":"open","ping_status":"open","sticky":false,"template":"","format":"standard","meta":{"footnotes":""},"categories":[14],"tags":[1852,1853,404],"class_list":["post-7799","post","type-post","status-publish","format-standard","has-post-thumbnail","hentry","category-spor","tag-inter","tag-kristjan-asllani","tag-transfer"],"_links":{"self":[{"href":"https:\/\/bihavadis.com\/index.php\/wp-json\/wp\/v2\/posts\/7799","targetHints":{"allow":["GET"]}}],"collection":[{"href":"https:\/\/bihavadis.com\/index.php\/wp-json\/wp\/v2\/posts"}],"about":[{"href":"https:\/\/bihavadis.com\/index.php\/wp-json\/wp\/v2\/types\/post"}],"author":[{"embeddable":true,"href":"https:\/\/bihavadis.com\/index.php\/wp-json\/wp\/v2\/users\/1"}],"replies":[{"embeddable":true,"href":"https:\/\/bihavadis.com\/index.php\/wp-json\/wp\/v2\/comments?post=7799"}],"version-history":[{"count":1,"href":"https:\/\/bihavadis.com\/index.php\/wp-json\/wp\/v2\/posts\/7799\/revisions"}],"predecessor-version":[{"id":7803,"href":"https:\/\/bihavadis.com\/index.php\/wp-json\/wp\/v2\/posts\/7799\/revisions\/7803"}],"wp:featuredmedia":[{"embeddable":true,"href":"https:\/\/bihavadis.com\/index.php\/wp-json\/wp\/v2\/media\/7800"}],"wp:attachment":[{"href":"https:\/\/bihavadis.com\/index.php\/wp-json\/wp\/v2\/media?parent=7799"}],"wp:term":[{"taxonomy":"category","embeddable":true,"href":"https:\/\/bihavadis.com\/index.php\/wp-json\/wp\/v2\/categories?post=7799"},{"taxonomy":"post_tag","embeddable":true,"href":"https:\/\/bihavadis.com\/index.php\/wp-json\/wp\/v2\/tags?post=7799"}],"curies":[{"name":"wp","href":"https:\/\/api.w.org\/{rel}","templated":true}]}}