{"id":78077,"date":"2026-05-01T23:24:07","date_gmt":"2026-05-01T23:24:07","guid":{"rendered":"https:\/\/bihavadis.com\/?p=78077"},"modified":"2026-05-01T23:24:07","modified_gmt":"2026-05-01T23:24:07","slug":"gaziemirin-mezarliklarinda-bayram-temizligi","status":"publish","type":"post","link":"https:\/\/bihavadis.com\/index.php\/2026\/05\/01\/gaziemirin-mezarliklarinda-bayram-temizligi\/","title":{"rendered":"Gaziemir&#8217;in mezarl\u0131klar\u0131nda bayram temizli\u011fi"},"content":{"rendered":"<p>Gaziemir Belediyesi ile \u0130zmir B\u00fcy\u00fck\u015fehir Belediyesi, yakla\u015fan Ramazan Bayram\u0131 \u00f6ncesinde il\u00e7edeki mezarl\u0131klarda detayl\u0131 temizlik \u00e7al\u0131\u015fmas\u0131 yapt\u0131. Gaziemir Belediye Ba\u015fkan\u0131 \u00dcnal I\u015f\u0131k, yurtta\u015flar\u0131n, kabir ziyaretlerini huzur i\u00e7inde yapabilmeleri i\u00e7in mezarl\u0131klar\u0131 temizleyerek d\u00fczenli ve bak\u0131ml\u0131 hale getirdiklerini s\u00f6yledi.<\/p>\n<p>\u0130ki belediyenin i\u015f birli\u011fiyle y\u00fcr\u00fct\u00fclen \u00e7al\u0131\u015fmalarda, Gaziemir\u2019deki Sarn\u0131\u00e7 Mezarl\u0131\u011f\u0131, Eski Gaziemir Mezarl\u0131\u011f\u0131 ve Yeni Gaziemir Mezarl\u0131\u011f\u0131\u2019nda genel temizlik \u00e7al\u0131\u015fmas\u0131 yap\u0131ld\u0131. Mezarl\u0131k alanlar\u0131 s\u00fcp\u00fcr\u00fclerek \u00e7\u00f6plerden ar\u0131nd\u0131r\u0131l\u0131rken, mezarl\u0131k i\u00e7indeki yollar s\u00fcp\u00fcrge ara\u00e7lar\u0131 ve tazyikli suyla y\u0131kand\u0131. Kabirlerin \u00e7evresindeki \u00e7\u00f6pleri toplayan belediye ekipleri, mezarl\u0131klarda bulunan \u00e7\u00f6p konteynerlerini, k\u00f6t\u00fc koku ve bakteri olu\u015fumunun \u00f6n\u00fcne ge\u00e7mek i\u00e7in y\u0131kayarak dezenfekte etti. Y\u0131pranan \u00e7\u00f6p konteynerlerinin bak\u0131m ve onar\u0131m\u0131 da ekipler taraf\u0131ndan yap\u0131ld\u0131. Eskiyen \u00e7\u00f6p konteynerleri de yenileriyle de\u011fi\u015ftirildi.<\/p>\n<p>Gaziemir Belediye Ba\u015fkan\u0131 \u00dcnal I\u015f\u0131k, \u0130zmir B\u00fcy\u00fck\u015fehir Belediyesi Mezarl\u0131klar Dairesi Ba\u015fkan\u0131 Ali Kemal Elita\u015f, Belediye Ba\u015fkan Yard\u0131mc\u0131lar\u0131 Irmak Y\u0131lmaz, Yusuf Ekici, Temizlik \u0130\u015fleri M\u00fcd\u00fcr\u00fc Oktay Bilgin ve muhtarlarla birlikte Sarn\u0131\u00e7 Mezarl\u0131\u011f\u0131\u2019nda y\u00fcr\u00fct\u00fclen temizlik \u00e7al\u0131\u015fmalar\u0131n\u0131 yerinde inceledi. Ramazan Bayram\u0131 \u00f6ncesinde mezarl\u0131klarda kapsaml\u0131 temizlik \u00e7al\u0131\u015fmas\u0131 yapt\u0131klar\u0131n\u0131 ifade eden Ba\u015fkan \u00dcnal I\u015f\u0131k, \u201cRamazan Bayram\u0131\u2019nda vatanda\u015flar\u0131m\u0131z\u0131n yak\u0131nlar\u0131n\u0131n kabir ziyaretlerini temiz ve d\u00fczenli bir ortamda, huzur i\u00e7inde yapabilmeleri i\u00e7in il\u00e7emizdeki mezarl\u0131klar\u0131 temizledik. Mezarl\u0131klar\u0131m\u0131z\u0131n temizlenmesi i\u00e7in \u0130zmir B\u00fcy\u00fck\u015fehir Belediyesi ile Temizlik \u0130\u015fleri M\u00fcd\u00fcrl\u00fc\u011f\u00fcm\u00fczde g\u00f6rev yapan \u00e7al\u0131\u015fma arkada\u015flar\u0131m\u0131z, \u00f6zverili bir \u00e7al\u0131\u015fma y\u00fcr\u00fctt\u00fc. Eme\u011fi ge\u00e7en herkese te\u015fekk\u00fcr ederim\u201d diye konu\u015ftu.\u00a0<\/p>\n<p>\u00a0<\/p>\n<p>\u00a0<\/p>\n<p>Kaynak: (BYZHA) Beyaz Haber Ajans\u0131<\/p>\n","protected":false},"excerpt":{"rendered":"<p>Gaziemir Belediyesi ile \u0130zmir B\u00fcy\u00fck\u015fehir Belediyesi, yakla\u015fan Ramazan Bayram\u0131 \u00f6ncesinde il\u00e7edeki mezarl\u0131klarda detayl\u0131 temizlik \u00e7al\u0131\u015fmas\u0131 yapt\u0131.<\/p>\n","protected":false},"author":1,"featured_media":78078,"comment_status":"open","ping_status":"open","sticky":false,"template":"","format":"standard","meta":{"footnotes":""},"categories":[4],"tags":[516,372,378,7932,1023],"class_list":["post-78077","post","type-post","status-publish","format-standard","has-post-thumbnail","hentry","category-gundem","tag-baskan","tag-belediye","tag-calisma","tag-mezarlik","tag-temizlik"],"_links":{"self":[{"href":"https:\/\/bihavadis.com\/index.php\/wp-json\/wp\/v2\/posts\/78077","targetHints":{"allow":["GET"]}}],"collection":[{"href":"https:\/\/bihavadis.com\/index.php\/wp-json\/wp\/v2\/posts"}],"about":[{"href":"https:\/\/bihavadis.com\/index.php\/wp-json\/wp\/v2\/types\/post"}],"author":[{"embeddable":true,"href":"https:\/\/bihavadis.com\/index.php\/wp-json\/wp\/v2\/users\/1"}],"replies":[{"embeddable":true,"href":"https:\/\/bihavadis.com\/index.php\/wp-json\/wp\/v2\/comments?post=78077"}],"version-history":[{"count":1,"href":"https:\/\/bihavadis.com\/index.php\/wp-json\/wp\/v2\/posts\/78077\/revisions"}],"predecessor-version":[{"id":78079,"href":"https:\/\/bihavadis.com\/index.php\/wp-json\/wp\/v2\/posts\/78077\/revisions\/78079"}],"wp:featuredmedia":[{"embeddable":true,"href":"https:\/\/bihavadis.com\/index.php\/wp-json\/wp\/v2\/media\/78078"}],"wp:attachment":[{"href":"https:\/\/bihavadis.com\/index.php\/wp-json\/wp\/v2\/media?parent=78077"}],"wp:term":[{"taxonomy":"category","embeddable":true,"href":"https:\/\/bihavadis.com\/index.php\/wp-json\/wp\/v2\/categories?post=78077"},{"taxonomy":"post_tag","embeddable":true,"href":"https:\/\/bihavadis.com\/index.php\/wp-json\/wp\/v2\/tags?post=78077"}],"curies":[{"name":"wp","href":"https:\/\/api.w.org\/{rel}","templated":true}]}}