{"id":78110,"date":"2026-05-01T23:51:07","date_gmt":"2026-05-01T23:51:07","guid":{"rendered":"https:\/\/bihavadis.com\/?p=78110"},"modified":"2026-05-01T23:51:07","modified_gmt":"2026-05-01T23:51:07","slug":"karsiyaka-cigli-ve-bayrakli-belediyelerinden-ornek-is-birligi","status":"publish","type":"post","link":"https:\/\/bihavadis.com\/index.php\/2026\/05\/01\/karsiyaka-cigli-ve-bayrakli-belediyelerinden-ornek-is-birligi\/","title":{"rendered":"Kar\u015f\u0131yaka, \u00c7i\u011fli ve Bayrakl\u0131 belediyelerinden \u00f6rnek i\u015f birli\u011fi"},"content":{"rendered":"<p><b>Kar\u015f\u0131yaka, \u00c7i\u011fli ve Bayrakl\u0131 belediyeleri, sahipsiz hayvanlar i\u00e7in Kar\u015f\u0131yaka\u2019da hayata ge\u00e7irilecek \u2018Kuzey Aks\u0131 Do\u011fal Ya\u015fam Alan\u0131\u2019 projesi i\u00e7in i\u015f birli\u011fi yapt\u0131. Projeyi g\u00f6r\u00fc\u015fmek \u00fczere \u00c7i\u011fli Belediye Ba\u015fkan\u0131 Onur Emrah Y\u0131ld\u0131z ve Bayrakl\u0131 Belediye Ba\u015fkan\u0131 \u0130rfan \u00d6nal\u2019\u0131 konuk eden Kar\u015f\u0131yaka Belediye Ba\u015fkan\u0131 Y\u0131ld\u0131z \u00dcnsal \u201cBu \u00f6nemli g\u00fc\u00e7 birli\u011fi ile sahipsiz can dostlar\u0131m\u0131z i\u00e7in \u00f6rnek bir bar\u0131nma alan\u0131 yarataca\u011f\u0131z\u201d dedi.<\/b><\/p>\n<p>Kar\u015f\u0131yaka\u2019n\u0131n Latife Han\u0131m Mahallesi\u2019nde 98 bin metrekarelik arazi \u00fczerinde kurulacak \u2018Kuzey Aks\u0131 Do\u011fal Ya\u015fam Alan\u0131\u2019 i\u00e7in \u00f6rnek bir i\u015f birli\u011fine imza at\u0131ld\u0131. Kar\u015f\u0131yaka ve s\u0131n\u0131r kom\u015fular\u0131 olan Bayrakl\u0131 ve \u00c7i\u011fli belediyeleri, sahipsiz hayvanlara g\u00fcvenli bir ya\u015fam alan\u0131 sunacak proje i\u00e7in g\u00fc\u00e7lerini birle\u015ftirdi. Bu kapsamda \u00c7i\u011fli Belediye Ba\u015fkan\u0131 Onur Emrah Y\u0131ld\u0131z ve Bayrakl\u0131 Belediye Ba\u015fkan\u0131 \u0130rfan \u00d6nal, projenin \u00f6n toplant\u0131s\u0131 i\u00e7in b\u00fcrokratlar\u0131 ile birlikte Kar\u015f\u0131yaka Belediye Ba\u015fkan\u0131 Y\u0131ld\u0131z \u00dcnsal\u2019\u0131 ziyaret etti. Ba\u015fkanlar; belediye bak\u0131mevlerine getirilen sahipsiz hayvanlar\u0131n rehabilitasyon s\u00fcre\u00e7leri tamamland\u0131ktan sonra do\u011fal ve g\u00fcvenli bir ortamda ya\u015famlar\u0131n\u0131 s\u00fcrd\u00fcrebilmeleri i\u00e7in \u00f6rnek bir alan yaratmay\u0131 hedeflediklerini s\u00f6yledi.<\/p>\n<p><b>ORTAK AKIL VURGUSU<\/b><\/p>\n<p>Kar\u015f\u0131yaka Belediye Ba\u015fkan\u0131 Y\u0131ld\u0131z \u00dcnsal, \u201cCan dostlar\u0131m\u0131z i\u00e7in g\u00fc\u00e7lerimizi birle\u015ftirmekten mutluluk duyuyoruz. \u00c7i\u011fli Belediye Ba\u015fkan\u0131m\u0131z Onur Emrah Y\u0131ld\u0131z ve Bayrakl\u0131 Belediye Ba\u015fkan\u0131m\u0131z \u0130rfan \u00d6nal\u2019a i\u015f birlikleri i\u00e7in \u00e7ok te\u015fekk\u00fcr ediyorum. Latife Han\u0131m Mahallesi\u2019nde kuraca\u011f\u0131m\u0131z 98 bin metrekarelik Kuzey Aks\u0131 Do\u011fal Ya\u015fam Alan\u0131, sahipsiz canlar\u0131m\u0131za do\u011fal ve g\u00fcvenli bir yuva imk\u00e2n\u0131 sunacak. Daha huzurlu bir kent ya\u015fam\u0131 i\u00e7in ortak ak\u0131lla \u00e7al\u0131\u015fmaya devam edece\u011fiz\u201d dedi.<\/p>\n<p><b>\u201cEN KISA S\u00dcREDE H\u0130ZMETTE\u201d<\/b><\/p>\n<p>\u00c7i\u011fli Belediye Ba\u015fkan\u0131 Onur Emrah Y\u0131ld\u0131z \u201c\u00c7i\u011fli, Kar\u015f\u0131yaka ve Bayrakl\u0131 belediyeleri olarak; sokakta ya\u015fayan hayvanlar\u0131m\u0131z\u0131n ya\u015fam haklar\u0131n\u0131 korumak i\u00e7in el ele verdik. Hayata ge\u00e7irece\u011fimiz proje i\u00e7in b\u00fcrokratlar\u0131m\u0131z\u0131n kat\u0131l\u0131m\u0131yla \u00f6n toplant\u0131m\u0131z\u0131 ger\u00e7ekle\u015ftirdik. Kar\u015f\u0131yaka s\u0131n\u0131rlar\u0131 i\u00e7inde yer alacak bu \u00f6rnek proje i\u00e7in hassasiyetle \u00e7al\u0131\u015farak en k\u0131sa s\u00fcrede hizmete sunaca\u011f\u0131z\u201d diye konu\u015ftu. \u00a0<\/p>\n<p><b>G\u00dcVENL\u0130 B\u0130R YA\u015eAM ALANI<\/b><\/p>\n<p>Bayrakl\u0131 Belediye Ba\u015fkan\u0131 \u0130rfan \u00d6nal da \u201cKar\u015f\u0131yaka Belediye Ba\u015fkan\u0131m\u0131z Y\u0131ld\u0131z \u00dcnsal ve \u00c7i\u011fli Belediye Ba\u015fkan\u0131m\u0131z Onur Emrah Y\u0131ld\u0131z ile bir araya gelerek, sokakta ya\u015fayan hayvanlar\u0131m\u0131z i\u00e7in hayata ge\u00e7irece\u011fimiz Do\u011fal Ya\u015fam Alan\u0131 projesini de\u011ferlendirdik. Kar\u015f\u0131yaka Latife Han\u0131m Mahallesi\u2019nde kurulmas\u0131 planlanan bu alan\u0131n, can dostlar\u0131m\u0131z i\u00e7in g\u00fcvenli ve do\u011fal bir ya\u015fam alan\u0131 olmas\u0131 i\u00e7in \u00e7al\u0131\u015fmalar\u0131m\u0131z\u0131 i\u015f birli\u011fi i\u00e7inde s\u00fcrd\u00fcr\u00fcyoruz\u201d dedi.<\/p>\n<p><b>T\u00dcM \u0130HT\u0130YA\u00c7LARI KAR\u015eILANACAK<\/b><\/p>\n<p>Kuzey Aks\u0131 Do\u011fal Ya\u015fam Alan\u0131 projesi; Kar\u015f\u0131yaka\u2019ya ba\u011fl\u0131 Latife Han\u0131m Mahallesi\u2019nde yakla\u015f\u0131k 185 bin metrekare y\u00fcz\u00f6l\u00e7\u00fcml\u00fc arazinin 98 bin metrekarelik k\u0131sm\u0131nda hayata ge\u00e7irilecek. Hayvan refah\u0131 ilkeleri g\u00f6zetilerek kurulacak alanda, gerekli t\u00fcm altyap\u0131 kurulduktan sonra a\u00e7\u0131k ve kapal\u0131 bar\u0131nma b\u00f6l\u00fcmleri olu\u015fturulacak. Belediyelerin bak\u0131mevlerinde rehabilitasyon s\u00fcre\u00e7leri tamamlanan sahipsiz k\u00f6pekler, bu alanda ya\u015famlar\u0131na g\u00fcvenli, do\u011fal ve sa\u011fl\u0131kl\u0131 \u015fartlarda devam edecek. Hayvanlar\u0131n t\u00fcm bak\u0131m ve beslenme ihtiya\u00e7lar\u0131, belediyelerce kar\u015f\u0131lanacak. Alan, mahallelerinde g\u00f6n\u00fcll\u00fc olarak k\u00f6peklerle ilgilenen hayvanseverlerin ziyaretine de a\u00e7\u0131k olacak.<\/p>\n<p>\u00a0<\/p>\n<p>Kaynak: (BYZHA) Beyaz Haber Ajans\u0131<\/p>\n","protected":false},"excerpt":{"rendered":"<p>Kar\u015f\u0131yaka, \u00c7i\u011fli ve Bayrakl\u0131 belediyeleri, sahipsiz hayvanlar i\u00e7in Kar\u015f\u0131yaka\u2019da hayata ge\u00e7irilecek \u2018Kuzey Aks\u0131 Do\u011fal Ya\u015fam Alan\u0131\u2019 projesi i\u00e7in i\u015f birli\u011fi yapt\u0131.<\/p>\n","protected":false},"author":1,"featured_media":78111,"comment_status":"open","ping_status":"open","sticky":false,"template":"","format":"standard","meta":{"footnotes":""},"categories":[4],"tags":[1271,1079,1066,237,569],"class_list":["post-78110","post","type-post","status-publish","format-standard","has-post-thumbnail","hentry","category-gundem","tag-guvenli","tag-hayvanlar","tag-karsiyaka","tag-proje","tag-yasam"],"_links":{"self":[{"href":"https:\/\/bihavadis.com\/index.php\/wp-json\/wp\/v2\/posts\/78110","targetHints":{"allow":["GET"]}}],"collection":[{"href":"https:\/\/bihavadis.com\/index.php\/wp-json\/wp\/v2\/posts"}],"about":[{"href":"https:\/\/bihavadis.com\/index.php\/wp-json\/wp\/v2\/types\/post"}],"author":[{"embeddable":true,"href":"https:\/\/bihavadis.com\/index.php\/wp-json\/wp\/v2\/users\/1"}],"replies":[{"embeddable":true,"href":"https:\/\/bihavadis.com\/index.php\/wp-json\/wp\/v2\/comments?post=78110"}],"version-history":[{"count":1,"href":"https:\/\/bihavadis.com\/index.php\/wp-json\/wp\/v2\/posts\/78110\/revisions"}],"predecessor-version":[{"id":78112,"href":"https:\/\/bihavadis.com\/index.php\/wp-json\/wp\/v2\/posts\/78110\/revisions\/78112"}],"wp:featuredmedia":[{"embeddable":true,"href":"https:\/\/bihavadis.com\/index.php\/wp-json\/wp\/v2\/media\/78111"}],"wp:attachment":[{"href":"https:\/\/bihavadis.com\/index.php\/wp-json\/wp\/v2\/media?parent=78110"}],"wp:term":[{"taxonomy":"category","embeddable":true,"href":"https:\/\/bihavadis.com\/index.php\/wp-json\/wp\/v2\/categories?post=78110"},{"taxonomy":"post_tag","embeddable":true,"href":"https:\/\/bihavadis.com\/index.php\/wp-json\/wp\/v2\/tags?post=78110"}],"curies":[{"name":"wp","href":"https:\/\/api.w.org\/{rel}","templated":true}]}}