{"id":78116,"date":"2026-05-01T23:57:08","date_gmt":"2026-05-01T23:57:08","guid":{"rendered":"https:\/\/bihavadis.com\/?p=78116"},"modified":"2026-05-01T23:57:08","modified_gmt":"2026-05-01T23:57:08","slug":"kartepede-dolu-dolu-bir-ramazan-gecti","status":"publish","type":"post","link":"https:\/\/bihavadis.com\/index.php\/2026\/05\/01\/kartepede-dolu-dolu-bir-ramazan-gecti\/","title":{"rendered":"Kartepe&#8217;de Dolu Dolu Bir Ramazan Ge\u00e7ti"},"content":{"rendered":"<p><strong>Kartepe Belediyesi taraf\u0131ndan d\u00fczenlenen Ramazan Ay\u0131 programlar\u0131 kapsam\u0131nda, Kent Meydan\u0131\u2019n\u0131 huzurun ve karde\u015fli\u011fin merkezi haline getirdi.<\/strong><\/p>\n<p><strong>Kent Meydan\u0131\u2019nda Ramazan\u2019\u0131n Kalbi Ota\u011f \u00c7ad\u0131r\u0131<\/strong><\/p>\n<p>Ramazan ay\u0131 boyunca, etkinliklerinin merkezi haline gelen Kent Meydan\u0131\u2019ndaki Ota\u011f \u00c7ad\u0131r\u0131, k\u00fclt\u00fcr ve gelene\u011fin bulu\u015fma noktas\u0131 oldu. At\u00f6lyelerin, payla\u015fman\u0131n ve kadim de\u011ferlerin ya\u015fat\u0131ld\u0131\u011f\u0131 \u00e7ad\u0131rda; aileler birlikte vakit ge\u00e7irirken \u00e7ocuklar Ramazan ruhunu yerinde \u00f6\u011frendi.<\/p>\n<p><strong>Zaman Yolculu\u011fu Ramazan Soka\u011f\u0131 ve Geleneksel Sanatlar<\/strong><\/p>\n<p>Ramazan Soka\u011f\u0131\u2019nda kurulan stantlar, ziyaret\u00e7ileri mahalle k\u00fclt\u00fcr\u00fcn\u00fcn s\u0131cakl\u0131\u011f\u0131na ve eski Ramazan ak\u015famlar\u0131na g\u00f6t\u00fcrd\u00fc. Unutulmaya y\u00fcz tutmu\u015f geleneklerin yeniden hayat buldu\u011fu sokakta, Sanat Evi b\u00fcnyesinde a\u00e7\u0131lan Geleneksel T\u00fcrk Sanatlar\u0131 Sergisi ise as\u0131rl\u0131k zarafeti g\u00f6zler \u00f6n\u00fcne serdi.<\/p>\n<p><strong>Teknolojiyle Kutsal Topraklara Yolculuk ve Sakal-\u0131 \u015eerif Huzuru<\/strong><\/p>\n<p>Kartepe Belediyesi, bu y\u0131l maneviyat\u0131 teknolojiyle birle\u015ftirdi. VR g\u00f6zl\u00fckler arac\u0131l\u0131\u011f\u0131yla kutsal topraklar\u0131 g\u00f6rme f\u0131rsat\u0131 bulan vatanda\u015flar, kilometrelerce uzaktaki m\u00fcbarek beldelere dijital bir yolculuk yapt\u0131. \u00d6te yandan, ziyarete a\u00e7\u0131lan Peygamber Efendimiz\u2019in Sakal-\u0131 \u015eerif\u2019i, Kartepelilere duygusal anlar ya\u015fatt\u0131.<\/p>\n<p><strong>\u00c7ocuklar\u0131n Ne\u015fesi<\/strong><\/p>\n<p>Ramazan\u2019\u0131n en g\u00fczel sesi yine \u00e7ocuklar\u0131n ne\u015fesi oldu. Hacivat ve Karag\u00f6z\u2019\u00fcn kahkahalar\u0131, \u0130bi\u015f\u2019in maceralar\u0131 ve Nasrettin Hoca\u2019n\u0131n hik\u00e2yeleriyle \u00e7ocuklar unutulmaz an\u0131lar biriktirdi. Ayr\u0131ca d\u00fczenlenen &#8220;41 Ayet Yar\u0131\u015fmas\u0131&#8221; ile minik kalplerde bilgi ve karde\u015flik tohumlar\u0131 ye\u015ferdi.<\/p>\n<p><strong>Ba\u015fkan Kocaman &#8220;Ramazan Kartepe\u2019de Hissedilir&#8221;<\/strong><\/p>\n<p>Etkinlikler hakk\u0131nda de\u011ferlendirmede bulunan Kartepe Belediye Ba\u015fkan\u0131 Av. M. Mustafa Kocaman &#8220;Ramazan; birliktir, payla\u015fmakt\u0131r, karde\u015fliktir. Kartepe\u2019de ger\u00e7ekle\u015ftirdi\u011fimiz etkinliklerle bu g\u00fczel ruhu sadece ya\u015famakla kalmad\u0131k, hep birlikte derinden hissettik. Kent Meydan\u0131\u2019nda d\u00fczenlenen programlar, g\u00f6n\u00fclleri bir araya getirerek Ramazan\u2019\u0131n huzurunu ve bereketini en g\u00fczel \u015fekilde yans\u0131tt\u0131. Bu anlaml\u0131 etkinliklere kat\u0131larak bizlerle ayn\u0131 duygular\u0131 payla\u015fan herkese g\u00f6n\u00fclden te\u015fekk\u00fcr ediyorum. Nice Ramazanlarda yine ayn\u0131 birlik ve beraberlik i\u00e7inde bulu\u015fmay\u0131 diliyorum&#8221;ifadelerini kulland\u0131.<\/p>\n<p>\u00a0<\/p>\n<p>\u00a0<\/p>\n<p>Kaynak: (BYZHA) Beyaz Haber Ajans\u0131<\/p>\n","protected":false},"excerpt":{"rendered":"<p>Kartepe Belediyesi taraf\u0131ndan d\u00fczenlenen Ramazan Ay\u0131 programlar\u0131 kapsam\u0131nda, Kent Meydan\u0131\u2019n\u0131 huzurun ve karde\u015fli\u011fin merkezi haline getirdi.<\/p>\n","protected":false},"author":1,"featured_media":78117,"comment_status":"open","ping_status":"open","sticky":false,"template":"","format":"standard","meta":{"footnotes":""},"categories":[4],"tags":[2741,2851,2714],"class_list":["post-78116","post","type-post","status-publish","format-standard","has-post-thumbnail","hentry","category-gundem","tag-gelen","tag-kartepe","tag-ramazan"],"_links":{"self":[{"href":"https:\/\/bihavadis.com\/index.php\/wp-json\/wp\/v2\/posts\/78116","targetHints":{"allow":["GET"]}}],"collection":[{"href":"https:\/\/bihavadis.com\/index.php\/wp-json\/wp\/v2\/posts"}],"about":[{"href":"https:\/\/bihavadis.com\/index.php\/wp-json\/wp\/v2\/types\/post"}],"author":[{"embeddable":true,"href":"https:\/\/bihavadis.com\/index.php\/wp-json\/wp\/v2\/users\/1"}],"replies":[{"embeddable":true,"href":"https:\/\/bihavadis.com\/index.php\/wp-json\/wp\/v2\/comments?post=78116"}],"version-history":[{"count":1,"href":"https:\/\/bihavadis.com\/index.php\/wp-json\/wp\/v2\/posts\/78116\/revisions"}],"predecessor-version":[{"id":78118,"href":"https:\/\/bihavadis.com\/index.php\/wp-json\/wp\/v2\/posts\/78116\/revisions\/78118"}],"wp:featuredmedia":[{"embeddable":true,"href":"https:\/\/bihavadis.com\/index.php\/wp-json\/wp\/v2\/media\/78117"}],"wp:attachment":[{"href":"https:\/\/bihavadis.com\/index.php\/wp-json\/wp\/v2\/media?parent=78116"}],"wp:term":[{"taxonomy":"category","embeddable":true,"href":"https:\/\/bihavadis.com\/index.php\/wp-json\/wp\/v2\/categories?post=78116"},{"taxonomy":"post_tag","embeddable":true,"href":"https:\/\/bihavadis.com\/index.php\/wp-json\/wp\/v2\/tags?post=78116"}],"curies":[{"name":"wp","href":"https:\/\/api.w.org\/{rel}","templated":true}]}}