{"id":78305,"date":"2026-05-02T02:18:09","date_gmt":"2026-05-02T02:18:09","guid":{"rendered":"https:\/\/bihavadis.com\/?p=78305"},"modified":"2026-05-02T02:18:09","modified_gmt":"2026-05-02T02:18:09","slug":"istanbulda-18-yas-altindaki-cocuklar-hirsizlik-yapti","status":"publish","type":"post","link":"https:\/\/bihavadis.com\/index.php\/2026\/05\/02\/istanbulda-18-yas-altindaki-cocuklar-hirsizlik-yapti\/","title":{"rendered":"\u0130stanbul&#8217;da 18 ya\u015f alt\u0131ndaki \u00e7ocuklar h\u0131rs\u0131zl\u0131k yapt\u0131"},"content":{"rendered":"<p>\u0130stanbul Gaziosmanpa\u015fa&#8217;da bir ma\u011faza, iki kez soyuldu.<\/p>\n<p>\u015eemsipa\u015fa Mahallesi K\u00fc\u00e7\u00fckk\u00f6y Caddesi&#8217;nde bulunan ma\u011faza, 18 ya\u015f\u0131n\u0131n alt\u0131ndaki \u00e7ocuklar taraf\u0131ndan soyuldu.\u00a0<\/p>\n<p>Ma\u011fazaya gelen 3 \u00e7ocuktan biri kap\u0131 \u00f6n\u00fcnde g\u00f6zc\u00fcl\u00fck yaparken, di\u011fer 2 \u015f\u00fcpheli ma\u011faza cam\u0131n\u0131 zorlayarak i\u00e7eri girdi.<\/p>\n<p><strong>\u0130K\u0130 KEZ SOYULDU<\/strong><\/p>\n<p>\u0130\u00e7eri giren \u015f\u00fcphelilerden biri kasada bulunan paralar\u0131 al\u0131rken, di\u011ferinin ise \u00fcr\u00fcnleri \u00e7ald\u0131\u011f\u0131 g\u00f6r\u00fcld\u00fc. \u015e\u00fcpheliler i\u015f yeri alarm\u0131n\u0131n \u00e7almas\u0131yla olay yerinden ka\u00e7t\u0131.<\/p>\n<p>\u0130kinci h\u0131rs\u0131zl\u0131k olay\u0131 ise 28 \u015eubat Cumartesi g\u00fcn\u00fc saat 18.00 s\u0131ralar\u0131nda ya\u015fand\u0131.<\/p>\n<p>\u00a05 \u015f\u00fcpheliden 2\u2019si, ma\u011faza i\u00e7indeki \u00e7al\u0131\u015fan\u0131 oyalad\u0131\u011f\u0131 s\u0131rada, di\u011fer 3 \u015f\u00fcpheli d\u0131\u015far\u0131da as\u0131l\u0131 bulunan \u00fcr\u00fcnleri montlar\u0131n\u0131n aras\u0131na koyarak uzakla\u015ft\u0131.<\/p>\n<p>Polis olayla ilgili inceleme ba\u015flatt\u0131. Ya\u015fanan her iki h\u0131rs\u0131zl\u0131k olay\u0131 ise i\u015f yerinin g\u00fcvenlik kameras\u0131na yans\u0131d\u0131.<\/p>\n<p><strong>&#8220;B\u0130Z\u0130 \u00dcZEN 18 YA\u015eININ ALTINDA OLMALARI&#8221;<\/strong><\/p>\n<p>Ma\u011faza sahibi Mustafa Do\u011fanay, &#8220;<em><b>\u00dc\u00e7 hafta \u00f6nce i\u00e7eriye 3 ki\u015finin organize olarak geldi\u011fi bir durum ya\u015fand\u0131. Cam\u0131 zorlayarak i\u00e7eri girdiler. \u0130\u00e7eri girdikten sonra kasadan biraz para ve birka\u00e7 \u00fcr\u00fcn al\u0131p ka\u00e7t\u0131lar.<\/b><\/em><\/p>\n<p><em><b> \u00d6ncelikle gen\u00e7 arkada\u015f olmalar\u0131 bizi \u00e7ok \u00fczd\u00fc, \u00e7ok \u00fcz\u00fcc\u00fc bir durum. Bu durumun devam\u0131n\u0131n ya\u015fanmamas\u0131 i\u00e7in polise ba\u015fvurduk. Polis bu s\u00fcreci takip alt\u0131na ald\u0131 ama bizim tek iste\u011fimiz bu s\u00fcrecin tekrar ger\u00e7ekle\u015fememesiydi.<\/b><\/em><\/p>\n<p><em><b>D\u00fcn tekrar 5 ki\u015finin organize olarak buraya gelip; yine \u00fcz\u00fcc\u00fc taraf\u0131 bunlar\u0131n gen\u00e7 olmas\u0131, 2 ki\u015fi i\u00e7erdeki personeli oyalay\u0131p 3 ki\u015finin de kap\u0131da bulunan \u00fcr\u00fcnleri \u00e7almas\u0131 oldu. Her iki vakan\u0131n da olay\u0131 ger\u00e7ek ger\u00e7ekle\u015ftiren18 ya\u015f\u0131n\u0131n alt\u0131nda olduklar\u0131 \u00e7ok belli. Zaten polislerin k\u0131sa s\u00fcrede incelemede ya\u015flar\u0131n\u0131n 18 ya\u015f\u0131n\u0131n alt\u0131nda oldu\u011fuydu. <\/b><\/em><\/p>\n<p><em><b>Bizi en \u00e7ok \u00fczen \u015fey her iki olayda da \u00e7ocuklar\u0131n 18 ya\u015f\u0131n\u0131n alt\u0131nda olmalar\u0131yd\u0131.&#8221;<\/b><\/em> ifadelerini kulland\u0131.<\/p>\n<p><img decoding=\"async\" src=\"https:\/\/bihavadis.com\/wp-content\/uploads\/2026\/05\/istanbulda-18-yas-altindaki-cocuklar-hirsizlik-yapti-0-P41ZW7Hw.jpg\"\/><\/p>\n<p><img decoding=\"async\" src=\"https:\/\/bihavadis.com\/wp-content\/uploads\/2026\/05\/istanbulda-18-yas-altindaki-cocuklar-hirsizlik-yapti-1-1Nul3upd.jpg\"\/><\/p>\n<p><img decoding=\"async\" src=\"https:\/\/bihavadis.com\/wp-content\/uploads\/2026\/05\/istanbulda-18-yas-altindaki-cocuklar-hirsizlik-yapti-2-A6EmsUDW.jpg\"\/><\/p>\n<p><img decoding=\"async\" src=\"https:\/\/bihavadis.com\/wp-content\/uploads\/2026\/05\/istanbulda-18-yas-altindaki-cocuklar-hirsizlik-yapti-3-WKIsRrpO.jpg\"\/><\/p>\n<p><img decoding=\"async\" src=\"https:\/\/bihavadis.com\/wp-content\/uploads\/2026\/05\/istanbulda-18-yas-altindaki-cocuklar-hirsizlik-yapti-4-ezAT8Oj1.jpg\"\/> <\/p>\n<div> <span><strong>Kaynak:<\/strong> Demir\u00f6ren Haber Ajans\u0131 (DHA)<\/span> <\/div>\n","protected":false},"excerpt":{"rendered":"<p>\u0130stanbul Gaziosmanpa\u015fa&#8217;da bir ma\u011faza, iki kez soyuldu. \u015eemsipa\u015fa Mahallesi K\u00fc\u00e7\u00fckk\u00f6y Caddesi&#8217;nde bulunan ma\u011faza, 18 ya\u015f\u0131n\u0131n alt\u0131ndaki \u00e7ocuklar taraf\u0131ndan soyuldu.\u00a0 Ma\u011fazaya gelen 3 \u00e7ocuktan biri kap\u0131 \u00f6n\u00fcnde g\u00f6zc\u00fcl\u00fck yaparken, di\u011fer 2 \u015f\u00fcpheli ma\u011faza &#8230;<\/p>\n","protected":false},"author":1,"featured_media":78306,"comment_status":"open","ping_status":"open","sticky":false,"template":"","format":"standard","meta":{"footnotes":""},"categories":[4,13],"tags":[3884,2009,256,246],"class_list":["post-78305","post","type-post","status-publish","format-standard","has-post-thumbnail","hentry","category-gundem","category-son-dakika","tag-iceri","tag-magaza","tag-olay","tag-supheli"],"_links":{"self":[{"href":"https:\/\/bihavadis.com\/index.php\/wp-json\/wp\/v2\/posts\/78305","targetHints":{"allow":["GET"]}}],"collection":[{"href":"https:\/\/bihavadis.com\/index.php\/wp-json\/wp\/v2\/posts"}],"about":[{"href":"https:\/\/bihavadis.com\/index.php\/wp-json\/wp\/v2\/types\/post"}],"author":[{"embeddable":true,"href":"https:\/\/bihavadis.com\/index.php\/wp-json\/wp\/v2\/users\/1"}],"replies":[{"embeddable":true,"href":"https:\/\/bihavadis.com\/index.php\/wp-json\/wp\/v2\/comments?post=78305"}],"version-history":[{"count":1,"href":"https:\/\/bihavadis.com\/index.php\/wp-json\/wp\/v2\/posts\/78305\/revisions"}],"predecessor-version":[{"id":78312,"href":"https:\/\/bihavadis.com\/index.php\/wp-json\/wp\/v2\/posts\/78305\/revisions\/78312"}],"wp:featuredmedia":[{"embeddable":true,"href":"https:\/\/bihavadis.com\/index.php\/wp-json\/wp\/v2\/media\/78306"}],"wp:attachment":[{"href":"https:\/\/bihavadis.com\/index.php\/wp-json\/wp\/v2\/media?parent=78305"}],"wp:term":[{"taxonomy":"category","embeddable":true,"href":"https:\/\/bihavadis.com\/index.php\/wp-json\/wp\/v2\/categories?post=78305"},{"taxonomy":"post_tag","embeddable":true,"href":"https:\/\/bihavadis.com\/index.php\/wp-json\/wp\/v2\/tags?post=78305"}],"curies":[{"name":"wp","href":"https:\/\/api.w.org\/{rel}","templated":true}]}}