{"id":78326,"date":"2026-05-02T02:33:05","date_gmt":"2026-05-02T02:33:05","guid":{"rendered":"https:\/\/bihavadis.com\/?p=78326"},"modified":"2026-05-02T02:33:05","modified_gmt":"2026-05-02T02:33:05","slug":"axios-irana-yonelik-saldiri-bir-haftalik-ertelemeyle-gerceklesti","status":"publish","type":"post","link":"https:\/\/bihavadis.com\/index.php\/2026\/05\/02\/axios-irana-yonelik-saldiri-bir-haftalik-ertelemeyle-gerceklesti\/","title":{"rendered":"Axios: \u0130ran&#8217;a y\u00f6nelik sald\u0131r\u0131 bir haftal\u0131k ertelemeyle ger\u00e7ekle\u015fti"},"content":{"rendered":"<p>N\u00fckleer m\u00fczakerelerden sonu\u00e7 \u00e7\u0131kmay\u0131nca ABD ve \u0130srail \u0130ran&#8217;\u0131 bombalamaya ba\u015flad\u0131.<\/p>\n<p>Ba\u015fkent Tahran ba\u015fta olmak \u00fczere bir\u00e7ok hedef vurulurken \u0130ran da b\u00f6lgedeki ABD \u00fcslerini ve \u0130srail&#8217;i hedef ald\u0131.<\/p>\n<p>Sava\u015f devam ederken, ABD merkezli yay\u0131n kurulu\u015fu Axios dikkat \u00e7eken bir iddiay\u0131 g\u00fcndeme getirdi.<\/p>\n<p><strong>SALDIRI 1 HAFTA ERTELEND\u0130<\/strong><\/p>\n<p>Axios haber platformunun konuya ili\u015fkin bilgi sahibi \u00fcst d\u00fczey ABD&#8217;li ve \u0130srailli kaynaklara dayand\u0131rd\u0131\u011f\u0131 haberine g\u00f6re, ABD ile \u0130srail, \u0130ran&#8217;a 21 \u015eubat Cumartesi g\u00fcn\u00fc sald\u0131rmaya haz\u0131rlan\u0131yordu.<\/p>\n<p>Bir yetkili, sald\u0131r\u0131n\u0131n olumsuz hava ko\u015fullar\u0131 nedeniyle ertelenmedi\u011fini, ba\u015fka bir yetkili de gecikmenin ABD kaynakl\u0131 oldu\u011funu savundu.<\/p>\n<p>Buna g\u00f6re ABD, \u0130srail Savunma Kuvvetleri ile &#8220;daha iyi koordinasyon sa\u011flanmas\u0131&#8221; gerekti\u011fini d\u00fc\u015f\u00fcnerek operasyonel ve istihbari gerek\u00e7elerle sald\u0131r\u0131lar\u0131 erteledi.<\/p>\n<p>Yetkililere g\u00f6re sald\u0131r\u0131lar, \u0130ran lideri Ayetullah Ali Hamaney ve o\u011fullar\u0131n\u0131n, \u00fcst d\u00fczey \u0130ranl\u0131 yetkililerle her cumartesi kat\u0131ld\u0131\u011f\u0131 toplant\u0131lar\u0131 hedef ald\u0131.<\/p>\n<p><img decoding=\"async\" src=\"https:\/\/bihavadis.com\/wp-content\/uploads\/2026\/05\/axios-irana-yonelik-saldiri-bir-haftalik-ertelemeyle-gerceklesti-0-zlkOOEAO.jpg\"\/><\/p>\n<p><strong>HAMANEY&#8217;\u0130N SI\u011eINA\u011eA G\u0130RMEMES\u0130 S\u00dcRPR\u0130Z<\/strong><\/p>\n<p>Planlanan sald\u0131r\u0131 tarihinden ger\u00e7ek sald\u0131r\u0131ya kadar \u0130srailli ve ABD&#8217;li yetkililerin, Hamaney&#8217;in konutundan yer alt\u0131 s\u0131\u011f\u0131na\u011f\u0131na inmesi konusundaki endi\u015felerinin giderek artt\u0131\u011f\u0131 belirtildi. ABD y\u00f6netiminden bir yetkili, Hamaney&#8217;in yer alt\u0131 s\u0131\u011f\u0131naklar\u0131na girmemesinin &#8220;s\u00fcrpriz&#8221; oldu\u011funu ifade etti.<\/p>\n<p>Sald\u0131r\u0131n\u0131n gecikmesinin, ABD ile \u0130ran aras\u0131nda \u0130svi\u00e7re&#8217;nin Cenevre kentinde y\u00fcr\u00fct\u00fclen m\u00fczakereler i\u00e7in ek s\u00fcre tan\u0131d\u0131\u011f\u0131 belirtildi.<\/p>\n<p>\u0130srailli yetkili, Cenevre&#8217;deki m\u00fczakerelerin yaln\u0131zca yeni sald\u0131r\u0131 tarihine kadar vakit kazanmak amac\u0131yla y\u00fcr\u00fct\u00fcld\u00fc\u011f\u00fcn\u00fc, \u0130ranl\u0131lar\u0131n &#8220;diplomasi yolunun hala a\u00e7\u0131k oldu\u011funu&#8221; d\u00fc\u015f\u00fcnmeleri i\u00e7in yap\u0131ld\u0131\u011f\u0131n\u0131 iddia etti.<\/p>\n<p>Ba\u015fka bir \u0130srailli yetkili ise g\u00f6r\u00fc\u015fmelerin samimi oldu\u011funu, Cenevre&#8217;de ilerleme kaydedilmi\u015f olmas\u0131 halinde sald\u0131r\u0131n\u0131n ertelenece\u011fini \u00f6ne s\u00fcrd\u00fc.<\/p>\n<p>ABD&#8217;li yetkili, Cenevre&#8217;deki g\u00f6r\u00fc\u015fmelerin ard\u0131ndan \u0130ran&#8217;\u0131n ABD taraf\u0131ndan sunulan teklifi kabul etmedi\u011fi, bunun \u00fczerine zaten sald\u0131r\u0131 haz\u0131rl\u0131klar\u0131n\u0131 tamamlam\u0131\u015f olan ABD ve \u0130srail&#8217;in harekete ge\u00e7ti\u011fini savundu.<\/p>\n<div> <span><strong>Kaynak:<\/strong> Anadolu Ajans\u0131 (AA)<\/span> <\/div>\n","protected":false},"excerpt":{"rendered":"<p>N\u00fckleer m\u00fczakerelerden sonu\u00e7 \u00e7\u0131kmay\u0131nca ABD ve \u0130srail \u0130ran&#8217;\u0131 bombalamaya ba\u015flad\u0131. Ba\u015fkent Tahran ba\u015fta olmak \u00fczere bir\u00e7ok hedef vurulurken \u0130ran da b\u00f6lgedeki ABD \u00fcslerini ve \u0130srail&#8217;i hedef ald\u0131. Sava\u015f devam ederken, ABD merkezli yay\u0131n kurulu\u015fu Axios &#8230;<\/p>\n","protected":false},"author":1,"featured_media":78327,"comment_status":"open","ping_status":"open","sticky":false,"template":"","format":"standard","meta":{"footnotes":""},"categories":[6],"tags":[272,271,792,794,4463],"class_list":["post-78326","post","type-post","status-publish","format-standard","has-post-thumbnail","hentry","category-dunya","tag-abd","tag-iran","tag-israil","tag-saldiri","tag-yetkili"],"_links":{"self":[{"href":"https:\/\/bihavadis.com\/index.php\/wp-json\/wp\/v2\/posts\/78326","targetHints":{"allow":["GET"]}}],"collection":[{"href":"https:\/\/bihavadis.com\/index.php\/wp-json\/wp\/v2\/posts"}],"about":[{"href":"https:\/\/bihavadis.com\/index.php\/wp-json\/wp\/v2\/types\/post"}],"author":[{"embeddable":true,"href":"https:\/\/bihavadis.com\/index.php\/wp-json\/wp\/v2\/users\/1"}],"replies":[{"embeddable":true,"href":"https:\/\/bihavadis.com\/index.php\/wp-json\/wp\/v2\/comments?post=78326"}],"version-history":[{"count":1,"href":"https:\/\/bihavadis.com\/index.php\/wp-json\/wp\/v2\/posts\/78326\/revisions"}],"predecessor-version":[{"id":78329,"href":"https:\/\/bihavadis.com\/index.php\/wp-json\/wp\/v2\/posts\/78326\/revisions\/78329"}],"wp:featuredmedia":[{"embeddable":true,"href":"https:\/\/bihavadis.com\/index.php\/wp-json\/wp\/v2\/media\/78327"}],"wp:attachment":[{"href":"https:\/\/bihavadis.com\/index.php\/wp-json\/wp\/v2\/media?parent=78326"}],"wp:term":[{"taxonomy":"category","embeddable":true,"href":"https:\/\/bihavadis.com\/index.php\/wp-json\/wp\/v2\/categories?post=78326"},{"taxonomy":"post_tag","embeddable":true,"href":"https:\/\/bihavadis.com\/index.php\/wp-json\/wp\/v2\/tags?post=78326"}],"curies":[{"name":"wp","href":"https:\/\/api.w.org\/{rel}","templated":true}]}}