{"id":78502,"date":"2026-05-02T04:39:10","date_gmt":"2026-05-02T04:39:10","guid":{"rendered":"https:\/\/bihavadis.com\/?p=78502"},"modified":"2026-05-02T04:39:10","modified_gmt":"2026-05-02T04:39:10","slug":"gazeteci-sedef-kabas-icin-istenen-ceza-belli-oldu","status":"publish","type":"post","link":"https:\/\/bihavadis.com\/index.php\/2026\/05\/02\/gazeteci-sedef-kabas-icin-istenen-ceza-belli-oldu\/","title":{"rendered":"Gazeteci Sedef Kaba\u015f i\u00e7in istenen ceza belli oldu"},"content":{"rendered":"<p>Gazeteci Sedef Kaba\u015f hakk\u0131nda, sosyal medya hesab\u0131ndan yapt\u0131\u011f\u0131 payla\u015f\u0131mlar\u0131 nedeniyle &#8220;su\u00e7 i\u015flemeye alenen tahrik etme&#8221; su\u00e7undan 5 y\u0131la kadar hapis cezas\u0131 istemiyle iddianame d\u00fczenlendi.<\/p>\n<p>Anadolu Cumhuriyet Ba\u015fsavc\u0131l\u0131\u011f\u0131 Bas\u0131n Su\u00e7lar\u0131 Soru\u015fturma B\u00fcrosunca haz\u0131rlanan iddianamede, \u015f\u00fcpheli Kaba\u015f&#8217;\u0131n 9 Eyl\u00fcl 2025&#8217;te, ABD merkezli X \u015firketinin sosyal medya platformundaki hesab\u0131ndan yapt\u0131\u011f\u0131 sosyal medya payla\u015f\u0131mlar\u0131yla alenen su\u00e7 i\u015flemeye tahrikte bulundu\u011fu aktar\u0131ld\u0131.<\/p>\n<p><b>5 YILA KADAR HAP\u0130S TALEB\u0130<\/b><\/p>\n<p>\u015e\u00fcphelinin \u00fczerine at\u0131l\u0131 su\u00e7u i\u015fledi\u011fi belirtilen iddianamede, Kaba\u015f&#8217;\u0131n &#8220;su\u00e7 i\u015flemeye alenen tahrik etme&#8221; su\u00e7undan 6 aydan 5 y\u0131la kadar hapisle cezaland\u0131r\u0131lmas\u0131 talep edildi. \u0130ddianame, de\u011ferlendirilmesi i\u00e7in Anadolu Asliye Ceza Mahkemesine g\u00f6nderildi.<\/p>\n<p><b>HAKARET SORU\u015eTURMASI AYRILDI<\/b><\/p>\n<p>Kaba\u015f hakk\u0131ndaki &#8220;Cumhurba\u015fkan\u0131na hareket&#8221; su\u00e7undan y\u00fcr\u00fct\u00fclen soru\u015fturman\u0131n ise ayr\u0131ld\u0131\u011f\u0131 \u00f6\u011frenildi.<\/p>\n","protected":false},"excerpt":{"rendered":"<p>Gazeteci Sedef Kaba\u015f hakk\u0131nda sosyal medya payla\u015f\u0131mlar\u0131 nedeniyle 5 y\u0131la kadar hapis cezas\u0131 istemiyle iddianame haz\u0131rland\u0131. Kaba\u015f, payla\u015f\u0131mlar\u0131 nedeniyle daha \u00f6nce g\u00f6zalt\u0131na al\u0131n\u0131p, adli kontrol \u015fart\u0131yla serbest b\u0131rak\u0131lm\u0131\u015ft\u0131.<\/p>\n","protected":false},"author":1,"featured_media":78503,"comment_status":"open","ping_status":"open","sticky":false,"template":"","format":"standard","meta":{"footnotes":""},"categories":[9,4,13],"tags":[286],"class_list":["post-78502","post","type-post","status-publish","format-standard","has-post-thumbnail","hentry","category-genel","category-gundem","category-son-dakika","tag-suc"],"_links":{"self":[{"href":"https:\/\/bihavadis.com\/index.php\/wp-json\/wp\/v2\/posts\/78502","targetHints":{"allow":["GET"]}}],"collection":[{"href":"https:\/\/bihavadis.com\/index.php\/wp-json\/wp\/v2\/posts"}],"about":[{"href":"https:\/\/bihavadis.com\/index.php\/wp-json\/wp\/v2\/types\/post"}],"author":[{"embeddable":true,"href":"https:\/\/bihavadis.com\/index.php\/wp-json\/wp\/v2\/users\/1"}],"replies":[{"embeddable":true,"href":"https:\/\/bihavadis.com\/index.php\/wp-json\/wp\/v2\/comments?post=78502"}],"version-history":[{"count":1,"href":"https:\/\/bihavadis.com\/index.php\/wp-json\/wp\/v2\/posts\/78502\/revisions"}],"predecessor-version":[{"id":78504,"href":"https:\/\/bihavadis.com\/index.php\/wp-json\/wp\/v2\/posts\/78502\/revisions\/78504"}],"wp:featuredmedia":[{"embeddable":true,"href":"https:\/\/bihavadis.com\/index.php\/wp-json\/wp\/v2\/media\/78503"}],"wp:attachment":[{"href":"https:\/\/bihavadis.com\/index.php\/wp-json\/wp\/v2\/media?parent=78502"}],"wp:term":[{"taxonomy":"category","embeddable":true,"href":"https:\/\/bihavadis.com\/index.php\/wp-json\/wp\/v2\/categories?post=78502"},{"taxonomy":"post_tag","embeddable":true,"href":"https:\/\/bihavadis.com\/index.php\/wp-json\/wp\/v2\/tags?post=78502"}],"curies":[{"name":"wp","href":"https:\/\/api.w.org\/{rel}","templated":true}]}}