{"id":78508,"date":"2026-05-02T04:45:08","date_gmt":"2026-05-02T04:45:08","guid":{"rendered":"https:\/\/bihavadis.com\/?p=78508"},"modified":"2026-05-02T04:45:08","modified_gmt":"2026-05-02T04:45:08","slug":"istanbulda-hafriyat-kamyonunun-el-frenini-cekmeyi-unuttu-durdurmaya-calisirken-asagi-dustu","status":"publish","type":"post","link":"https:\/\/bihavadis.com\/index.php\/2026\/05\/02\/istanbulda-hafriyat-kamyonunun-el-frenini-cekmeyi-unuttu-durdurmaya-calisirken-asagi-dustu\/","title":{"rendered":"\u0130stanbul&#8217;da hafriyat kamyonunun el frenini \u00e7ekmeyi unuttu: Durdurmaya \u00e7al\u0131\u015f\u0131rken a\u015fa\u011f\u0131 d\u00fc\u015ft\u00fc"},"content":{"rendered":"<p>\u0130stanbul Ka\u011f\u0131thane&#8217;de hafriyat kamyonu s\u00fcr\u00fcc\u00fcs\u00fc, el frenini \u00e7ekmeyi unuttu\u011fu arac\u0131n\u0131 yol kenar\u0131na park etti.<\/p>\n<p>S\u00fcr\u00fcc\u00fcn\u00fcn inmesinin hemen ard\u0131ndan ara\u00e7 hareket etmeye ba\u015flad\u0131.<\/p>\n<p><strong>KAMYONU DURDURAYIM DERKEN A\u015eA\u011eI D\u00dc\u015eT\u00dc<\/strong><\/p>\n<p>Arac\u0131n rampadan kayd\u0131\u011f\u0131n\u0131 g\u00f6ren s\u00fcr\u00fcc\u00fc, neye u\u011frad\u0131\u011f\u0131n\u0131 \u015fa\u015f\u0131rd\u0131 ve arac\u0131 eliyle durdurmaya \u00e7al\u0131\u015ft\u0131.<\/p>\n<p>Ara\u00e7 elektrik dire\u011fine, yol kenar\u0131ndaki demir korkuluklara ve s\u00fcr\u00fcc\u00fcye \u00e7arparken, dengesini kaybeden talihsiz adam ise yakla\u015f\u0131k 4 metre y\u00fckselikten a\u015fa\u011f\u0131 d\u00fc\u015ft\u00fc.<\/p>\n<p>Kazay\u0131 g\u00f6renler yard\u0131ma ko\u015farken, ihbar \u00fczerine olay yerin itfaiye ve sa\u011fl\u0131k ekipleri sevk edildi.<\/p>\n<p><img decoding=\"async\" src=\"https:\/\/bihavadis.com\/wp-content\/uploads\/2026\/05\/istanbulda-hafriyat-kamyonunun-el-frenini-cekmeyi-unuttu-durdurmaya-calisirken-asagi-dustu-0-zr9UrAMt.jpg\"\/><\/p>\n<p><strong>YARALI S\u00dcR\u00dcC\u00dc TEDAV\u0130 ALTINA ALINDI<\/strong><\/p>\n<p>\u0130tfaiye ekiplerince d\u00fc\u015ft\u00fc\u011f\u00fc noktadan \u00e7\u0131kar\u0131lan talihsiz adam olay yerinde yap\u0131lan ilk m\u00fcdahalesinin ard\u0131ndan ambulansla hastaneye kald\u0131r\u0131ld\u0131.<\/p>\n<p>Hafriyat kamyonunun demir korkuluklara \u00e7arparak durmas\u0131 b\u00fcy\u00fck bir faciay\u0131 \u00f6nledi.<\/p>\n<p><strong>KAZA ANLARI G\u00dcVENL\u0130K KAMERASINDA<\/strong><\/p>\n<p>\u00d6te yandan, kaza an\u0131 ise g\u00fcvenlik kameras\u0131na yans\u0131d\u0131.<\/p>\n<p>G\u00f6r\u00fcnt\u00fclerde rampadan kayan arac\u0131n demir korkuluklara \u00e7arparak durdu\u011fu, s\u00fcr\u00fcc\u00fcn\u00fcn d\u00fc\u015ft\u00fc\u011f\u00fcn\u00fc g\u00f6ren vatanda\u015flar\u0131n ise yard\u0131ma ko\u015ftu\u011fu g\u00f6r\u00fcl\u00fcyor.<\/p>\n<p>Kaza an\u0131n\u0131 g\u00f6ren \u015e\u00fckr\u00fc Durmu\u015f ise &#8220;<em><b>\u015eof\u00f6r yerdeyken kamyon y\u00fcr\u00fcmeye ba\u015flad\u0131 ve kendisine \u00e7arpt\u0131. \u015eof\u00f6r yere d\u00fc\u015ft\u00fc. Kamyon a\u015fa\u011f\u0131 att\u0131 adam\u0131. Yere indi iner inmez de kamyon y\u00fcr\u00fcd\u00fc&#8221; <\/b><\/em>dedi.<\/p>\n<p><img decoding=\"async\" src=\"https:\/\/bihavadis.com\/wp-content\/uploads\/2026\/05\/istanbulda-hafriyat-kamyonunun-el-frenini-cekmeyi-unuttu-durdurmaya-calisirken-asagi-dustu-1-FMgxk6lf.jpg\"\/> <\/p>\n<div> <span><strong>Kaynak:<\/strong> \u0130hlas Haber Ajans\u0131 (\u0130HA)<\/span> <\/div>\n","protected":false},"excerpt":{"rendered":"<p>\u0130stanbul Ka\u011f\u0131thane&#8217;de hafriyat kamyonu s\u00fcr\u00fcc\u00fcs\u00fc, el frenini \u00e7ekmeyi unuttu\u011fu arac\u0131n\u0131 yol kenar\u0131na park etti. S\u00fcr\u00fcc\u00fcn\u00fcn inmesinin hemen ard\u0131ndan ara\u00e7 hareket etmeye ba\u015flad\u0131. KAMYONU DURDURAYIM DERKEN A\u015eA\u011eI D\u00dc\u015eT\u00dc Arac\u0131n rampadan kayd\u0131\u011f\u0131n\u0131 g\u00f6ren s\u00fcr\u00fcc\u00fc &#8230;<\/p>\n","protected":false},"author":1,"featured_media":78509,"comment_status":"open","ping_status":"open","sticky":false,"template":"","format":"standard","meta":{"footnotes":""},"categories":[4,13],"tags":[6086,2425,328],"class_list":["post-78508","post","type-post","status-publish","format-standard","has-post-thumbnail","hentry","category-gundem","category-son-dakika","tag-dustu","tag-kamyon","tag-surucu"],"_links":{"self":[{"href":"https:\/\/bihavadis.com\/index.php\/wp-json\/wp\/v2\/posts\/78508","targetHints":{"allow":["GET"]}}],"collection":[{"href":"https:\/\/bihavadis.com\/index.php\/wp-json\/wp\/v2\/posts"}],"about":[{"href":"https:\/\/bihavadis.com\/index.php\/wp-json\/wp\/v2\/types\/post"}],"author":[{"embeddable":true,"href":"https:\/\/bihavadis.com\/index.php\/wp-json\/wp\/v2\/users\/1"}],"replies":[{"embeddable":true,"href":"https:\/\/bihavadis.com\/index.php\/wp-json\/wp\/v2\/comments?post=78508"}],"version-history":[{"count":1,"href":"https:\/\/bihavadis.com\/index.php\/wp-json\/wp\/v2\/posts\/78508\/revisions"}],"predecessor-version":[{"id":78512,"href":"https:\/\/bihavadis.com\/index.php\/wp-json\/wp\/v2\/posts\/78508\/revisions\/78512"}],"wp:featuredmedia":[{"embeddable":true,"href":"https:\/\/bihavadis.com\/index.php\/wp-json\/wp\/v2\/media\/78509"}],"wp:attachment":[{"href":"https:\/\/bihavadis.com\/index.php\/wp-json\/wp\/v2\/media?parent=78508"}],"wp:term":[{"taxonomy":"category","embeddable":true,"href":"https:\/\/bihavadis.com\/index.php\/wp-json\/wp\/v2\/categories?post=78508"},{"taxonomy":"post_tag","embeddable":true,"href":"https:\/\/bihavadis.com\/index.php\/wp-json\/wp\/v2\/tags?post=78508"}],"curies":[{"name":"wp","href":"https:\/\/api.w.org\/{rel}","templated":true}]}}