{"id":78623,"date":"2026-05-02T06:12:07","date_gmt":"2026-05-02T06:12:07","guid":{"rendered":"https:\/\/bihavadis.com\/?p=78623"},"modified":"2026-05-02T06:12:07","modified_gmt":"2026-05-02T06:12:07","slug":"baskan-erol-olmez-ramazan-bayrami-dolayisiyla-bir-kutlama-mesaji-yayimladi","status":"publish","type":"post","link":"https:\/\/bihavadis.com\/index.php\/2026\/05\/02\/baskan-erol-olmez-ramazan-bayrami-dolayisiyla-bir-kutlama-mesaji-yayimladi\/","title":{"rendered":"Ba\u015fkan Erol \u00d6lmez, Ramazan Bayram\u0131 Dolay\u0131s\u0131yla Bir Kutlama Mesaj\u0131 Yay\u0131mlad\u0131"},"content":{"rendered":"<p><span><span><span><span><span><span>Kand\u0131ra Belediye Ba\u015fkan\u0131 Erol \u00d6lmez, yay\u0131mlad\u0131\u011f\u0131 Ramazan Bayram\u0131 mesaj\u0131nda, Ramazan ay\u0131n\u0131n manevi ikliminin birlik, beraberlik ve karde\u015flik duygular\u0131n\u0131 daha da g\u00fc\u00e7lendirdi\u011fini belirterek, bayramlar\u0131n toplumsal dayan\u0131\u015fmay\u0131 peki\u015ftiren \u00f6zel g\u00fcnler oldu\u011funu ifade etti.<\/span><\/span><\/span><\/span><\/span><\/span><\/p>\n<p><span><span><span><b><span><span><span>Ba\u015fkan \u00d6lmez mesaj\u0131nda \u015fu ifadelere yer verdi:<\/span><\/span><\/span><\/b><\/span><\/span><\/span><\/p>\n<p><span><span><span><span><span><span>\u201cRahmet, bereket ve ma\u011ffiret ay\u0131 olan Ramazan-\u0131 \u015eerif\u2019i geride b\u0131rak\u0131rken, bizleri bayrama kavu\u015fturan Y\u00fcce Allah\u2019a hamd ediyorum. Bayramlar; sevgi, sayg\u0131 ve ho\u015fg\u00f6r\u00fcn\u00fcn h\u00e2kim oldu\u011fu, k\u0131rg\u0131nl\u0131klar\u0131n unutuldu\u011fu, g\u00f6n\u00fcllerin bir oldu\u011fu m\u00fcstesna g\u00fcnlerdir. Bu m\u00fcbarek g\u00fcnlerde b\u00fcy\u00fcklerimizi ziyaret etmeli, ihtiya\u00e7 sahiplerini g\u00f6zetmeli, birlik ve beraberli\u011fimizi daha da g\u00fc\u00e7lendirmeliyiz.\u201d<\/span><\/span><\/span><\/span><\/span><\/span><\/p>\n<p><span><span><span><b><span><span><span>Toplumsal dayan\u0131\u015fman\u0131n \u00f6nemine de de\u011finen \u00d6lmez, mesaj\u0131n\u0131n devam\u0131nda \u015fu g\u00f6r\u00fc\u015fleri payla\u015ft\u0131:<\/span><\/span><\/span><\/b><\/span><\/span><\/span><\/p>\n<p><span><span><span><span><span><span>\u201cBa\u015fta aziz \u015fehitlerimizin k\u0131ymetli aileleri ile kahraman gazilerimiz ve aileleri olmak \u00fczere t\u00fcm hem\u015fehrilerimin Ramazan Bayram\u0131\u2019n\u0131 en kalbi duygular\u0131mla tebrik ediyorum. Bayram\u0131n Kand\u0131ra\u2019m\u0131za, \u00fclkemize, milletimize ve t\u00fcm \u0130slam \u00e2lemine sa\u011fl\u0131k, huzur, bar\u0131\u015f ve bereket getirmesini temenni ediyorum.\u201d<\/span><\/span><\/span><\/span><\/span><\/span><\/p>\n<p><span><span><span><b><span><span><span>Ba\u015fkan \u00d6lmez ayr\u0131ca, Kand\u0131ra Belediyesi olarak bayram s\u00fcresince gerekli t\u00fcm haz\u0131rl\u0131klar\u0131n tamamland\u0131\u011f\u0131n\u0131 belirterek \u015fu ifadeleri kulland\u0131:<\/span><\/span><\/span><\/b><\/span><\/span><\/span><\/p>\n<p><span><span><span><span><span><span>\u201cKand\u0131ra Belediyesi olarak hem\u015fehrilerimizin bayramlar\u0131n\u0131 en iyi \u015fekilde ge\u00e7irmeleri i\u00e7in t\u00fcm haz\u0131rl\u0131klar\u0131m\u0131z\u0131 tamamlad\u0131k. Bayram boyunca ekiplerimizle birlikte her t\u00fcrl\u00fc acil duruma kar\u015f\u0131 haz\u0131r bir \u015fekilde hizmetinizde olaca\u011f\u0131z. Ba\u015fta Kand\u0131ral\u0131 hem\u015fehrilerim olmak \u00fczere t\u00fcm \u0130slam \u00e2leminin Ramazan Bayram\u0131\u2019n\u0131 en i\u00e7ten dileklerimle kutluyor; il\u00e7emize, \u00fclkemize ve t\u00fcm d\u00fcnyaya sa\u011fl\u0131k, huzur, mutluluk ve bar\u0131\u015f getirmesini temenni ediyorum.<\/span><\/span><\/span><\/span><\/span><\/span><\/p>\n<p><span><span><span>\u00a0<\/span><\/span><\/span><\/p>\n<p>\u00a0<\/p>\n<p>Kaynak: (BYZHA) Beyaz Haber Ajans\u0131<\/p>\n","protected":false},"excerpt":{"rendered":"<p>Kand\u0131ra Belediye Ba\u015fkan\u0131 Erol \u00d6lmez, yay\u0131mlad\u0131\u011f\u0131 Ramazan Bayram\u0131 mesaj\u0131nda, Ramazan ay\u0131n\u0131n manevi ikliminin birlik, beraberlik ve karde\u015flik duygular\u0131n\u0131 daha da g\u00fc\u00e7lendirdi\u011fini belirterek, bayramlar\u0131n toplumsal dayan\u0131\u015fmay\u0131 peki\u015ftiren \u00f6zel g\u00fcnler oldu\u011funu ifade etti.<\/p>\n","protected":false},"author":1,"featured_media":78624,"comment_status":"open","ping_status":"open","sticky":false,"template":"","format":"standard","meta":{"footnotes":""},"categories":[4],"tags":[698,7175,2714],"class_list":["post-78623","post","type-post","status-publish","format-standard","has-post-thumbnail","hentry","category-gundem","tag-bayram","tag-kandira","tag-ramazan"],"_links":{"self":[{"href":"https:\/\/bihavadis.com\/index.php\/wp-json\/wp\/v2\/posts\/78623","targetHints":{"allow":["GET"]}}],"collection":[{"href":"https:\/\/bihavadis.com\/index.php\/wp-json\/wp\/v2\/posts"}],"about":[{"href":"https:\/\/bihavadis.com\/index.php\/wp-json\/wp\/v2\/types\/post"}],"author":[{"embeddable":true,"href":"https:\/\/bihavadis.com\/index.php\/wp-json\/wp\/v2\/users\/1"}],"replies":[{"embeddable":true,"href":"https:\/\/bihavadis.com\/index.php\/wp-json\/wp\/v2\/comments?post=78623"}],"version-history":[{"count":1,"href":"https:\/\/bihavadis.com\/index.php\/wp-json\/wp\/v2\/posts\/78623\/revisions"}],"predecessor-version":[{"id":78625,"href":"https:\/\/bihavadis.com\/index.php\/wp-json\/wp\/v2\/posts\/78623\/revisions\/78625"}],"wp:featuredmedia":[{"embeddable":true,"href":"https:\/\/bihavadis.com\/index.php\/wp-json\/wp\/v2\/media\/78624"}],"wp:attachment":[{"href":"https:\/\/bihavadis.com\/index.php\/wp-json\/wp\/v2\/media?parent=78623"}],"wp:term":[{"taxonomy":"category","embeddable":true,"href":"https:\/\/bihavadis.com\/index.php\/wp-json\/wp\/v2\/categories?post=78623"},{"taxonomy":"post_tag","embeddable":true,"href":"https:\/\/bihavadis.com\/index.php\/wp-json\/wp\/v2\/tags?post=78623"}],"curies":[{"name":"wp","href":"https:\/\/api.w.org\/{rel}","templated":true}]}}