{"id":78664,"date":"2026-05-02T06:36:07","date_gmt":"2026-05-02T06:36:07","guid":{"rendered":"https:\/\/bihavadis.com\/?p=78664"},"modified":"2026-05-02T06:36:07","modified_gmt":"2026-05-02T06:36:07","slug":"baskan-ozarslan-tunceli-malatya-erzincan-ve-elaziglilarla-iftar-sofrasinda-bulustu","status":"publish","type":"post","link":"https:\/\/bihavadis.com\/index.php\/2026\/05\/02\/baskan-ozarslan-tunceli-malatya-erzincan-ve-elaziglilarla-iftar-sofrasinda-bulustu\/","title":{"rendered":"Ba\u015fkan \u00d6zarslan Tunceli, Malatya, Erzincan ve Elaz\u0131\u011fl\u0131larla \u0130ftar Sofras\u0131nda Bulu\u015ftu"},"content":{"rendered":"<p><b>Ke\u00e7i\u00f6ren Belediye Ba\u015fkan\u0131 Dr. Mesut \u00d6zarslan<\/b>, Mevlana K\u00fclt\u00fcr Merkezi\u2019nde d\u00fczenlenen iftar program\u0131nda Ankara\u2019da ya\u015fayan Tunceli, Malatya,\u00a0Erzincan ve\u00a0Elaz\u0131\u011fl\u0131larla iftar sofras\u0131nda bulu\u015ftu. \u00c7ok say\u0131da vatanda\u015f\u0131n kat\u0131ld\u0131\u011f\u0131 programda birlik ve beraberlik mesaj\u0131 payla\u015f\u0131ld\u0131.<\/p>\n<p>\u0130ftar program\u0131na Ke\u00e7i\u00f6ren Belediye Ba\u015fkan\u0131 Dr. Mesut \u00d6zarslan\u2019\u0131n yan\u0131 s\u0131ra;\u00a0Elaz\u0131\u011f K\u00fclt\u00fcr ve Tan\u0131tma Vakf\u0131 Ba\u015fkan\u0131 ve Y\u00fcksek \u0130htisas \u00dcniversitesi Spor Bilimleri Fak\u00fcltesi Dekan\u0131 Prof. Dr. Kadirhan Sunguro\u011flu, Elaz\u0131\u011f Harput K\u00fclt\u00fcr Derne\u011fi Ba\u015fkan\u0131 S\u00fcleyman K\u00fcrkl\u00fco\u011flu, Malatya Dernekler Federasyonu Genel Ba\u015fkan\u0131 Kamil G\u00f6ksu, Malatya E\u011fitim Vakf\u0131 Ankara \u015eube Ba\u015fkan\u0131 Haluk Ak\u015fit, Erzincan Dernekler Federasyonu Genel Ba\u015fkan\u0131 Halil \u0130brahim Y\u0131lmaz, Ankara Erzincanl\u0131lar Derne\u011fi Ba\u015fkan\u0131 Metin Se\u00e7en, B\u00fcy\u00fck Birlik Partisi Genel Ba\u015fkan Yard\u0131mc\u0131s\u0131 Nihat G\u00fcrb\u00fcz, Eski Arapgir Belediye Ba\u015fkan\u0131 Mustafa Nam\u0131k G\u00fczeler, Ke\u00e7i\u00f6ren Belediyesi AK Parti Grup Ba\u015fkanvekili Halit Tu\u011fcu, \u0130Y\u0130 Parti Ankara \u0130l Ba\u015fkan Yard\u0131mc\u0131s\u0131 Nafiz Yayla, AK Parti Tunceli \u0130l Genel Meclis \u00dcyesi Mehmet Hanifi K\u0131l\u0131\u00e7, \u0130Y\u0130 Parti Ke\u00e7i\u00f6ren \u0130l\u00e7e Ba\u015fkan\u0131 Haluk Baran, D\u00fcnya K\u0131r\u0131kkaleli Dernekler Federasyonu Genel Ba\u015fkan\u0131 Mehmet Ali Y\u00fccekaya, Tokat Federasyonu Genel Ba\u015fkan Yard\u0131mc\u0131s\u0131 Naim Ayd\u0131n, Malatya \u0130\u015f \u0130nsanlar\u0131 Derne\u011fi Ba\u015fkanvekili Bur\u00e7in \u015eahin, Malatya Arapgirliler Dernek Ba\u015fkan\u0131 H\u00fcseyin \u00d6zdemir, Kurtar\u0131c\u0131 Melekler Federasyonu Genel Ba\u015fkan\u0131 Necabi Bal, H\u00fcr Emekliler Derne\u011fi Genel Ba\u015fkanvekili Osman Bayram ile Ankara \u00dcniversitesi Veteriner Fak\u00fcltesi Farmakoloji ve Toksikoloji Anabilim Dal\u0131 \u00d6\u011fretim \u00dcyesi Prof. Dr. Ali Bilgili, STK temsilcileri, muhtarlar, ba\u015fkan yard\u0131mc\u0131lar\u0131 ve \u00e7ok say\u0131da vatanda\u015f kat\u0131ld\u0131.<\/p>\n<p><b>\u201cZengini ve fakiri iftarlarda bulu\u015fturuyoruz\u201d<\/b><\/p>\n<p>Programda davetlilere hitap eden\u00a0<b>Ke\u00e7i\u00f6ren Belediye Ba\u015fkan\u0131 Dr. Mesut \u00d6zarslan<\/b>; milli birlik, hizmet ve sosyal belediyecilik vurgusu yaparak \u015fu mesajlar\u0131 payla\u015ft\u0131: \u201cY\u00fcce Mevla\u2019m nasip eyledi; on bir ay\u0131n sultan\u0131 ramazan\u0131 \u015ferifte bu g\u00fczel iftar sofralar\u0131nda yine sizin gibi yi\u011fit Anadolu insanlar\u0131yla lokmalar\u0131m\u0131z\u0131 payla\u015f\u0131yoruz. K\u0131ymetli hem\u015ferilerim, biliyorsunuz ben de Sivas&#8217;\u0131n Yi\u011fidosuyum. Bizim topra\u011f\u0131m\u0131z, co\u011frafyam\u0131z, refleksimiz ve geldi\u011fimiz o Anadolu k\u00fclt\u00fcr kodlar\u0131m\u0131z, ilmik ilmik dokunup Hoca Ahmet Yesevi ve Horasan erenlerinden bize emanet edilmi\u015ftir. Anadolu co\u011frafyas\u0131n\u0131n yi\u011fit insanlar\u0131y\u0131z. \u00d6yle yi\u011fitlik bo\u015f bele\u015f olmaz. Yi\u011fitli\u011fe bir tarih gerekir. Yi\u011fitli\u011fe bir ispat gerekir. \u2018Davam\u0131z insanl\u0131k davas\u0131\u2019 diyen, bu insanl\u0131\u011fa hizmet eden bir yap\u0131 gerektirir. Bu emanet \u00e7er\u00e7evesinde Ke\u00e7i\u00f6ren\u2019imizde kimseyi yata\u011fa a\u00e7 sokmuyoruz. Kimseyi yata\u011fa \u00fc\u015f\u00fcyerek, titreyerek sokmuyoruz. Ya\u015fl\u0131s\u0131na, engellisine bak\u0131yoruz. Sabah evlad\u0131n\u0131 servisine bindiriyoruz. \u015e\u00fck\u00fcrler olsun, 18 noktada iftar \u00e7ad\u0131rlar\u0131m\u0131z var. Zengini ve fakiri iftarlarda bulu\u015fturuyoruz. Bu y\u00fcce milletin birli\u011fi ve beraberli\u011fi \u00e7ok k\u0131ymetlidir. Y\u00fcce Mevla\u2019m birli\u011fimizi ve beraberli\u011fimizi daim eylesin hem\u015ferilerim. Bu karde\u015finiz Mesut, sizlerin ba\u015f\u0131na ba\u015f olmaya de\u011fil, hizmetk\u00e2r olmaya geldi. Ve \u00f6yle de devam edecektir. Bayram\u0131n\u0131z \u015fimdiden kutlu olsun. Ramazan ay\u0131nda tuttu\u011funuz oru\u00e7lar, k\u0131ld\u0131\u011f\u0131n\u0131z namazlar, etti\u011finiz niyazlar Cenab-\u0131 Hakk\u2019\u0131n y\u00fcce divan\u0131nda kabul ve makbul olsun. Ne mutlu T\u00fcrk\u2019\u00fcm diyene!\u201d<\/p>\n<p><b>\u201cKarde\u015flik tablosu milletimizin en g\u00fczel g\u00fcc\u00fcd\u00fcr\u201d<\/b><\/p>\n<p><b>B\u00fcy\u00fck Birlik Partisi Genel Ba\u015fkan Yard\u0131mc\u0131s\u0131 Nihat G\u00fcrb\u00fcz,<\/b>\u00a0konu\u015fmas\u0131nda karde\u015flik ve birlik vurgusu yaparak \u015funlar\u0131 dile getirdi: \u201cBu birlik, beraberlik ve karde\u015flik tablosu milletimizin en g\u00fczel g\u00fcc\u00fcd\u00fcr. Bizler farkl\u0131 \u015fehirlerin evlatlar\u0131 olabiliriz ama ayn\u0131 vatan\u0131n, ayn\u0131 bayra\u011f\u0131n alt\u0131nda tek y\u00fcre\u011fiz. Bu g\u00fczel organizasyonda eme\u011fi ge\u00e7en ba\u015fta Ke\u00e7i\u00f6ren Belediye Ba\u015fkan\u0131m\u0131z olmak \u00fczere t\u00fcm yetkililere te\u015fekk\u00fcr ediyorum. Rabbim birli\u011fimizi daim eylesin, sofralar\u0131m\u0131z\u0131 bereketli k\u0131ls\u0131n. Hepinizin Ramazan Bayram\u0131\u2019n\u0131 tebrik ediyorum.\u201d<\/p>\n<p><b>\u201cRamazan Bayram\u0131\u2019na ula\u015ft\u0131k\u201d<\/b><\/p>\n<p><b>Ke\u00e7i\u00f6ren Belediyesi AK Parti Grup Ba\u015fkanvekili Halit Tu\u011fcu,<\/b>\u00a0\u201cAllah\u2019\u0131n izniyle ramazana kavu\u015ftuk, ramazan\u0131 idrak ettik ve Ramazan Bayram\u0131\u2019na ula\u015ft\u0131k. Hepinizin Ramazan Bayram\u0131\u2019n\u0131 tebrik ediyorum. Bu g\u00f6n\u00fcl sofras\u0131n\u0131 bizlere kuran, hem\u015fehri derneklerine destek veren k\u0131ymetli Belediye Ba\u015fkan\u0131m\u0131z Say\u0131n Dr. Mesut \u00d6zarslan\u2019a da te\u015fekk\u00fcrlerimizi bir bor\u00e7 biliyoruz.\u201d dedi.<\/p>\n<p><b>\u201cBirlik ve beraberli\u011fe her zamankinden daha fazla ihtiyac\u0131m\u0131z var\u201d<\/b><\/p>\n<p><b>\u0130Y\u0130 Parti Ke\u00e7i\u00f6ren \u0130l\u00e7e Ba\u015fkan\u0131 Haluk Baran\u00a0<\/b>ise konu\u015fmas\u0131nda \u015fu s\u00f6zlere birlik ve beraberlik mesaj\u0131 verdi: \u201cBizi b\u00f6ylesine g\u00fczel bir g\u00fcnde bir araya getiren Belediye Ba\u015fkan\u0131m\u0131z Say\u0131n Mesut \u00d6zarslan\u2019a te\u015fekk\u00fcr ediyorum. Sevgili misafirler, i\u00e7inde bulundu\u011fumuz \u015fu g\u00fcnlerde d\u00fcnyada \u00e7ok \u00fcz\u00fcc\u00fc olaylar ya\u015fan\u0131yor. Bu nedenle bizim de birlik ve beraberli\u011fe her zamankinden daha fazla ihtiyac\u0131m\u0131z var. Her g\u00f6r\u00fc\u015ften, her fikirden insanlar\u0131n bir araya geldi\u011fi bu t\u00fcr bulu\u015fmalar \u00e7ok k\u0131ymetlidir. Allah birlik ve beraberli\u011fimizi bozmas\u0131n. Ne mutlu T\u00fcrk\u2019\u00fcm diyene.\u201d<\/p>\n<p><b>\u201cFarkl\u0131 d\u00fc\u015f\u00fcncelerden insanlar olarak bir araday\u0131z\u201d<\/b><\/p>\n<p><b>AK Parti Tunceli \u0130l Genel Meclis \u00dcyesi Mehmet Hanifi K\u0131l\u0131\u00e7<\/b>\u00a0yapt\u0131\u011f\u0131 konu\u015fmas\u0131nda, farkl\u0131l\u0131klar\u0131n birlik i\u00e7inde bulu\u015fmas\u0131na dikkat \u00e7ekerek, \u201cTuncelileri burada temsil etmekten b\u00fcy\u00fck onur ve \u015feref duyuyorum. Bu imk\u00e2n\u0131 bana sa\u011flayan \u00f6ncelikle Ke\u00e7i\u00f6ren Belediye Ba\u015fkan\u0131m\u0131za sayg\u0131lar\u0131m\u0131 ve sevgilerimi sunuyorum.\u201d diye konu\u015ftu.<\/p>\n<p><b>\u201cBa\u015fkan\u0131m\u0131z bizleri hi\u00e7bir zaman yaln\u0131z b\u0131rakmam\u0131\u015ft\u0131r\u201d<\/b><\/p>\n<p><b>Erzincan Dernekler Federasyonu Genel Ba\u015fkan\u0131 Halil \u0130brahim Y\u0131lmaz<\/b>, \u201cBizlerle sofras\u0131n\u0131 payla\u015fan Ke\u00e7i\u00f6ren Belediye Ba\u015fkan\u0131 Say\u0131n Dr. Mesut \u00d6zarslan\u2019a \u00e7ok te\u015fekk\u00fcr ediyorum. B\u00fct\u00fcn hem\u015fehrileri bir araya getirmek kolay de\u011fil. Bu zor organizasyonda bizlere emeklerini ve y\u00fcreklerini a\u00e7an t\u00fcm Ke\u00e7i\u00f6ren Belediyesi \u00e7al\u0131\u015fanlar\u0131na da can\u0131 g\u00f6n\u00fclden te\u015fekk\u00fcrlerimi arz ediyorum. Ne zaman i\u015fimiz d\u00fc\u015fse, ne zaman ba\u015f\u0131m\u0131z s\u0131k\u0131\u015fsa, sevgili karde\u015fim Dr. Mesut \u00d6zarslan her zaman yan\u0131m\u0131zda olmu\u015ftur. Bizleri hi\u00e7bir zaman yaln\u0131z b\u0131rakmam\u0131\u015ft\u0131r. Kendisine \u015fahs\u0131m ve y\u00f6netim kurulum ad\u0131na te\u015fekk\u00fcr ediyorum.\u201d diyerek memnuniyetini ifade etti.<\/p>\n<p><b>\u201cNice g\u00fczel sofralarda bulu\u015fmay\u0131 temenni ediyorum\u201d<\/b><\/p>\n<p><b>Ankara Erzincanl\u0131lar Derne\u011fi Ba\u015fkan\u0131 Metin Se\u00e7en<\/b>, \u201cBizleri bu m\u00fcbarek g\u00fcnde bir araya getiren Ke\u00e7i\u00f6ren Belediye Ba\u015fkan\u0131m\u0131z Say\u0131n Dr. Mesut \u00d6zarslan\u2019a huzurlar\u0131n\u0131zda \u015f\u00fckranlar\u0131m\u0131 sunuyorum. Bu g\u00fczel organizasyonda eme\u011fi ge\u00e7en herkese de ayr\u0131ca te\u015fekk\u00fcr ediyorum.\u201d s\u00f6zleriyle duygular\u0131n\u0131 ifade etti.<\/p>\n<p><b>\u201cKe\u00e7i\u00f6ren Belediyemiz, sosyal belediyecilik anlam\u0131nda \u00f6rnek \u00e7al\u0131\u015fmalar ortaya koymaktad\u0131r\u201d<\/b><\/p>\n<p><b>Malatya Dernekler Federasyonu Genel Ba\u015fkan\u0131 Kamil G\u00f6ksu<\/b>\u00a0da konu\u015fmas\u0131nda, Ke\u00e7i\u00f6ren\u2019de hayata ge\u00e7irilen sosyal belediyecili\u011fi hat\u0131rlatarak \u015funlar\u0131 s\u00f6yledi: \u201cK\u0131ymetli Ba\u015fkan\u0131m\u0131z\u0131n bizleri kom\u015fu illerimizle bir araya getirmesi ger\u00e7ekten \u00e7ok k\u0131ymetli. Bu iftar sofras\u0131nda birlik ve beraberlik i\u00e7inde olman\u0131n huzurunu ya\u015f\u0131yoruz. Ke\u00e7i\u00f6ren Belediyemiz, sosyal belediyecilik anlam\u0131nda \u00f6rnek \u00e7al\u0131\u015fmalar ortaya koymaktad\u0131r. Bunu burada da a\u00e7\u0131k\u00e7a g\u00f6rmekteyiz. Ayr\u0131ca \u015funu da \u00f6zellikle ifade etmek isterim ki; Say\u0131n Ba\u015fkan\u0131m\u0131z, ne zaman bir talebimiz olsa her zaman yan\u0131m\u0131zda olmu\u015f, bizleri hi\u00e7bir zaman geri \u00e7evirmemi\u015ftir. Bu vesileyle kendisine \u015f\u00fckranlar\u0131m\u0131 sunuyorum. \u015eimdiden Ramazan Bayram\u0131\u2019n\u0131z\u0131 en i\u00e7ten dileklerimle kutluyor, sa\u011fl\u0131k, mutluluk ve huzur diliyorum.\u201d<\/p>\n<p>\u00a0<\/p>\n<p>\u00a0<\/p>\n<p>Kaynak: (BYZHA) Beyaz Haber Ajans\u0131<\/p>\n","protected":false},"excerpt":{"rendered":"<p>Ke\u00e7i\u00f6ren Belediye Ba\u015fkan\u0131 Dr. Mesut \u00d6zarslan, Mevlana K\u00fclt\u00fcr Merkezi\u2019nde d\u00fczenlenen iftar program\u0131nda Ankara\u2019da ya\u015fayan Tunceli, Malatya,\u00a0Erzincan ve\u00a0Elaz\u0131\u011fl\u0131larla iftar sofras\u0131nda bulu\u015ftu. \u00c7ok say\u0131da vatanda\u015f\u0131n kat\u0131ld\u0131\u011f\u0131 programda birlik ve beraberlik mesaj\u0131 payla\u015f\u0131ld\u0131.<\/p>\n","protected":false},"author":1,"featured_media":78665,"comment_status":"open","ping_status":"open","sticky":false,"template":"","format":"standard","meta":{"footnotes":""},"categories":[4],"tags":[986,5971,563,2714,367],"class_list":["post-78664","post","type-post","status-publish","format-standard","has-post-thumbnail","hentry","category-gundem","tag-baskani","tag-bizler","tag-parti","tag-ramazan","tag-zaman"],"_links":{"self":[{"href":"https:\/\/bihavadis.com\/index.php\/wp-json\/wp\/v2\/posts\/78664","targetHints":{"allow":["GET"]}}],"collection":[{"href":"https:\/\/bihavadis.com\/index.php\/wp-json\/wp\/v2\/posts"}],"about":[{"href":"https:\/\/bihavadis.com\/index.php\/wp-json\/wp\/v2\/types\/post"}],"author":[{"embeddable":true,"href":"https:\/\/bihavadis.com\/index.php\/wp-json\/wp\/v2\/users\/1"}],"replies":[{"embeddable":true,"href":"https:\/\/bihavadis.com\/index.php\/wp-json\/wp\/v2\/comments?post=78664"}],"version-history":[{"count":1,"href":"https:\/\/bihavadis.com\/index.php\/wp-json\/wp\/v2\/posts\/78664\/revisions"}],"predecessor-version":[{"id":78666,"href":"https:\/\/bihavadis.com\/index.php\/wp-json\/wp\/v2\/posts\/78664\/revisions\/78666"}],"wp:featuredmedia":[{"embeddable":true,"href":"https:\/\/bihavadis.com\/index.php\/wp-json\/wp\/v2\/media\/78665"}],"wp:attachment":[{"href":"https:\/\/bihavadis.com\/index.php\/wp-json\/wp\/v2\/media?parent=78664"}],"wp:term":[{"taxonomy":"category","embeddable":true,"href":"https:\/\/bihavadis.com\/index.php\/wp-json\/wp\/v2\/categories?post=78664"},{"taxonomy":"post_tag","embeddable":true,"href":"https:\/\/bihavadis.com\/index.php\/wp-json\/wp\/v2\/tags?post=78664"}],"curies":[{"name":"wp","href":"https:\/\/api.w.org\/{rel}","templated":true}]}}