{"id":78728,"date":"2026-05-02T07:06:10","date_gmt":"2026-05-02T07:06:10","guid":{"rendered":"https:\/\/bihavadis.com\/?p=78728"},"modified":"2026-05-02T07:06:10","modified_gmt":"2026-05-02T07:06:10","slug":"orta-dogu-savas-cemberinde-yeni-halka-abd-ve-israil-irani-vuruyor","status":"publish","type":"post","link":"https:\/\/bihavadis.com\/index.php\/2026\/05\/02\/orta-dogu-savas-cemberinde-yeni-halka-abd-ve-israil-irani-vuruyor\/","title":{"rendered":"Orta Do\u011fu sava\u015f \u00e7emberinde yeni halka: ABD ve \u0130srail, \u0130ran&#8217;\u0131 vuruyor"},"content":{"rendered":"<p>Orta Do\u011fu yine ate\u015f \u00e7emberinde&#8230;<\/p>\n<p>Y\u0131llara dayanan ABD-\u0130ran husumetinde son d\u00f6nemde gerginlik artt\u0131k\u00e7a artt\u0131.<\/p>\n<p>N\u00fckleer m\u00fczakereler sonu\u00e7 vermeyince, aylar \u00f6nce \u0130srail ile ya\u015fanan 12 g\u00fcn sava\u015f\u0131n\u0131n da devam\u0131 niteli\u011finde yeni bir sava\u015f ortaya \u00e7\u0131kt\u0131.<\/p>\n<p>Orta Do\u011fu&#8217;da y\u0131llara dayanan \u00e7at\u0131\u015fmalardan farkl\u0131 olarak \u0130ran&#8217;\u0131n K\u00f6rfez \u00e7evresindeki ABD \u00fcslerine misilleme d\u00fczenlemesiyle adeta b\u00f6lge ate\u015f \u00e7emberine d\u00f6nd\u00fc.<\/p>\n<p>\u0130ran&#8217;\u0131n ba\u015fkenti Tahran&#8217;daki patlamalara kar\u015f\u0131l\u0131k BAE, Suudi Arabistan, Katar, Kuveyt, \u00dcrd\u00fcn, Bahreyn&#8217;e de f\u00fczeler d\u00fc\u015ft\u00fc.<\/p>\n<p><strong>CO\u011eRAFYA Y\u0130NE YANGIN YER\u0130<\/strong><\/p>\n<p>Sava\u015f t\u00fcm \u015fiddetiyle devam ederken o me\u015fhur &#8216;co\u011frafya kaderdir&#8217; s\u00f6z\u00fc yine ak\u0131llara geldi.<\/p>\n<p>T\u00fcrkiye bu co\u011frafyan\u0131n ortas\u0131nda 100 y\u0131l\u0131 a\u015fk\u0131n s\u00fcredir bir Osmanl\u0131 bakiyesi olarak huzur i\u00e7inde ya\u015farken etraf\u0131nda biri biterken \u00f6teki ba\u015flayan sava\u015flara \u015fahitlik ediyor.<\/p>\n<p><strong>T\u00dcRK\u0130YE&#8217;N\u0130N ETRAFI ATE\u015e \u00c7EMBER\u0130<\/strong><\/p>\n<p>Yakla\u015f\u0131k son 30 y\u0131ll\u0131k s\u00fcre\u00e7te ise bu \u00e7at\u0131\u015fmalar art arda geliyor.<\/p>\n<p>Bu sava\u015fla birlikte 1998-2026 y\u0131llar\u0131 aras\u0131nda T\u00fcrkiye&#8217;nin \u00e7evresinde tam 18 sava\u015f \u00e7\u0131kt\u0131.<\/p>\n<p><img decoding=\"async\" src=\"https:\/\/bihavadis.com\/wp-content\/uploads\/2026\/05\/orta-dogu-savas-cemberinde-yeni-halka-abd-ve-israil-irani-vuruyor-0-QOlm1ANS.jpg\"\/><\/p>\n<p><strong>30 YILDA YA\u015eLANAN SAVA\u015eLAR<\/strong><\/p>\n<p>\u0130\u015fte &#8216;Co\u011frafya kaderdir&#8217; s\u00f6z\u00fcn\u00fc do\u011frulayan o tabloyu olu\u015fturan sava\u015flar ve y\u0131llar\u0131:<\/p>\n<p>Kosova Sava\u015f\u0131 (1998)<\/p>\n<p>K\u00f6rfez Sava\u015f\u0131 (1991)<\/p>\n<p>Afganistan Sava\u015f\u0131 (1991-2021)<\/p>\n<p>Rusya-\u00c7e\u00e7en Sava\u015f\u0131 (1994-2009)<\/p>\n<p>ABD- Irak Sava\u015f\u0131 (2003-2011)<\/p>\n<p>\u0130srail-L\u00fcbnan Sava\u015f\u0131 (2006)<\/p>\n<p>Abazya Sava\u015f\u0131 (2008)<\/p>\n<p>Gazze Sava\u015f\u0131 (2009-&#8230;)<\/p>\n<p>Bosna Sava\u015f\u0131 (1992-1995)<\/p>\n<p>Suriye&#8217;de i\u00e7 sava\u015f (2011-2025)<\/p>\n<p>Libya&#8217;da i\u00e7 sava\u015f (2011-2020)<\/p>\n<p>M\u0131s\u0131r darbesi (2013)<\/p>\n<p>Donbass Sava\u015f\u0131 (2014)<\/p>\n<p>Rusya-Ukrayna Sava\u015f\u0131 (2022-&#8230;)<\/p>\n<p>\u0130ran-\u0130srail Sava\u015f\u0131 (2025-&#8230;)<\/p>\n<p>Hindistan-Pakistan Sava\u015f\u0131 (2025)<\/p>\n<p>Pakistan-Afganistan(2026-&#8230;.)<\/p>\n<p>\u0130ran- \u0130srail\/ABD Sava\u015f\u0131 (2026-&#8230;)<\/p>\n<div> <span><strong>Kaynak:<\/strong> Ensonhaber Haber Merkezi<\/span> <\/div>\n","protected":false},"excerpt":{"rendered":"<p>Orta Do\u011fu yine ate\u015f \u00e7emberinde&#8230; Y\u0131llara dayanan ABD-\u0130ran husumetinde son d\u00f6nemde gerginlik artt\u0131k\u00e7a artt\u0131. N\u00fckleer m\u00fczakereler sonu\u00e7 vermeyince, aylar \u00f6nce \u0130srail ile ya\u015fanan 12 g\u00fcn sava\u015f\u0131n\u0131n da devam\u0131 niteli\u011finde yeni bir sava\u015f ortaya \u00e7\u0131kt\u0131. Orta &#8230;<\/p>\n","protected":false},"author":1,"featured_media":78729,"comment_status":"open","ping_status":"open","sticky":false,"template":"","format":"standard","meta":{"footnotes":""},"categories":[9,13],"tags":[1872],"class_list":["post-78728","post","type-post","status-publish","format-standard","has-post-thumbnail","hentry","category-genel","category-son-dakika","tag-savas"],"_links":{"self":[{"href":"https:\/\/bihavadis.com\/index.php\/wp-json\/wp\/v2\/posts\/78728","targetHints":{"allow":["GET"]}}],"collection":[{"href":"https:\/\/bihavadis.com\/index.php\/wp-json\/wp\/v2\/posts"}],"about":[{"href":"https:\/\/bihavadis.com\/index.php\/wp-json\/wp\/v2\/types\/post"}],"author":[{"embeddable":true,"href":"https:\/\/bihavadis.com\/index.php\/wp-json\/wp\/v2\/users\/1"}],"replies":[{"embeddable":true,"href":"https:\/\/bihavadis.com\/index.php\/wp-json\/wp\/v2\/comments?post=78728"}],"version-history":[{"count":1,"href":"https:\/\/bihavadis.com\/index.php\/wp-json\/wp\/v2\/posts\/78728\/revisions"}],"predecessor-version":[{"id":78731,"href":"https:\/\/bihavadis.com\/index.php\/wp-json\/wp\/v2\/posts\/78728\/revisions\/78731"}],"wp:featuredmedia":[{"embeddable":true,"href":"https:\/\/bihavadis.com\/index.php\/wp-json\/wp\/v2\/media\/78729"}],"wp:attachment":[{"href":"https:\/\/bihavadis.com\/index.php\/wp-json\/wp\/v2\/media?parent=78728"}],"wp:term":[{"taxonomy":"category","embeddable":true,"href":"https:\/\/bihavadis.com\/index.php\/wp-json\/wp\/v2\/categories?post=78728"},{"taxonomy":"post_tag","embeddable":true,"href":"https:\/\/bihavadis.com\/index.php\/wp-json\/wp\/v2\/tags?post=78728"}],"curies":[{"name":"wp","href":"https:\/\/api.w.org\/{rel}","templated":true}]}}