{"id":7883,"date":"2026-01-31T10:45:03","date_gmt":"2026-01-31T10:45:03","guid":{"rendered":"https:\/\/bihavadis.com\/?p=7883"},"modified":"2026-01-31T10:45:03","modified_gmt":"2026-01-31T10:45:03","slug":"okullarda-ikinci-donem-bayrak-sevgisi-temasiyla-baslayacak","status":"publish","type":"post","link":"https:\/\/bihavadis.com\/index.php\/2026\/01\/31\/okullarda-ikinci-donem-bayrak-sevgisi-temasiyla-baslayacak\/","title":{"rendered":"Okullarda ikinci d\u00f6nem &#8216;bayrak sevgisi&#8217; temas\u0131yla ba\u015flayacak"},"content":{"rendered":"<p>Milli E\u011fitim Bakanl\u0131\u011f\u0131&#8217;dan dikkat \u00e7eken ad\u0131m&#8230;<\/p>\n<p>\u00a02025-2026 e\u011fitim \u00f6\u011fretim y\u0131l\u0131n\u0131n ikinci d\u00f6nemi, okullarda bayrak sevgisi ile birlik ve ortak aidiyet bilincini g\u00fc\u00e7lendirmeye y\u00f6nelik etkinliklerle ba\u015flayacak.<\/p>\n<p>Milli E\u011fitim Bakanl\u0131\u011f\u0131, t\u00fcm resmi ve \u00f6zel okullarda bayra\u011f\u0131n tarih\u00ee, mill\u00ee ve manevi de\u011ferine dikkat \u00e7eken e\u011fitim ve fark\u0131ndal\u0131k \u00e7al\u0131\u015fmalar\u0131 y\u00fcr\u00fct\u00fclece\u011fini duyurdu.<\/p>\n<p><strong>81 \u0130LDE ETK\u0130NL\u0130KLER D\u00dcZENLENECEK<\/strong><\/p>\n<p>Milli E\u011fitim Bakan\u0131 Yusuf Tekin imzas\u0131yla 81 ile g\u00f6nderilen yaz\u0131ya g\u00f6re, ikinci d\u00f6nemin ilk haftas\u0131 olan 2\u20136 \u015eubat 2026 tarihleri aras\u0131nda okullarda \u00e7e\u015fitli etkinlikler d\u00fczenlenecek.<\/p>\n<p>Bu kapsamda okul binalar\u0131 T\u00fcrk bayraklar\u0131yla donat\u0131lacak; \u00f6\u011frencilere y\u00f6nelik resim, \u015fiir, kompozisyon ve afi\u015f yar\u0131\u015fmalar\u0131 ile sergiler, sanatsal ve k\u00fclt\u00fcrel \u00e7al\u0131\u015fmalar yap\u0131lacak.<\/p>\n<p><img decoding=\"async\" src=\"https:\/\/bihavadis.com\/wp-content\/uploads\/2026\/01\/okullarda-ikinci-donem-bayrak-sevgisi-temasiyla-baslayacak-0-NOxnLiRx.jpg\"\/><\/p>\n<p><strong>\u00c7OCUKLARIN GEL\u0130\u015e\u0130M\u0130NE KATKI HEDEFLEN\u0130YOR<\/strong><\/p>\n<p>Bakanl\u0131k, y\u00fcr\u00fct\u00fclecek \u00e7al\u0131\u015fmalarla \u00f6\u011frencilerin milli, manevi ve k\u00fclt\u00fcrel de\u011ferlerle b\u00fct\u00fcnle\u015fmi\u015f; birlik, beraberlik ve karde\u015flik bilinci geli\u015fmi\u015f bireyler olarak yeti\u015fmelerine katk\u0131 sunulmas\u0131n\u0131n hedeflendi\u011fini bildirdi.<\/p>\n<p><img decoding=\"async\" src=\"https:\/\/bihavadis.com\/wp-content\/uploads\/2026\/01\/okullarda-ikinci-donem-bayrak-sevgisi-temasiyla-baslayacak-1-Ssp5qCba.jpg\"\/><\/p>\n","protected":false},"excerpt":{"rendered":"<p>2025-2026 e\u011fitim \u00f6\u011fretim y\u0131l\u0131n\u0131n ikinci d\u00f6neminin, okullarda bayrak sevgisi ile birlik ve ortak aidiyet bilincini g\u00fc\u00e7lendirmeye y\u00f6nelik etkinliklerle ba\u015flayaca\u011f\u0131 duyuruldu.<\/p>\n","protected":false},"author":1,"featured_media":7884,"comment_status":"open","ping_status":"open","sticky":false,"template":"","format":"standard","meta":{"footnotes":""},"categories":[7],"tags":[233],"class_list":["post-7883","post","type-post","status-publish","format-standard","has-post-thumbnail","hentry","category-egitim","tag-egitim"],"_links":{"self":[{"href":"https:\/\/bihavadis.com\/index.php\/wp-json\/wp\/v2\/posts\/7883","targetHints":{"allow":["GET"]}}],"collection":[{"href":"https:\/\/bihavadis.com\/index.php\/wp-json\/wp\/v2\/posts"}],"about":[{"href":"https:\/\/bihavadis.com\/index.php\/wp-json\/wp\/v2\/types\/post"}],"author":[{"embeddable":true,"href":"https:\/\/bihavadis.com\/index.php\/wp-json\/wp\/v2\/users\/1"}],"replies":[{"embeddable":true,"href":"https:\/\/bihavadis.com\/index.php\/wp-json\/wp\/v2\/comments?post=7883"}],"version-history":[{"count":1,"href":"https:\/\/bihavadis.com\/index.php\/wp-json\/wp\/v2\/posts\/7883\/revisions"}],"predecessor-version":[{"id":7887,"href":"https:\/\/bihavadis.com\/index.php\/wp-json\/wp\/v2\/posts\/7883\/revisions\/7887"}],"wp:featuredmedia":[{"embeddable":true,"href":"https:\/\/bihavadis.com\/index.php\/wp-json\/wp\/v2\/media\/7884"}],"wp:attachment":[{"href":"https:\/\/bihavadis.com\/index.php\/wp-json\/wp\/v2\/media?parent=7883"}],"wp:term":[{"taxonomy":"category","embeddable":true,"href":"https:\/\/bihavadis.com\/index.php\/wp-json\/wp\/v2\/categories?post=7883"},{"taxonomy":"post_tag","embeddable":true,"href":"https:\/\/bihavadis.com\/index.php\/wp-json\/wp\/v2\/tags?post=7883"}],"curies":[{"name":"wp","href":"https:\/\/api.w.org\/{rel}","templated":true}]}}