{"id":79042,"date":"2026-05-02T11:18:07","date_gmt":"2026-05-02T11:18:07","guid":{"rendered":"https:\/\/bihavadis.com\/?p=79042"},"modified":"2026-05-02T11:18:07","modified_gmt":"2026-05-02T11:18:07","slug":"kiyiya-vuran-cesedin-sirri-cozuldu-ordudan-tekne-almak-icin-gelmis","status":"publish","type":"post","link":"https:\/\/bihavadis.com\/index.php\/2026\/05\/02\/kiyiya-vuran-cesedin-sirri-cozuldu-ordudan-tekne-almak-icin-gelmis\/","title":{"rendered":"K\u0131y\u0131ya vuran cesedin s\u0131rr\u0131 \u00e7\u00f6z\u00fcld\u00fc! Ordu&#8217;dan tekne almak i\u00e7in gelmi\u015f"},"content":{"rendered":"<p> Sakarya&#8217;n\u0131n Karasu il\u00e7esinde sahilde bulunan cesedin kimli\u011fi belli oldu. Hayat\u0131n\u0131 kaybeden ki\u015finin 63 ya\u015f\u0131nda oldu\u011fu, Ordu&#8217;dan \u0130stanbul&#8217;a bal\u0131k\u00e7\u0131 teknesi almaya geldi\u011fi ve deniz yoluyla d\u00f6nerken Kocaeli Kefken a\u00e7\u0131klar\u0131nda teknesinin batm\u0131\u015f olma ihtimali \u00fczerinde duruluyor.<\/p>\n<p>Yenimahalle mevkiinde sahilde dola\u015fan vatanda\u015flar, k\u0131y\u0131 \u00fczerinde halde hareketsiz yatan erke\u011fi g\u00f6rerek durumu sa\u011fl\u0131k ve polis ekiplerine bildirdi. <\/p>\n<p><b>K\u0130ML\u0130\u011e\u0130 BEL\u0130RLEND\u0130<\/b><\/p>\n<p>Olay yerinde yerine gelen sa\u011fl\u0131k ekipleri \u015fahs\u0131n hayat\u0131n\u0131 kaybetti\u011fini belirledi. Yap\u0131lan \u00e7al\u0131\u015fmalar neticesinde sahilde bulunan cesedin 63 ya\u015f\u0131ndaki Mustafa \u00dcnl\u00fc&#8217;ye ait oldu\u011fu \u00f6\u011frenildi. <\/p>\n<p><b>ORDU&#8217;DAN TEKNE ALMAK \u0130\u00c7\u0130N GELM\u0130\u015e<\/b><\/p>\n<p>Ekipler, Ordu&#8217;da \u0130stanbul&#8217;a bal\u0131k\u00e7\u0131 teknesi almaya geldi\u011fi ve deniz yoluyla d\u00f6nerken teknesinin batm\u0131\u015f olma ihtimali \u00fczerinde duruluyor. \u0130htimali \u00fczerine Sahil G\u00fcvenlik Komutanl\u0131\u011f\u0131 ekiplerinin arama tarama faaliyeti devam ediyor.<\/p>\n","protected":false},"excerpt":{"rendered":"<p>Sakarya&#8217;n\u0131n Karasu il\u00e7esinde sahilde bulunan cesedin 63 ya\u015f\u0131ndaki Mustafa \u00dcnl\u00fc&#8217;ye ait oldu\u011fu belirlendi. Ordu&#8217;dan \u0130stanbul&#8217;a bal\u0131k\u00e7\u0131 teknesi almaya gelen \u00dcnl\u00fc&#8217;n\u00fcn, d\u00f6n\u00fc\u015f yolunda teknesinin batm\u0131\u015f olabilece\u011fi d\u00fc\u015f\u00fcn\u00fcl\u00fcyor.<\/p>\n","protected":false},"author":1,"featured_media":79043,"comment_status":"open","ping_status":"open","sticky":false,"template":"","format":"standard","meta":{"footnotes":""},"categories":[6],"tags":[2759],"class_list":["post-79042","post","type-post","status-publish","format-standard","has-post-thumbnail","hentry","category-dunya","tag-tekne"],"_links":{"self":[{"href":"https:\/\/bihavadis.com\/index.php\/wp-json\/wp\/v2\/posts\/79042","targetHints":{"allow":["GET"]}}],"collection":[{"href":"https:\/\/bihavadis.com\/index.php\/wp-json\/wp\/v2\/posts"}],"about":[{"href":"https:\/\/bihavadis.com\/index.php\/wp-json\/wp\/v2\/types\/post"}],"author":[{"embeddable":true,"href":"https:\/\/bihavadis.com\/index.php\/wp-json\/wp\/v2\/users\/1"}],"replies":[{"embeddable":true,"href":"https:\/\/bihavadis.com\/index.php\/wp-json\/wp\/v2\/comments?post=79042"}],"version-history":[{"count":1,"href":"https:\/\/bihavadis.com\/index.php\/wp-json\/wp\/v2\/posts\/79042\/revisions"}],"predecessor-version":[{"id":79044,"href":"https:\/\/bihavadis.com\/index.php\/wp-json\/wp\/v2\/posts\/79042\/revisions\/79044"}],"wp:featuredmedia":[{"embeddable":true,"href":"https:\/\/bihavadis.com\/index.php\/wp-json\/wp\/v2\/media\/79043"}],"wp:attachment":[{"href":"https:\/\/bihavadis.com\/index.php\/wp-json\/wp\/v2\/media?parent=79042"}],"wp:term":[{"taxonomy":"category","embeddable":true,"href":"https:\/\/bihavadis.com\/index.php\/wp-json\/wp\/v2\/categories?post=79042"},{"taxonomy":"post_tag","embeddable":true,"href":"https:\/\/bihavadis.com\/index.php\/wp-json\/wp\/v2\/tags?post=79042"}],"curies":[{"name":"wp","href":"https:\/\/api.w.org\/{rel}","templated":true}]}}