{"id":79055,"date":"2026-05-02T11:30:09","date_gmt":"2026-05-02T11:30:09","guid":{"rendered":"https:\/\/bihavadis.com\/?p=79055"},"modified":"2026-05-02T11:30:09","modified_gmt":"2026-05-02T11:30:09","slug":"irandan-abdye-agir-misilleme-bolge-ulkelerinde-bulunan-usler-hedef-alindi","status":"publish","type":"post","link":"https:\/\/bihavadis.com\/index.php\/2026\/05\/02\/irandan-abdye-agir-misilleme-bolge-ulkelerinde-bulunan-usler-hedef-alindi\/","title":{"rendered":"\u0130ran&#8217;dan ABD&#8217;ye a\u011f\u0131r misilleme: B\u00f6lge \u00fclkelerinde bulunan \u00fcsler hedef al\u0131nd\u0131"},"content":{"rendered":"<p>Orta Do\u011fu&#8217;da tansiyon hi\u00e7 olmad\u0131\u011f\u0131 kadar y\u00fckseldi\u00a0<\/p>\n<p>\u0130ran, ABD ve \u0130srail&#8217;in Ayetullah Ali Hamaney&#8217;in \u00f6l\u00fcm\u00fcn\u00fcne neden olan sald\u0131r\u0131lar\u0131na y\u00f6nelik misilleme sald\u0131r\u0131lar\u0131na devam ediyor.\u00a0<\/p>\n<p>Bu kapsamda b\u00f6lgede bulunan \u00fclkelerde yer alan ABD \u00fcsleri hedef al\u0131n\u0131yor.\u00a0<\/p>\n<p><strong>19 \u00dcS VE 40 B\u0130NE YAKIN ASKER BULUNUYOR<\/strong><\/p>\n<p>ABD\u2019nin b\u00f6lgede en az 19 \u00fcss\u00fc ve yakla\u015f\u0131k 40 bin askeri bulunuyor.<\/p>\n<p>\u0130ran\u2019\u0131n 28 \u015eubat Cumartesi g\u00fcn\u00fc ba\u015flatt\u0131\u011f\u0131 sald\u0131r\u0131larda toplam 7 \u00fclkeyi vurdu.\u00a0<\/p>\n<p><img decoding=\"async\" src=\"https:\/\/bihavadis.com\/wp-content\/uploads\/2026\/05\/irandan-abdye-agir-misilleme-bolge-ulkelerinde-bulunan-usler-hedef-alindi-0-dRONahi9.jpg\"\/><\/p>\n<p><strong>B\u0130RLE\u015e\u0130K ARAP EM\u0130RL\u0130KLER\u0130<\/strong><\/p>\n<p>\u0130ran, Birle\u015fik Arap Emirlikleri\u2019nde (BAE) bulunan Al-Zafra hava \u00fcss\u00fcn\u00fc hedef al\u0131rken sosyal medyaya zengin Bat\u0131l\u0131 turistlerin u\u011frak mekan\u0131 Dubai\u2019de de baz\u0131 b\u00f6lgelere f\u00fczelerin d\u00fc\u015ft\u00fc\u011f\u00fc g\u00f6r\u00fcnt\u00fcler yans\u0131d\u0131.<\/p>\n<p>Emirates Haber Ajans\u0131 ise, \u0130ran f\u00fczelerinin \u00f6nlenmesinin ard\u0131ndan Abu Dabi\u2019de bir ki\u015finin \u00f6ld\u00fc\u011f\u00fcn\u00fc duyurdu.<\/p>\n<p>AFP\u2019ye konu\u015fan g\u00f6rg\u00fc tan\u0131klar\u0131 da Abu Dabi\u2019deki ABD Al Dhafra \u00fcss\u00fcnden duman y\u00fckseldi\u011fini g\u00f6rd\u00fcklerini aktard\u0131.<\/p>\n<p><img decoding=\"async\" src=\"https:\/\/bihavadis.com\/wp-content\/uploads\/2026\/05\/irandan-abdye-agir-misilleme-bolge-ulkelerinde-bulunan-usler-hedef-alindi-1-MqJMDLmB.jpg\"\/><\/p>\n<p><strong>GEL\u0130\u015eM\u0130\u015e U\u00c7AKLAR BULUNUYOR<\/strong><\/p>\n<p>El-Dhafra, istihbarat toplama ve muharebe hava operasyonlar\u0131n\u0131 desteklemeye odaklanm\u0131\u015f stratejik bir \u00fcs.<\/p>\n<p>\u00dcste, F-22 Raptor hayalet sava\u015f u\u00e7aklar\u0131 ve insans\u0131z hava ara\u00e7lar\u0131 ile havadan uyar\u0131 ve kontrol sistemleri (AWACS) dahil olmak \u00fczere \u00e7e\u015fitli g\u00f6zetleme u\u00e7aklar\u0131 gibi geli\u015fmi\u015f u\u00e7aklar mevcut.<\/p>\n<p>ABD Donanmas\u0131, BAE\u2019deki Jebel Ali Liman\u0131\u2019n\u0131 da s\u0131k s\u0131k kullan\u0131yor.<\/p>\n<p><strong>BAHREYN&#8217;DE DE B\u0130R \u00dcS BULUNUYOR<\/strong><\/p>\n<p>K\u00f6rfez \u00fclkesi Bahreyn de b\u00f6lgedeki Amerikan \u00fcslerinden birine ev sahipli\u011fi yap\u0131yor.<\/p>\n<p>Ba\u015fkent Manama\u2019daki &#8216;Naval Support Activity&#8217; \u00fcss\u00fc, ABD Donanmas\u0131 5. Filo kararg\u00e2h\u0131na ev sahipli\u011fi yaparken Manama\u2019da patlamalar duyuldu\u011fu aktar\u0131ld\u0131.\u00a0<\/p>\n<p><img decoding=\"async\" src=\"https:\/\/bihavadis.com\/wp-content\/uploads\/2026\/05\/irandan-abdye-agir-misilleme-bolge-ulkelerinde-bulunan-usler-hedef-alindi-2-3u8ivVV8.jpg\"\/><\/p>\n<p><strong>KATAR&#8217;DA 10 B\u0130N ABD ASKER\u0130 <\/strong><\/p>\n<p>ABD\u2019ye ait Al-Udeid hava \u00fcss\u00fcn\u00fcn bulundu\u011fu Katar\u2019da Savunma Bakanl\u0131\u011f\u0131, \u00fclkedeki \u00e7e\u015fitli b\u00f6lgeleri hedef alan sald\u0131r\u0131lar\u0131 engelledi\u011fini duyurdu.<\/p>\n<p>Katar semalar\u0131nda f\u00fczeler g\u00f6r\u00fcl\u00fcrken, aral\u0131kl\u0131 olarak patlama sesleri duyuldu.<\/p>\n<p>Al-Udeid hava \u00fcss\u00fc, ABD Merkez Komutanl\u0131\u011f\u0131\u2019n\u0131n (CENTCOM) ileri karargah\u0131 konumunda bulunurken b\u00f6lgedeki en b\u00fcy\u00fck Amerikan tesisi olarak bilinen \u00fcste yakla\u015f\u0131k 10 bin asker mevcut.<\/p>\n<p><img decoding=\"async\" src=\"https:\/\/bihavadis.com\/wp-content\/uploads\/2026\/05\/irandan-abdye-agir-misilleme-bolge-ulkelerinde-bulunan-usler-hedef-alindi-3-hB2gG4wd.jpg\"\/><\/p>\n<p><strong>KUVEYT&#8217;E YOLLANAN F\u00dcZELER ENGELLEND\u0130<\/strong><\/p>\n<p>Ali Al-Salem hava \u00fcss\u00fcn\u00fcn bulundu\u011fu Kuveyt\u2019te de patlamalar duyulurken, Kuveyt ordusu hava sahas\u0131nda f\u00fczelerle m\u00fccadele etti\u011fini a\u00e7\u0131klad\u0131.<\/p>\n<p>Kuveyt Savunma Bakanl\u0131\u011f\u0131 S\u00f6zc\u00fcs\u00fc Saud Abdulaziz Al-Atwan, Ali Al-Salem hava \u00fcss\u00fcn\u00fcn bir dizi balistik f\u00fczeyle hedef al\u0131nd\u0131\u011f\u0131n\u0131 ve Kuveyt hava savunma g\u00fc\u00e7lerinin bunlar\u0131 \u00f6nledi\u011fini do\u011frulad\u0131.<\/p>\n<p>\u00d6te yandan Kuveyt\u2019teki Arifjan Kamp\u0131 da \u00f6nemli bir ABD Ordusu \u00fcss\u00fc olarak \u00f6ne \u00e7\u0131karken1999 y\u0131l\u0131nda in\u015fa edilen \u00fcs, Ortado\u011fu\u2019daki ABD askeri operasyonlar\u0131 i\u00e7in birincil lojistik, tedarik ve komuta merkezi durumunda.<\/p>\n<p><img decoding=\"async\" src=\"https:\/\/bihavadis.com\/wp-content\/uploads\/2026\/05\/irandan-abdye-agir-misilleme-bolge-ulkelerinde-bulunan-usler-hedef-alindi-4-sOCzB5is.jpg\"\/><\/p>\n<p><strong>\u00dcRD\u00dcN&#8217;DE BULUNAN KRAL H\u00dcSEY\u0130N HAVA \u00dcSS\u00dc<\/strong><\/p>\n<p>ABD\u2019nin Kral H\u00fcseyin Hava \u00dcss\u00fc&#8217;n\u00fc kulland\u0131\u011f\u0131 \u00dcrd\u00fcn\u2019de, 49 insans\u0131z hava arac\u0131 ve balistik f\u00fczenin herhangi bir can kayb\u0131 olmadan imha edildi\u011fi a\u00e7\u0131klad\u0131.<\/p>\n<p>\u00dcrd\u00fcn Silahl\u0131 Kuvvetleri Genel Komutanl\u0131\u011f\u0131\u2019ndan bir askeri kaynak, 13 balistik f\u00fczenin \u00dcrd\u00fcn hava savunma sistemleri taraf\u0131ndan ba\u015far\u0131yla \u00f6nlendi\u011fini, insans\u0131z hava ara\u00e7lar\u0131n\u0131n ise etkisiz hale getirildikten sonra d\u00fc\u015f\u00fcr\u00fcld\u00fc\u011f\u00fcn\u00fc belirtti.<\/p>\n<p>\u00dcrd\u00fcn ordusu daha \u00f6nce, savunma sistemlerinin \u00dcrd\u00fcn topraklar\u0131n\u0131 hedef alan iki balistik f\u00fczeyi d\u00fc\u015f\u00fcrd\u00fc\u011f\u00fcn\u00fc a\u00e7\u0131klam\u0131\u015ft\u0131.<\/p>\n<p><img decoding=\"async\" src=\"https:\/\/bihavadis.com\/wp-content\/uploads\/2026\/05\/irandan-abdye-agir-misilleme-bolge-ulkelerinde-bulunan-usler-hedef-alindi-5-aiPOWtQc.jpg\"\/><\/p>\n<p><strong>SUUD\u0130 ARAB\u0130STAN&#8217;DA STRATEJ\u0130K HAVA \u00dcSS\u00dc<\/strong><\/p>\n<p>Suudi Arabistan\u2019da ABD Hava Kuvvetlerinin kulland\u0131\u011f\u0131 Prens Sultan Hava \u00dcss\u00fc bulunuyor.<\/p>\n<p>Savunma Bakanl\u0131\u011f\u0131 taraf\u0131ndan yap\u0131lan a\u00e7\u0131klamada bu \u00fcsse yap\u0131lan sald\u0131r\u0131lar\u0131n engellendi\u011fi duyuruldu.\u00a0<\/p>\n<p><img decoding=\"async\" src=\"https:\/\/bihavadis.com\/wp-content\/uploads\/2026\/05\/irandan-abdye-agir-misilleme-bolge-ulkelerinde-bulunan-usler-hedef-alindi-6-tbEekldx.jpg\"\/><\/p>\n<p><strong>IRAK&#8217;TA KOAL\u0130SYON TARAFINDAN KULLANILAN \u00dcS HEDEF ALINDI<\/strong><\/p>\n<p>AFP, Erbil kentindeki ABD konsoloslu\u011fu yak\u0131nlar\u0131nda patlamalar duyuldu\u011funu bildirdi.<\/p>\n<p>G\u00f6rg\u00fc tan\u0131klar\u0131 Amerikan AP ajans\u0131na, Irak\u2019\u0131n kuzeyindeki Erbil Uluslararas\u0131 Havaalan\u0131 yak\u0131nlar\u0131ndaki uluslararas\u0131 koalisyon \u00fcss\u00fc civar\u0131nda arka arkaya patlamalar duyduklar\u0131n\u0131 s\u00f6yledi.<\/p>\n<p>\u00a0Ajans, &#8220;bug\u00fcnk\u00fc sald\u0131r\u0131larda herhangi bir can veya mal kayb\u0131 ya\u015fanmad\u0131\u011f\u0131n\u0131&#8221; ve son sald\u0131r\u0131 dalgas\u0131n\u0131n bug\u00fcn Erbil\u2019deki ABD \u00e7\u0131karlar\u0131n\u0131 hedef alan ikinci sald\u0131r\u0131 oldu\u011funu a\u00e7\u0131klad\u0131.<\/p>\n<p><img decoding=\"async\" src=\"https:\/\/bihavadis.com\/wp-content\/uploads\/2026\/05\/irandan-abdye-agir-misilleme-bolge-ulkelerinde-bulunan-usler-hedef-alindi-7-iIh4U5MR.jpg\"\/> <\/p>\n<div> <span><strong>Kaynak:<\/strong> Ensonhaber Haber Merkezi<\/span> <\/div>\n","protected":false},"excerpt":{"rendered":"<p>Orta Do\u011fu&#8217;da tansiyon hi\u00e7 olmad\u0131\u011f\u0131 kadar y\u00fckseldi\u00a0 \u0130ran, ABD ve \u0130srail&#8217;in Ayetullah Ali Hamaney&#8217;in \u00f6l\u00fcm\u00fcn\u00fcne neden olan sald\u0131r\u0131lar\u0131na y\u00f6nelik misilleme sald\u0131r\u0131lar\u0131na devam ediyor.\u00a0 Bu kapsamda b\u00f6lgede bulunan \u00fclkelerde yer alan ABD \u00fcsleri hedef &#8230;<\/p>\n","protected":false},"author":1,"featured_media":79056,"comment_status":"open","ping_status":"open","sticky":false,"template":"","format":"standard","meta":{"footnotes":""},"categories":[6],"tags":[272,459,8321,794,5290],"class_list":["post-79055","post","type-post","status-publish","format-standard","has-post-thumbnail","hentry","category-dunya","tag-abd","tag-hava","tag-hava-ussu","tag-saldiri","tag-us"],"_links":{"self":[{"href":"https:\/\/bihavadis.com\/index.php\/wp-json\/wp\/v2\/posts\/79055","targetHints":{"allow":["GET"]}}],"collection":[{"href":"https:\/\/bihavadis.com\/index.php\/wp-json\/wp\/v2\/posts"}],"about":[{"href":"https:\/\/bihavadis.com\/index.php\/wp-json\/wp\/v2\/types\/post"}],"author":[{"embeddable":true,"href":"https:\/\/bihavadis.com\/index.php\/wp-json\/wp\/v2\/users\/1"}],"replies":[{"embeddable":true,"href":"https:\/\/bihavadis.com\/index.php\/wp-json\/wp\/v2\/comments?post=79055"}],"version-history":[{"count":1,"href":"https:\/\/bihavadis.com\/index.php\/wp-json\/wp\/v2\/posts\/79055\/revisions"}],"predecessor-version":[{"id":79065,"href":"https:\/\/bihavadis.com\/index.php\/wp-json\/wp\/v2\/posts\/79055\/revisions\/79065"}],"wp:featuredmedia":[{"embeddable":true,"href":"https:\/\/bihavadis.com\/index.php\/wp-json\/wp\/v2\/media\/79056"}],"wp:attachment":[{"href":"https:\/\/bihavadis.com\/index.php\/wp-json\/wp\/v2\/media?parent=79055"}],"wp:term":[{"taxonomy":"category","embeddable":true,"href":"https:\/\/bihavadis.com\/index.php\/wp-json\/wp\/v2\/categories?post=79055"},{"taxonomy":"post_tag","embeddable":true,"href":"https:\/\/bihavadis.com\/index.php\/wp-json\/wp\/v2\/tags?post=79055"}],"curies":[{"name":"wp","href":"https:\/\/api.w.org\/{rel}","templated":true}]}}