{"id":79078,"date":"2026-05-02T11:42:10","date_gmt":"2026-05-02T11:42:10","guid":{"rendered":"https:\/\/bihavadis.com\/?p=79078"},"modified":"2026-05-02T11:42:10","modified_gmt":"2026-05-02T11:42:10","slug":"vali-ciftci-tel-helva-yapimina-katildi","status":"publish","type":"post","link":"https:\/\/bihavadis.com\/index.php\/2026\/05\/02\/vali-ciftci-tel-helva-yapimina-katildi\/","title":{"rendered":"Vali \u00c7ift\u00e7i Tel Helva Yap\u0131m\u0131na Kat\u0131ld\u0131"},"content":{"rendered":"<p>\n<p>ERZURUM Valisi Mustafa \u00c7ift\u00e7i, uzun k\u0131\u015f gecelerinin vazge\u00e7ilmez gelene\u011fi olan tel helva yap\u0131m\u0131na kat\u0131ld\u0131. TRT sanat\u00e7\u0131s\u0131 Mehmet \u00c7alma\u015fur ile Mahmut K\u0131van\u00e7&#8217;\u0131n seslendirdi\u011fi t\u00fcrk\u00fcler e\u015fli\u011finde vatanda\u015flarla helva yapan Vali \u00c7ift\u00e7i, tad\u0131n\u0131 \u00e7ok be\u011fendi.<\/p>\n<p>Yakutiye il\u00e7esine ba\u011fl\u0131 k\u0131rsal Yaz\u0131p\u0131nar Mahalle Kona\u011f\u0131&#8217;nda Erzurum k\u00fclt\u00fcr\u00fcnde &#8216;yats\u0131l\u0131k&#8217; olarak adland\u0131r\u0131lan ak\u015fam \u00f6\u011f\u00fcn\u00fcnde Vali Mustafa \u00c7ift\u00e7i ve davetliler a\u011f\u0131rland\u0131. Y\u00f6resel lezzetler aras\u0131nda yer alan g\u00f6\u011fermi\u015f peynir, kavurmal\u0131 ve civil peynirli su b\u00f6re\u011fi, lor dolmas\u0131, tand\u0131r ketesi, tand\u0131r ekme\u011fi, tereya\u011f\u0131 ve limonlu \u00e7ay ikram edilen programda kentin as\u0131rl\u0131k k\u0131\u015f gecelerinin vazge\u00e7ilmezi tel helva da yap\u0131ld\u0131. <\/p>\n<p>K\u0131\u015f mevsimine \u00f6zg\u00fc olarak haz\u0131rlanan tel helvas\u0131, TRT sanat\u00e7\u0131s\u0131 Mehmet \u00c7alma\u015fur ile Mahmut K\u0131van\u00e7&#8217;\u0131n seslendirdi\u011fi t\u00fcrk\u00fcler e\u015fli\u011finde yap\u0131ld\u0131. Vatanda\u015flar\u0131n daveti \u00fczerine yer tahtas\u0131n\u0131n bir kenar\u0131nda oturan Vali Mustafa \u00c7ift\u00e7i de tel helvas\u0131 yap\u0131m\u0131na kat\u0131ld\u0131. Yakla\u015f\u0131k 2 saat s\u00fcren \u00e7al\u0131\u015fman\u0131n ard\u0131ndan haz\u0131rlanan helva, konakta bulunan misafirlere ikram edildi. <\/p>\n<p>Konakta, Erzurum&#8217;a \u00f6zg\u00fc geleneksel oyunlar, t\u00fcrk\u00fcler ve sohbetler e\u015fli\u011finde misafirlere tan\u0131t\u0131ld\u0131. Etkinlikte ayr\u0131ca, Yaz\u0131p\u0131nar K\u00f6y\u00fc&#8217;nden \u00e7ift\u00e7i-\u015fair Sinan \u00d6rnek taraf\u0131ndan kaleme al\u0131nan &#8216;Seyyah\u0131n G\u00f6n\u00fcl S\u00f6zleri 1&#8217; adl\u0131 eserin tan\u0131t\u0131m\u0131 da yap\u0131ld\u0131. <\/p>\n<p>TEL HELVA GELENE\u011e\u0130 <\/p>\n<p>Erzurum&#8217;da \u00f6zellikle k\u0131\u015f aylar\u0131nda k\u00f6y odalar\u0131 ve k\u00f6y konaklar\u0131nda yap\u0131lan tel helvas\u0131; \u015feker, su, irmik ve limon kullan\u0131larak haz\u0131rlanan, kar \u00fczerinde so\u011futularak k\u0131vam alarak yap\u0131l\u0131yor. Maliyeti d\u00fc\u015f\u00fck olmas\u0131yla bilinen \u00f6nemli bir k\u00fclt\u00fcrel miras olan tel helvas\u0131 mahallelerde ya\u015fat\u0131lmaya devam ediyor. Y\u00fczy\u0131llard\u0131r s\u00fcrd\u00fcr\u00fclen bu gelenek, uzun ve karl\u0131 k\u0131\u015f gecelerinde toplumsal dayan\u0131\u015fmay\u0131, sohbet k\u00fclt\u00fcr\u00fcn\u00fc ve t\u00fcrk\u00fc gelene\u011fini besleyen \u00f6nemli bir sosyo-k\u00fclt\u00fcrel unsur olma \u00f6zelli\u011fi ta\u015f\u0131yor. <\/p>\n","protected":false},"excerpt":{"rendered":"<p>Erzurum Valisi Mustafa \u00c7ift\u00e7i, tel helva yap\u0131m\u0131 etkinli\u011fine kat\u0131ld\u0131 ve y\u00f6resel lezzetler tan\u0131t\u0131ld\u0131.<\/p>\n","protected":false},"author":1,"featured_media":79079,"comment_status":"open","ping_status":"open","sticky":false,"template":"","format":"standard","meta":{"footnotes":""},"categories":[9,4,13],"tags":[3273,1471,8322],"class_list":["post-79078","post","type-post","status-publish","format-standard","has-post-thumbnail","hentry","category-genel","category-gundem","category-son-dakika","tag-ciftci","tag-kis","tag-tel-helva"],"_links":{"self":[{"href":"https:\/\/bihavadis.com\/index.php\/wp-json\/wp\/v2\/posts\/79078","targetHints":{"allow":["GET"]}}],"collection":[{"href":"https:\/\/bihavadis.com\/index.php\/wp-json\/wp\/v2\/posts"}],"about":[{"href":"https:\/\/bihavadis.com\/index.php\/wp-json\/wp\/v2\/types\/post"}],"author":[{"embeddable":true,"href":"https:\/\/bihavadis.com\/index.php\/wp-json\/wp\/v2\/users\/1"}],"replies":[{"embeddable":true,"href":"https:\/\/bihavadis.com\/index.php\/wp-json\/wp\/v2\/comments?post=79078"}],"version-history":[{"count":1,"href":"https:\/\/bihavadis.com\/index.php\/wp-json\/wp\/v2\/posts\/79078\/revisions"}],"predecessor-version":[{"id":79080,"href":"https:\/\/bihavadis.com\/index.php\/wp-json\/wp\/v2\/posts\/79078\/revisions\/79080"}],"wp:featuredmedia":[{"embeddable":true,"href":"https:\/\/bihavadis.com\/index.php\/wp-json\/wp\/v2\/media\/79079"}],"wp:attachment":[{"href":"https:\/\/bihavadis.com\/index.php\/wp-json\/wp\/v2\/media?parent=79078"}],"wp:term":[{"taxonomy":"category","embeddable":true,"href":"https:\/\/bihavadis.com\/index.php\/wp-json\/wp\/v2\/categories?post=79078"},{"taxonomy":"post_tag","embeddable":true,"href":"https:\/\/bihavadis.com\/index.php\/wp-json\/wp\/v2\/tags?post=79078"}],"curies":[{"name":"wp","href":"https:\/\/api.w.org\/{rel}","templated":true}]}}