{"id":79089,"date":"2026-05-02T11:51:10","date_gmt":"2026-05-02T11:51:10","guid":{"rendered":"https:\/\/bihavadis.com\/?p=79089"},"modified":"2026-05-02T11:51:10","modified_gmt":"2026-05-02T11:51:10","slug":"bursada-cati-katinda-yangin","status":"publish","type":"post","link":"https:\/\/bihavadis.com\/index.php\/2026\/05\/02\/bursada-cati-katinda-yangin\/","title":{"rendered":"Bursa&#8217;da \u00c7at\u0131 Kat\u0131nda Yang\u0131n"},"content":{"rendered":"<p>\n<p>BURSA&#8217;da 3 katl\u0131 binan\u0131n \u00e7at\u0131 kat\u0131nda ba\u015flay\u0131p merdiven bo\u015flu\u011funa yay\u0131lan yang\u0131n, itfaiye ekiplerinin yar\u0131m saatlik m\u00fcdahalesiyle kontrol alt\u0131na al\u0131narak s\u00f6nd\u00fcr\u00fcld\u00fc. <\/p>\n<p>Yang\u0131n, saat 18.00 s\u0131ralar\u0131nda Osmangazi il\u00e7esi K\u00fc\u00e7\u00fckbal\u0131kl\u0131 Mahallesi Me\u015fe Sokak&#8217;taki 3 katl\u0131 binan\u0131n \u00e7at\u0131 kat\u0131nda \u00e7\u0131kt\u0131. Alevler k\u0131sa s\u00fcrede b\u00fcy\u00fcyerek merdiven bo\u015flu\u011funa yay\u0131ld\u0131. Vatanda\u015flar hortumla su tutarak alevleri s\u00f6nd\u00fcrmeye \u00e7al\u0131\u015f\u0131rken, ya\u015fanan panik anlar\u0131 cep telefonu kameras\u0131na yans\u0131d\u0131. \u0130hbar \u00fczerine olay yerine sevk edilen itfaiye ekiplerinin yar\u0131m saatte kontrol alt\u0131na al\u0131narak s\u00f6nd\u00fcr\u00fclen yang\u0131nda \u00e7at\u0131 kat\u0131 kullan\u0131lamaz hale geldi. Yang\u0131n\u0131n \u00e7\u0131k\u0131\u015f nedeniyle ilgili inceleme ba\u015flat\u0131ld\u0131. <\/p>\n","protected":false},"excerpt":{"rendered":"<p>Bursa&#8217;da 3 katl\u0131 binada \u00e7\u0131kan yang\u0131n, itfaiye taraf\u0131ndan yar\u0131m saatte s\u00f6nd\u00fcr\u00fcld\u00fc.<\/p>\n","protected":false},"author":1,"featured_media":79090,"comment_status":"open","ping_status":"open","sticky":false,"template":"","format":"standard","meta":{"footnotes":""},"categories":[9,4,13],"tags":[],"class_list":["post-79089","post","type-post","status-publish","format-standard","has-post-thumbnail","hentry","category-genel","category-gundem","category-son-dakika"],"_links":{"self":[{"href":"https:\/\/bihavadis.com\/index.php\/wp-json\/wp\/v2\/posts\/79089","targetHints":{"allow":["GET"]}}],"collection":[{"href":"https:\/\/bihavadis.com\/index.php\/wp-json\/wp\/v2\/posts"}],"about":[{"href":"https:\/\/bihavadis.com\/index.php\/wp-json\/wp\/v2\/types\/post"}],"author":[{"embeddable":true,"href":"https:\/\/bihavadis.com\/index.php\/wp-json\/wp\/v2\/users\/1"}],"replies":[{"embeddable":true,"href":"https:\/\/bihavadis.com\/index.php\/wp-json\/wp\/v2\/comments?post=79089"}],"version-history":[{"count":1,"href":"https:\/\/bihavadis.com\/index.php\/wp-json\/wp\/v2\/posts\/79089\/revisions"}],"predecessor-version":[{"id":79091,"href":"https:\/\/bihavadis.com\/index.php\/wp-json\/wp\/v2\/posts\/79089\/revisions\/79091"}],"wp:featuredmedia":[{"embeddable":true,"href":"https:\/\/bihavadis.com\/index.php\/wp-json\/wp\/v2\/media\/79090"}],"wp:attachment":[{"href":"https:\/\/bihavadis.com\/index.php\/wp-json\/wp\/v2\/media?parent=79089"}],"wp:term":[{"taxonomy":"category","embeddable":true,"href":"https:\/\/bihavadis.com\/index.php\/wp-json\/wp\/v2\/categories?post=79089"},{"taxonomy":"post_tag","embeddable":true,"href":"https:\/\/bihavadis.com\/index.php\/wp-json\/wp\/v2\/tags?post=79089"}],"curies":[{"name":"wp","href":"https:\/\/api.w.org\/{rel}","templated":true}]}}