{"id":79293,"date":"2026-05-02T14:12:06","date_gmt":"2026-05-02T14:12:06","guid":{"rendered":"https:\/\/bihavadis.com\/?p=79293"},"modified":"2026-05-02T14:12:06","modified_gmt":"2026-05-02T14:12:06","slug":"iran-savunma-bakani-seyyid-majid-ibn-al-reza-oldu","status":"publish","type":"post","link":"https:\/\/bihavadis.com\/index.php\/2026\/05\/02\/iran-savunma-bakani-seyyid-majid-ibn-al-reza-oldu\/","title":{"rendered":"\u0130ran Savunma Bakan\u0131 Seyyid Majid ibn al\u2011Reza oldu"},"content":{"rendered":"<p>\u0130ran&#8217;da siyasi de\u011fi\u015fiklikler devam ediyor&#8230;<\/p>\n<p>Orta Do\u011fu&#8217;da son dakika geli\u015fmeleri pe\u015f pe\u015fe ya\u015fan\u0131rken, ABD ve \u0130srail\u2019in \u0130ran\u2019a y\u00f6nelik sald\u0131r\u0131lar\u0131 da s\u00fcr\u00fcyor.<\/p>\n<p><strong>HAMANEY \u00d6LD\u00dcR\u00dcLD\u00dc<\/strong><\/p>\n<p>ABD ile \u0130srail, d\u00fczenledikleri ortak sald\u0131r\u0131 ile \u0130ran&#8217;da dini lider Ayettullah Ali Hamaney ile bir\u00e7ok \u00fcst d\u00fczey ismi \u00f6ld\u00fcrd\u00fc.\u00a0<\/p>\n<p><strong>40 G\u00dcNL\u00dcK YAS \u0130LAN ED\u0130LD\u0130<\/strong><\/p>\n<p>86 ya\u015f\u0131ndaki Hamaney&#8217;in \u00f6l\u00fcm\u00fc, Orta Do\u011fu&#8217;da yeni bir gerilim dalgas\u0131 yarat\u0131rken, \u0130ran h\u00fck\u00fcmeti 40 g\u00fcnl\u00fck ulusal yas ve bir haftal\u0131k resmi tatil ilan etti.<\/p>\n<p>\u0130ran devlet televizyonu, Hamaney&#8217;in ABD ve \u0130srail&#8217;in d\u00fczenledi\u011fi hava sald\u0131r\u0131lar\u0131nda \u00f6ld\u00fcr\u00fcld\u00fc\u011f\u00fcn\u00fc g\u00f6zya\u015flar\u0131 i\u00e7inde duyurdu.<\/p>\n<p><strong>SAVUNMA BAKANI SEYY\u0130D MAJ\u0130D \u0130BN AL-REZA OLDU<\/strong><\/p>\n<p>sald\u0131r\u0131larda, Tahran y\u00f6netiminin \u00f6nemli isimlerini alm\u0131\u015f, Genelkurmay Ba\u015fkan\u0131 T\u00fcmgeneral Abdurrahim Musevi ile Savunma Bakan\u0131 Aziz Nas\u0131rzade&#8217;nin\u00a0 ABD-\u0130srail sald\u0131r\u0131lar\u0131nda \u00f6ld\u00fcr\u00fclm\u00fc\u015ft\u00fc.<\/p>\n<p>\u0130ran Cumhurba\u015fkan\u0131 Mesud Peze\u015fkiyan\u2019\u0131n Nas\u0131rzadeh\u2019in yerine \u0130ran Savunma Bakan\u0131 olarak General Seyyid Majid ibn al-Reza&#8217;y\u0131 atad\u0131\u011f\u0131 kaydedildi.<\/p>\n<p><img decoding=\"async\" src=\"https:\/\/bihavadis.com\/wp-content\/uploads\/2026\/05\/iran-savunma-bakani-seyyid-majid-ibn-alreza-oldu-0-Nyr5XNE9.jpg\"\/> <\/p>\n<div> <span><strong>Kaynak:<\/strong> \u0130hlas Haber Ajans\u0131 (\u0130HA)<\/span> <\/div>\n","protected":false},"excerpt":{"rendered":"<p>\u0130ran&#8217;da siyasi de\u011fi\u015fiklikler devam ediyor&#8230; Orta Do\u011fu&#8217;da son dakika geli\u015fmeleri pe\u015f pe\u015fe ya\u015fan\u0131rken, ABD ve \u0130srail\u2019in \u0130ran\u2019a y\u00f6nelik sald\u0131r\u0131lar\u0131 da s\u00fcr\u00fcyor. HAMANEY \u00d6LD\u00dcR\u00dcLD\u00dc ABD ile \u0130srail, d\u00fczenledikleri ortak sald\u0131r\u0131 ile \u0130ran&#8217;da dini lider &#8230;<\/p>\n","protected":false},"author":1,"featured_media":79294,"comment_status":"open","ping_status":"open","sticky":false,"template":"","format":"standard","meta":{"footnotes":""},"categories":[6],"tags":[272,271,794],"class_list":["post-79293","post","type-post","status-publish","format-standard","has-post-thumbnail","hentry","category-dunya","tag-abd","tag-iran","tag-saldiri"],"_links":{"self":[{"href":"https:\/\/bihavadis.com\/index.php\/wp-json\/wp\/v2\/posts\/79293","targetHints":{"allow":["GET"]}}],"collection":[{"href":"https:\/\/bihavadis.com\/index.php\/wp-json\/wp\/v2\/posts"}],"about":[{"href":"https:\/\/bihavadis.com\/index.php\/wp-json\/wp\/v2\/types\/post"}],"author":[{"embeddable":true,"href":"https:\/\/bihavadis.com\/index.php\/wp-json\/wp\/v2\/users\/1"}],"replies":[{"embeddable":true,"href":"https:\/\/bihavadis.com\/index.php\/wp-json\/wp\/v2\/comments?post=79293"}],"version-history":[{"count":1,"href":"https:\/\/bihavadis.com\/index.php\/wp-json\/wp\/v2\/posts\/79293\/revisions"}],"predecessor-version":[{"id":79296,"href":"https:\/\/bihavadis.com\/index.php\/wp-json\/wp\/v2\/posts\/79293\/revisions\/79296"}],"wp:featuredmedia":[{"embeddable":true,"href":"https:\/\/bihavadis.com\/index.php\/wp-json\/wp\/v2\/media\/79294"}],"wp:attachment":[{"href":"https:\/\/bihavadis.com\/index.php\/wp-json\/wp\/v2\/media?parent=79293"}],"wp:term":[{"taxonomy":"category","embeddable":true,"href":"https:\/\/bihavadis.com\/index.php\/wp-json\/wp\/v2\/categories?post=79293"},{"taxonomy":"post_tag","embeddable":true,"href":"https:\/\/bihavadis.com\/index.php\/wp-json\/wp\/v2\/tags?post=79293"}],"curies":[{"name":"wp","href":"https:\/\/api.w.org\/{rel}","templated":true}]}}