{"id":79350,"date":"2026-05-02T14:57:08","date_gmt":"2026-05-02T14:57:08","guid":{"rendered":"https:\/\/bihavadis.com\/?p=79350"},"modified":"2026-05-02T14:57:08","modified_gmt":"2026-05-02T14:57:08","slug":"trabzonspora-nwaiwudan-kotu-haber-geldi","status":"publish","type":"post","link":"https:\/\/bihavadis.com\/index.php\/2026\/05\/02\/trabzonspora-nwaiwudan-kotu-haber-geldi\/","title":{"rendered":"Trabzonspor&#8217;a Nwaiwu&#8217;dan k\u00f6t\u00fc haber geldi"},"content":{"rendered":"<p>Trabzonspor, stoper Chibuike Nwaiwu&#8217;nun Karag\u00fcmr\u00fck ma\u00e7\u0131nda sakatland\u0131\u011f\u0131n\u0131 duyurdu.<\/p>\n<p>Bordo-mavili ekipten yap\u0131lan a\u00e7\u0131klamada\u00a0Nwaiwu&#8217;nun sol uyluk i\u00e7 kas grubunda kanama ve \u00f6dem tespit edildi\u011fi duyuruldu.<\/p>\n<p><strong>&#8220;KANAMA VE \u00d6DEM TESP\u0130T SAPTANDI&#8221;<\/strong><\/p>\n<p>Bordo mavili tak\u0131m\u0131n Sa\u011fl\u0131k Kurulu Ba\u015fkan\u0131 Prof. Dr. Ahmet Be\u015fir, yapt\u0131\u011f\u0131 a\u00e7\u0131klamada \u015funlar\u0131 s\u00f6yledi:<\/p>\n<p>&#8220;Trendyol S\u00fcper Lig Mehmet Ali Y\u0131lmaz Sezonu&#8217;nun 24. haftas\u0131nda oynad\u0131\u011f\u0131m\u0131z Fatih Karag\u00fcmr\u00fck ma\u00e7\u0131nda sakatlanarak oyundan \u00e7\u0131kan futbolcumuz Chibuike Nwaiwu&#8217;nun yap\u0131lan muayene ve MR g\u00f6r\u00fcnt\u00fclemesi sonucunda sol uyluk i\u00e7 kas grubunda kanama ve \u00f6dem saptanm\u0131\u015ft\u0131r. Oyuncumuzun tedavisine sa\u011fl\u0131k ekibimizce ba\u015flanm\u0131\u015ft\u0131r&#8221;<\/p>\n<p><img decoding=\"async\" src=\"https:\/\/bihavadis.com\/wp-content\/uploads\/2026\/05\/trabzonspora-nwaiwudan-kotu-haber-geldi-0-XzgmWk5e.jpg\"\/> <\/p>\n<div> <span><strong>Kaynak:<\/strong> Ensonhaber Haber Merkezi<\/span> <\/div>\n","protected":false},"excerpt":{"rendered":"<p>Trabzonspor, stoper Chibuike Nwaiwu&#8217;nun Karag\u00fcmr\u00fck ma\u00e7\u0131nda sakatland\u0131\u011f\u0131n\u0131 duyurdu. Bordo-mavili ekipten yap\u0131lan a\u00e7\u0131klamada\u00a0Nwaiwu&#8217;nun sol uyluk i\u00e7 kas grubunda kanama ve \u00f6dem tespit edildi\u011fi duyuruldu. &#8220;KANAMA VE \u00d6DEM TESP\u0130T SAPTANDI&#8221; Bordo mavili &#8230;<\/p>\n","protected":false},"author":1,"featured_media":79351,"comment_status":"open","ping_status":"open","sticky":false,"template":"","format":"standard","meta":{"footnotes":""},"categories":[14],"tags":[],"class_list":["post-79350","post","type-post","status-publish","format-standard","has-post-thumbnail","hentry","category-spor"],"_links":{"self":[{"href":"https:\/\/bihavadis.com\/index.php\/wp-json\/wp\/v2\/posts\/79350","targetHints":{"allow":["GET"]}}],"collection":[{"href":"https:\/\/bihavadis.com\/index.php\/wp-json\/wp\/v2\/posts"}],"about":[{"href":"https:\/\/bihavadis.com\/index.php\/wp-json\/wp\/v2\/types\/post"}],"author":[{"embeddable":true,"href":"https:\/\/bihavadis.com\/index.php\/wp-json\/wp\/v2\/users\/1"}],"replies":[{"embeddable":true,"href":"https:\/\/bihavadis.com\/index.php\/wp-json\/wp\/v2\/comments?post=79350"}],"version-history":[{"count":1,"href":"https:\/\/bihavadis.com\/index.php\/wp-json\/wp\/v2\/posts\/79350\/revisions"}],"predecessor-version":[{"id":79353,"href":"https:\/\/bihavadis.com\/index.php\/wp-json\/wp\/v2\/posts\/79350\/revisions\/79353"}],"wp:featuredmedia":[{"embeddable":true,"href":"https:\/\/bihavadis.com\/index.php\/wp-json\/wp\/v2\/media\/79351"}],"wp:attachment":[{"href":"https:\/\/bihavadis.com\/index.php\/wp-json\/wp\/v2\/media?parent=79350"}],"wp:term":[{"taxonomy":"category","embeddable":true,"href":"https:\/\/bihavadis.com\/index.php\/wp-json\/wp\/v2\/categories?post=79350"},{"taxonomy":"post_tag","embeddable":true,"href":"https:\/\/bihavadis.com\/index.php\/wp-json\/wp\/v2\/tags?post=79350"}],"curies":[{"name":"wp","href":"https:\/\/api.w.org\/{rel}","templated":true}]}}