{"id":79408,"date":"2026-05-02T15:42:20","date_gmt":"2026-05-02T15:42:20","guid":{"rendered":"https:\/\/bihavadis.com\/?p=79408"},"modified":"2026-05-02T15:42:20","modified_gmt":"2026-05-02T15:42:20","slug":"iranin-saldirilarinda-olen-abd-askerlerinin-sayisi-4e-cikti","status":"publish","type":"post","link":"https:\/\/bihavadis.com\/index.php\/2026\/05\/02\/iranin-saldirilarinda-olen-abd-askerlerinin-sayisi-4e-cikti\/","title":{"rendered":"\u0130ran&#8217;\u0131n sald\u0131r\u0131lar\u0131nda \u00f6len ABD askerlerinin say\u0131s\u0131 4&#8217;e \u00e7\u0131kt\u0131"},"content":{"rendered":"<p>ABD ve \u0130srail&#8217;in, \u0130ran&#8217;a y\u00f6nelik sald\u0131r\u0131lar\u0131n ilk g\u00fcn\u00fcnde dini Lider Ayetullah Ali Hamaney, Hamaney&#8217;in hayat\u0131n\u0131 kaybetti.<\/p>\n<p>Sald\u0131r\u0131larda Hamaney&#8217;in k\u0131z\u0131, damad\u0131, torunu ve gelini ve \u00fcst d\u00fczey yetkililer de \u00f6ld\u00fcr\u00fcld\u00fc.<\/p>\n<p><strong>\u0130RAN K\u00d6RFEZ \u00dcLKELERDEK\u0130 ABD \u00dcSLER\u0130N\u0130 VURDU<\/strong><\/p>\n<p>Ard\u0131ndan \u0130ran&#8217;dan kar\u015f\u0131l\u0131k gecikmedi.<\/p>\n<p>Misilleme sald\u0131r\u0131lar\u0131 ger\u00e7ekle\u015ftiren \u0130ran,\u00a0\u0130srail&#8217;in yan\u0131 s\u0131ra ABD \u00fcslerinin bulundu\u011fu Katar, Birle\u015fik Arap Emirlikleri, Bahreyn, Katar, Kuveyt ve \u00dcrd\u00fcn&#8217;\u00fc vurdu.<\/p>\n<p><strong>ABD TARAFINDA 3 ASKER \u00d6LM\u00dc\u015eT\u00dc<\/strong><\/p>\n<p>\u00c7at\u0131\u015fmalarda ABD taraf\u0131ndan da kay\u0131plar verildi.<\/p>\n<p>3 ABD askeri ya\u015fam\u0131n\u0131 yitirmi\u015fti, ancak a\u011f\u0131r yaral\u0131 bir ABD askerinin daha kurtar\u0131lamad\u0131\u011f\u0131 \u00f6\u011frenildi.<\/p>\n<p><strong>\u00d6LEN ABD&#8217;L\u0130 ASKER SAYISI 4&#8217;E Y\u00dcKSELD\u0130<\/strong><\/p>\n<p>ABD Merkez Kuvvetleri, \u0130ran&#8217;\u0131n ilk sald\u0131r\u0131lar\u0131 s\u0131ras\u0131nda ald\u0131\u011f\u0131 yaralar nedeniyle bir ABD askerinin de \u00f6ld\u00fc\u011f\u00fcn\u00fc, b\u00f6ylece \u00f6len askerlerinin say\u0131s\u0131n\u0131n 4&#8217;e y\u00fckseldi\u011fini a\u00e7\u0131klad\u0131.<\/p>\n<p>\u00d6len ABD askerleri, Amerika bayra\u011f\u0131na sar\u0131l\u0131 tabutlarla \u00fclkelerine g\u00f6t\u00fcr\u00fcld\u00fc.<\/p>\n<p><img decoding=\"async\" src=\"https:\/\/bihavadis.com\/wp-content\/uploads\/2026\/05\/iranin-saldirilarinda-olen-abd-askerlerinin-sayisi-4e-cikti-0-DXMv2OAC.jpg\"\/> <\/p>\n<div> <span><strong>Kaynak:<\/strong> Ensonhaber Haber Merkezi<\/span> <\/div>\n","protected":false},"excerpt":{"rendered":"<p>ABD ve \u0130srail&#8217;in, \u0130ran&#8217;a y\u00f6nelik sald\u0131r\u0131lar\u0131n ilk g\u00fcn\u00fcnde dini Lider Ayetullah Ali Hamaney, Hamaney&#8217;in hayat\u0131n\u0131 kaybetti. Sald\u0131r\u0131larda Hamaney&#8217;in k\u0131z\u0131, damad\u0131, torunu ve gelini ve \u00fcst d\u00fczey yetkililer de \u00f6ld\u00fcr\u00fcld\u00fc. \u0130RAN K\u00d6RFEZ \u00dcLKELERDEK\u0130 ABD &#8230;<\/p>\n","protected":false},"author":1,"featured_media":79409,"comment_status":"open","ping_status":"open","sticky":false,"template":"","format":"standard","meta":{"footnotes":""},"categories":[9,13],"tags":[272,3264,271],"class_list":["post-79408","post","type-post","status-publish","format-standard","has-post-thumbnail","hentry","category-genel","category-son-dakika","tag-abd","tag-asker","tag-iran"],"_links":{"self":[{"href":"https:\/\/bihavadis.com\/index.php\/wp-json\/wp\/v2\/posts\/79408","targetHints":{"allow":["GET"]}}],"collection":[{"href":"https:\/\/bihavadis.com\/index.php\/wp-json\/wp\/v2\/posts"}],"about":[{"href":"https:\/\/bihavadis.com\/index.php\/wp-json\/wp\/v2\/types\/post"}],"author":[{"embeddable":true,"href":"https:\/\/bihavadis.com\/index.php\/wp-json\/wp\/v2\/users\/1"}],"replies":[{"embeddable":true,"href":"https:\/\/bihavadis.com\/index.php\/wp-json\/wp\/v2\/comments?post=79408"}],"version-history":[{"count":1,"href":"https:\/\/bihavadis.com\/index.php\/wp-json\/wp\/v2\/posts\/79408\/revisions"}],"predecessor-version":[{"id":79411,"href":"https:\/\/bihavadis.com\/index.php\/wp-json\/wp\/v2\/posts\/79408\/revisions\/79411"}],"wp:featuredmedia":[{"embeddable":true,"href":"https:\/\/bihavadis.com\/index.php\/wp-json\/wp\/v2\/media\/79409"}],"wp:attachment":[{"href":"https:\/\/bihavadis.com\/index.php\/wp-json\/wp\/v2\/media?parent=79408"}],"wp:term":[{"taxonomy":"category","embeddable":true,"href":"https:\/\/bihavadis.com\/index.php\/wp-json\/wp\/v2\/categories?post=79408"},{"taxonomy":"post_tag","embeddable":true,"href":"https:\/\/bihavadis.com\/index.php\/wp-json\/wp\/v2\/tags?post=79408"}],"curies":[{"name":"wp","href":"https:\/\/api.w.org\/{rel}","templated":true}]}}