{"id":79496,"date":"2026-05-02T16:51:07","date_gmt":"2026-05-02T16:51:07","guid":{"rendered":"https:\/\/bihavadis.com\/?p=79496"},"modified":"2026-05-02T16:51:07","modified_gmt":"2026-05-02T16:51:07","slug":"baskan-mesut-ozarslan-ve-esi-filiz-ozarslan-konukevi-sakinleriyle-iftar-sofrasinda-bulustu","status":"publish","type":"post","link":"https:\/\/bihavadis.com\/index.php\/2026\/05\/02\/baskan-mesut-ozarslan-ve-esi-filiz-ozarslan-konukevi-sakinleriyle-iftar-sofrasinda-bulustu\/","title":{"rendered":"Ba\u015fkan Mesut \u00d6zarslan ve E\u015fi Filiz \u00d6zarslan, Konukevi Sakinleriyle \u0130ftar Sofras\u0131nda Bulu\u015ftu"},"content":{"rendered":"<p><b>Ke\u00e7i\u00f6ren Belediye Ba\u015fkan\u0131 Dr. Mesut \u00d6zarslan\u00a0<\/b>ve e\u015fi<b>\u00a0Filiz \u00d6zarslan<\/b>, Ke\u00e7i\u00f6ren Belediyesi Konukevi\u2019nde d\u00fczenlenen iftar program\u0131nda ya\u015f alm\u0131\u015f b\u00fcy\u00fcklerle bir araya geldi. \u0130lahilerin okunup dualar\u0131n edildi\u011fi programda oru\u00e7lar dualarla a\u00e7\u0131ld\u0131. Samimi ve s\u0131cak bir atmosferde ger\u00e7ekle\u015fen programda Ba\u015fkan Mesut \u00d6zarslan ve e\u015fi Filiz \u00d6zarslan, g\u00fcn\u00fcn an\u0131s\u0131na konukevi sakinlerine hediye takdim etti.<\/p>\n<p><b>\u201cSizler de benim anne ve babalar\u0131ms\u0131n\u0131z\u201d<\/b><\/p>\n<p><b>Ke\u00e7i\u00f6ren Belediye Ba\u015fkan\u0131 Dr. Mesut \u00d6zarslan,<\/b>\u00a0burada yapt\u0131\u011f\u0131 konu\u015fmada, konukevindeki her bir b\u00fcy\u00fc\u011f\u00fcn sa\u011fl\u0131kl\u0131 ve huzurlu ya\u015famas\u0131 i\u00e7in t\u00fcm imk\u00e2nlar\u0131n seferber edildi\u011fini belirterek \u015funlar\u0131 s\u00f6yledi: \u201c\u015eu ana kadar Ke\u00e7i\u00f6ren\u2019imizin t\u00fcm kesimiyle beraber hep birlikte iftarlar\u0131m\u0131z\u0131 co\u015fkuyla, dualarla ve hay\u0131rlarla elhamd\u00fclillah a\u00e7t\u0131k. En \u00f6nemlisi de sizlerle bug\u00fcn bu hay\u0131r lokmalar\u0131nda, bu m\u00fcbarek ramazan ay\u0131nda birlikte olman\u0131n onur ve gururunu ya\u015f\u0131yoruz. Sizler bizim i\u00e7in o kadar de\u011ferlisiniz ki, o kadar \u00f6nemlisiniz ki her zaman ba\u015f\u0131m\u0131z\u0131n tac\u0131s\u0131n\u0131z. Sizler de benim anne ve babalar\u0131ms\u0131n\u0131z. Her zaman da \u00f6yle olacaks\u0131n\u0131z. E\u015fimle birlikte bug\u00fcn geldik. Bu g\u00fczel konakta beraber iftarlar\u0131m\u0131z\u0131 a\u00e7al\u0131m, Allah\u2019a yakar\u0131\u015flar\u0131m\u0131z\u0131 bir arada tutal\u0131m. Hem de ayn\u0131 zamanda bayramlar\u0131m\u0131z\u0131 tebrik edelim, ellerinizi \u00f6pelim istedik. Bizler sizleri seviyoruz. Y\u00fcce Mevla\u2019m hepimize hay\u0131rl\u0131, uzun \u00f6m\u00fcr versin in\u015fallah. Sizin dertleriniz bizim derdimiz, sorunlar\u0131n\u0131z bizim sorunlar\u0131m\u0131zd\u0131r. Sizin sa\u011fl\u0131kl\u0131 olman\u0131z\u0131, hay\u0131rl\u0131 ve uzun \u00f6m\u00fcr vermesini Cenab-\u0131 Hakk\u2019tan her zaman niyaz ediyoruz. Ne olursa emredeceksiniz, biz yapaca\u011f\u0131z. Bizler sizin ba\u015f\u0131n\u0131za ba\u015f olmaya de\u011fil, hizmetk\u00e2r olmaya geldik. Cenab-\u0131 Hakk\u2019\u0131n hak ve hakikat yolunda sizlere hizmet i\u00e7in var\u0131z. \u0130yi ki vars\u0131n\u0131z. Sa\u011f olun, var olun k\u0131ymetli analar\u0131m, babalar\u0131m.\u201d<\/p>\n<p><b>Konukevi sakinlerinin talepleri yerine getirildi<\/b><\/p>\n<p>\u0130ftar program\u0131n\u0131n sonunda Ba\u015fkan Mesut \u00d6zarslan ve e\u015fi Filiz \u00d6zarslan ya\u015f alm\u0131\u015f b\u00fcy\u00fcklerle tek tek bayramla\u015farak onlar\u0131n talep ve isteklerini dinledi. Konukevi sakinleri de ramazan ay\u0131nda ger\u00e7ekle\u015fen bu anlaml\u0131 bulu\u015fmadan ve isteklerinin yerine getirilmesinden duyduklar\u0131 memnuniyeti ifade ederek Ke\u00e7i\u00f6ren Belediye Ba\u015fkan\u0131 Dr. Mesut \u00d6zarslan ile e\u015fi Filiz \u00d6zarslan\u2019a te\u015fekk\u00fcr etti.<\/p>\n<p>\u00a0<\/p>\n<p>\u00a0<\/p>\n<p>Kaynak: (BYZHA) Beyaz Haber Ajans\u0131<\/p>\n","protected":false},"excerpt":{"rendered":"<p>Ke\u00e7i\u00f6ren Belediye Ba\u015fkan\u0131 Dr. Mesut \u00d6zarslan\u00a0ve e\u015fi\u00a0Filiz \u00d6zarslan, Ke\u00e7i\u00f6ren Belediyesi Konukevi\u2019nde d\u00fczenlenen iftar program\u0131nda ya\u015f alm\u0131\u015f b\u00fcy\u00fcklerle bir araya geldi.<\/p>\n","protected":false},"author":1,"featured_media":79497,"comment_status":"open","ping_status":"open","sticky":false,"template":"","format":"standard","meta":{"footnotes":""},"categories":[4],"tags":[516,4614,5420,7498],"class_list":["post-79496","post","type-post","status-publish","format-standard","has-post-thumbnail","hentry","category-gundem","tag-baskan","tag-kecioren","tag-konukevi","tag-mesut-ozarslan"],"_links":{"self":[{"href":"https:\/\/bihavadis.com\/index.php\/wp-json\/wp\/v2\/posts\/79496","targetHints":{"allow":["GET"]}}],"collection":[{"href":"https:\/\/bihavadis.com\/index.php\/wp-json\/wp\/v2\/posts"}],"about":[{"href":"https:\/\/bihavadis.com\/index.php\/wp-json\/wp\/v2\/types\/post"}],"author":[{"embeddable":true,"href":"https:\/\/bihavadis.com\/index.php\/wp-json\/wp\/v2\/users\/1"}],"replies":[{"embeddable":true,"href":"https:\/\/bihavadis.com\/index.php\/wp-json\/wp\/v2\/comments?post=79496"}],"version-history":[{"count":1,"href":"https:\/\/bihavadis.com\/index.php\/wp-json\/wp\/v2\/posts\/79496\/revisions"}],"predecessor-version":[{"id":79498,"href":"https:\/\/bihavadis.com\/index.php\/wp-json\/wp\/v2\/posts\/79496\/revisions\/79498"}],"wp:featuredmedia":[{"embeddable":true,"href":"https:\/\/bihavadis.com\/index.php\/wp-json\/wp\/v2\/media\/79497"}],"wp:attachment":[{"href":"https:\/\/bihavadis.com\/index.php\/wp-json\/wp\/v2\/media?parent=79496"}],"wp:term":[{"taxonomy":"category","embeddable":true,"href":"https:\/\/bihavadis.com\/index.php\/wp-json\/wp\/v2\/categories?post=79496"},{"taxonomy":"post_tag","embeddable":true,"href":"https:\/\/bihavadis.com\/index.php\/wp-json\/wp\/v2\/tags?post=79496"}],"curies":[{"name":"wp","href":"https:\/\/api.w.org\/{rel}","templated":true}]}}