{"id":79525,"date":"2026-05-02T17:18:04","date_gmt":"2026-05-02T17:18:04","guid":{"rendered":"https:\/\/bihavadis.com\/?p=79525"},"modified":"2026-05-02T17:18:04","modified_gmt":"2026-05-02T17:18:04","slug":"baskan-altay-ramazan-boyunca-her-aksam-suriyedeki-kardeslerimizle-iftar-sofralarinda-bulusmanin-mutlulugunu-yasadik","status":"publish","type":"post","link":"https:\/\/bihavadis.com\/index.php\/2026\/05\/02\/baskan-altay-ramazan-boyunca-her-aksam-suriyedeki-kardeslerimizle-iftar-sofralarinda-bulusmanin-mutlulugunu-yasadik\/","title":{"rendered":"Ba\u015fkan Altay: &#8220;Ramazan Boyunca Her Ak\u015fam Suriye&#8217;deki Karde\u015flerimizle \u0130ftar Sofralar\u0131nda Bulu\u015fman\u0131n Mutlulu\u011funu Ya\u015fad\u0131k&#8221;"},"content":{"rendered":"<p><strong>Konya B\u00fcy\u00fck\u015fehir Belediyesi, Ramazan ay\u0131n\u0131n bereketini ve karde\u015flik ruhunu s\u0131n\u0131rlar\u0131n \u00f6tesine ta\u015f\u0131mak amac\u0131yla Suriye&#8217;nin \u015eam, Hama ve Humus \u015fehirlerinde iftar programlar\u0131 d\u00fczenledi. Konya B\u00fcy\u00fck\u015fehir Belediye Ba\u015fkan\u0131 U\u011fur \u0130brahim Altay, Cumhurba\u015fkan\u0131 Recep Tayyip Erdo\u011fan\u2019\u0131n tensipleri ile Ramazan ay\u0131 boyunca Suriye\u2019de 7\u2019den 70\u2019e her kesimden insanla ayn\u0131 sofrada bulu\u015fman\u0131n mutlulu\u011funu ya\u015fad\u0131klar\u0131n\u0131 belirterek, \u201cCamilerde, kamplarda ve \u00e7e\u015fitli salonlarda her ak\u015fam kurdu\u011fumuz iftar sofralar\u0131na 60 bin ki\u015fi kat\u0131larak, bu m\u00fcbarek g\u00fcnlerin payla\u015fma ve dayan\u0131\u015fma ruhunu en g\u00fc\u00e7l\u00fc \u015fekilde yans\u0131tt\u0131. Say\u0131n Cumhurba\u015fkan\u0131m\u0131z\u0131n liderli\u011finde, nerede bir ihtiya\u00e7 sahibi varsa oraya ula\u015fmaya gayret edece\u011fiz\u201d dedi.<\/strong><\/p>\n<hr\/>\n<p>Konya B\u00fcy\u00fck\u015fehir Belediyesi, Ramazan ay\u0131 boyunca Suriye&#8217;nin farkl\u0131 \u015fehirlerinde iftar sofralar\u0131 kurarak karde\u015flik ba\u011flar\u0131n\u0131 g\u00fc\u00e7lendirdi.<\/p>\n<p>Konya B\u00fcy\u00fck\u015fehir Belediye Ba\u015fkan\u0131 U\u011fur \u0130brahim Altay, Ramazan ay\u0131n\u0131n bereketini ve karde\u015flik ruhunu s\u0131n\u0131rlar\u0131n \u00f6tesine ta\u015f\u0131mak amac\u0131yla Cumhurba\u015fkan\u0131 Recep Tayyip Erdo\u011fan\u2019\u0131n tensipleri ile Suriye\u2019de anlaml\u0131 iftar organizasyonlar\u0131 ger\u00e7ekle\u015ftirdiklerini s\u00f6yledi.<\/p>\n<p>Konya B\u00fcy\u00fck\u015fehir Belediyesi olarak bu m\u00fcbarek ayda, Suriye\u2019nin \u015eam, Hama ve Humus \u015fehirlerinde 7\u2019den 70\u2019e her kesimden insanla ayn\u0131 sofrada bulu\u015fman\u0131n mutlulu\u011funu ya\u015fad\u0131klar\u0131n\u0131 vurgulayan Ba\u015fkan Altay, \u201cSuriye\u2019de ya\u015fanan t\u00fcm zorluklara ra\u011fmen birlik ve beraberlik ruhunun dimdik ayakta oldu\u011funu g\u00f6rd\u00fck. Ramazan boyunca kurdu\u011fumuz g\u00f6n\u00fcl sofralar\u0131; yetimler, \u00f6ks\u00fczler ve ihtiya\u00e7 sahipleri ba\u015fta olmak \u00fczere geni\u015f bir kesimi kapsad\u0131. Camilerde, kamplarda ve \u00e7e\u015fitli salonlarda kurdu\u011fumuz iftar sofralar\u0131na 60 bin ki\u015fi kat\u0131larak, bu m\u00fcbarek g\u00fcnlerin payla\u015fma ve dayan\u0131\u015fma ruhunu en g\u00fc\u00e7l\u00fc \u015fekilde yans\u0131tt\u0131\u201d diye konu\u015ftu.<\/p>\n<p>Ramazan\u2019\u0131n bereketinin payla\u015ft\u0131k\u00e7a \u00e7o\u011fald\u0131\u011f\u0131n\u0131 dile getiren Ba\u015fkan Altay, \u201cKurulan her sofrada sadece yemek de\u011fil; umut, dua ve karde\u015flik de payla\u015f\u0131ld\u0131. Ayn\u0131 ezan\u0131n yank\u0131land\u0131\u011f\u0131, ayn\u0131 duaya \u2018\u00e2min\u2019 denilen bu topraklarda karde\u015flerimizin yan\u0131nda olmak bizim i\u00e7in b\u00fcy\u00fck bir sorumluluktu. Konya olarak bu sorumlulu\u011fu yerine getirmenin sevincini duyuyoruz. Say\u0131n Cumhurba\u015fkan\u0131m\u0131z\u0131n liderli\u011finde, nerede bir ihtiya\u00e7 sahibi varsa bug\u00fcne kadar oldu\u011fu gibi bundan sonra da oraya ula\u015fmaya gayret edece\u011fiz\u201d ifadelerini kulland\u0131.<\/p>\n<p>\u00a0<\/p>\n<p>\u00a0<\/p>\n<p>Kaynak: (BYZHA) Beyaz Haber Ajans\u0131<\/p>\n","protected":false},"excerpt":{"rendered":"<p>Konya B\u00fcy\u00fck\u015fehir Belediyesi, Ramazan ay\u0131n\u0131n bereketini ve karde\u015flik ruhunu s\u0131n\u0131rlar\u0131n \u00f6tesine ta\u015f\u0131mak amac\u0131yla Suriye&#8217;nin \u015eam, Hama ve Humus \u015fehirlerinde iftar programlar\u0131 d\u00fczenledi.<\/p>\n","protected":false},"author":1,"featured_media":79526,"comment_status":"open","ping_status":"open","sticky":false,"template":"","format":"standard","meta":{"footnotes":""},"categories":[4],"tags":[675,7625,2714,8346],"class_list":["post-79525","post","type-post","status-publish","format-standard","has-post-thumbnail","hentry","category-gundem","tag-iftar","tag-konya-buyuksehir-belediye","tag-ramazan","tag-ruhunu"],"_links":{"self":[{"href":"https:\/\/bihavadis.com\/index.php\/wp-json\/wp\/v2\/posts\/79525","targetHints":{"allow":["GET"]}}],"collection":[{"href":"https:\/\/bihavadis.com\/index.php\/wp-json\/wp\/v2\/posts"}],"about":[{"href":"https:\/\/bihavadis.com\/index.php\/wp-json\/wp\/v2\/types\/post"}],"author":[{"embeddable":true,"href":"https:\/\/bihavadis.com\/index.php\/wp-json\/wp\/v2\/users\/1"}],"replies":[{"embeddable":true,"href":"https:\/\/bihavadis.com\/index.php\/wp-json\/wp\/v2\/comments?post=79525"}],"version-history":[{"count":1,"href":"https:\/\/bihavadis.com\/index.php\/wp-json\/wp\/v2\/posts\/79525\/revisions"}],"predecessor-version":[{"id":79527,"href":"https:\/\/bihavadis.com\/index.php\/wp-json\/wp\/v2\/posts\/79525\/revisions\/79527"}],"wp:featuredmedia":[{"embeddable":true,"href":"https:\/\/bihavadis.com\/index.php\/wp-json\/wp\/v2\/media\/79526"}],"wp:attachment":[{"href":"https:\/\/bihavadis.com\/index.php\/wp-json\/wp\/v2\/media?parent=79525"}],"wp:term":[{"taxonomy":"category","embeddable":true,"href":"https:\/\/bihavadis.com\/index.php\/wp-json\/wp\/v2\/categories?post=79525"},{"taxonomy":"post_tag","embeddable":true,"href":"https:\/\/bihavadis.com\/index.php\/wp-json\/wp\/v2\/tags?post=79525"}],"curies":[{"name":"wp","href":"https:\/\/api.w.org\/{rel}","templated":true}]}}